{"id":4648,"date":"2020-02-23T15:42:07","date_gmt":"2020-02-23T13:42:07","guid":{"rendered":"http:\/\/hatarok-nelkul.com\/ro\/?p=4648"},"modified":"2020-02-23T15:43:39","modified_gmt":"2020-02-23T13:43:39","slug":"noul-arhiepiscop-romano-catolic-de-alba-iulia-kovacs-gergely-a-fost-consacrat-si-inscaunat","status":"publish","type":"post","link":"https:\/\/hatarok-nelkul.com\/ro\/?p=4648","title":{"rendered":"Noul arhiepiscop romano-catolic de Alba Iulia, Kov\u00e1cs Gergely, a fost consacrat \u015fi \u00eensc\u0103unat"},"content":{"rendered":"<p><a href=\"https:\/\/hatarok-nelkul.com\/ro\/wp-content\/uploads\/2020\/02\/kovacs-gergely.jpg\"><img loading=\"lazy\" decoding=\"async\" class=\"alignleft size-thumbnail wp-image-4649\" src=\"https:\/\/hatarok-nelkul.com\/ro\/wp-content\/uploads\/2020\/02\/kovacs-gergely-150x150.jpg\" alt=\"\" width=\"150\" height=\"150\" \/><\/a>S\u00e2mb\u0103t\u0103, 22 februarie, a avut loc \u00eensc\u0103unarea lui Gergely Kov\u00e1cs, noul arhiepiscop romano-catolic de Alba Iulia, care a preluat conducerea Arhidiecezei Romano-catolice din Transilvania. La ceremonia de \u00eensc\u0103unare, care a avut loc la Catedrala Sf\u00e2ntul Mihail, au participat aproximativ cincizeci de episcopi, iar \u00een pia\u0163a din fa\u0163a bisericii s-au adunat mii de credincio\u015fi.<\/p>\n<p>Ceremonia de consacrare a noului arhiepiscop, Mons. Dr. Gergely Kov\u00e1cs, a fost condus\u0103 de cardinalul italian Gianfranco Ravasi, pre\u015fedinte al Consiliului Pontifical pentru Cultur\u0103. \u00cen cuv\u00e2ntarea sa, care a fost citit\u0103 \u015fi \u00een limba maghiar\u0103, cardinalul a subliniat c\u0103 \u00een timpul misiunii de peste dou\u0103 decenii pe care a \u00eendeplinit-o la Roma, Gergely Kov\u00e1cs a avut ocazia s\u0103 tr\u0103iasc\u0103 experien\u0163a universalit\u0103\u0163ii Bisercii \u015fi s\u0103 cunoasc\u0103 necesitatea de integrare \u00een noua cultur\u0103 digital\u0103, astfel c\u0103 odat\u0103 cu \u00eentoarcerea sa pe p\u0103m\u00e2ntul natal a adus cu el viziunea global\u0103 \u015fi acest spirit deschis. Gergely Kov\u00e1cs, care s-a n\u0103scut \u00eentr-o familie mixt\u0103, aduce cu el \u015fi destinul personal, penetrat de ecumenism, a ad\u0103ugat cardinalul.<\/p>\n<p>\u00cen cuv\u00e2ntarea sa, Gergely Kov\u00e1cs a \u00eendemnat la p\u0103strarea identit\u0103\u0163ii \u015fi a propriei culturi, \u015fi la respectul fa\u0163\u0103 de alteritate. Noul episcop a declarat c\u0103 a preluat toiagul pastoral al episcopului \u00c1ron M\u00e1rton, \u015fi mo\u015ftenirea acestuia \u00eel oblig\u0103 la respect. Gergely Kov\u00e1cs a citat din discursul episcopului \u00c1ron M\u00e1rton, care spunea: \u201etrebuie s\u0103 \u00eenv\u0103\u0163\u0103m s\u0103 ne angaj\u0103m unul pentru cel\u0103lalt \u015fi s\u0103 lucr\u0103m \u00eempreun\u0103 \u00een toate domeniile vie\u0163ii\u201d.<\/p>\n<p>Noul episcop a mai afirmat c\u0103 \u00ee\u015fi \u00eencepe misiunea \u00eentr-o arhidiecez\u0103, care grupeaz\u0103 cel mai mare num\u0103r de credincio\u015fi romano-catolici din Rom\u00e2nia, caracterizat\u0103 de diversitate. \u201eTrebuie s\u0103 mergem \u00eempreun\u0103, p\u0103str\u00e2ndu-ne propria identitate \u015fi cultur\u0103 \u015fi respect\u00e2ndu-ne alteritatea \u015fi pe ceilal\u0163i. Numai respect\u00e2ndu-ne \u015fi ajut\u00e2ndu-ne reciproc, numai \u00eempreun\u0103 putem lucra \u00een a\u015fa fel, \u00eenc\u00e2t s\u0103 fie spre bucuria lui Dumnezeu. S\u0103 mergem \u00eempreun\u0103!\u201d, a mai spus arhiepiscopul.<\/p>\n<p>Dup\u0103 Liturghie, noul arhiepiscop a fost felicitat de personalit\u0103\u0163i laice \u015fi ecleziastice.<\/p>\n<p><a href=\"https:\/\/hatarok-nelkul.com\/ro\/wp-content\/uploads\/2020\/02\/orban-1.jpg\"><img loading=\"lazy\" decoding=\"async\" class=\"alignleft size-thumbnail wp-image-4650\" src=\"https:\/\/hatarok-nelkul.com\/ro\/wp-content\/uploads\/2020\/02\/orban-1-150x150.jpg\" alt=\"\" width=\"150\" height=\"150\" \/><\/a>Mesajul de felicitare al premierului Ungariei, Viktor Orb\u00e1n, a fost citit de vicepremierul Zsolt Semj\u00e9n. Potrivit premierului, cunoscutul \u00eendemn al episcopului \u00c1ron M\u00e1rton, care spunea c\u0103 \u201ccei care stau la loc de straj\u0103, au obliga\u0163ia de a veghea cu vigilen\u0163\u0103 \u015fi de a munci \u00eenmul\u0163it\u201d, nu \u015fi-a pierdut nici ast\u0103zi valoarea. Viktor Orb\u00e1n a mai precizat c\u0103 are o semnifica\u0163ie major\u0103 faptul c\u0103 \u00een Anul solidarit\u0103\u0163ii na\u0163ionale maghiare este numit un nou arhiepiscop la conducerea Arhidiecezei de Alba Iulia.<\/p>\n<p>\u201cCei mai mul\u0163i \u00eel cunosc pe Gergely Kov\u00e1cs drept postulator al cauzei de beatificare a episcopului \u00c1ron M\u00e1rton. La Roma, noul arhiepiscop a \u00eendeplinit sarcini datorit\u0103 c\u0103rora a dob\u00e2ndit o viziune unic\u0103 asupra culturii \u015fi vie\u0163ii popoarelor din Europa Central\u0103. Suntem recunosc\u0103tori Providen\u0163ei c\u0103, de acum \u00eenainte, Gergely Kov\u00e1cs va sluji comunitatea multicultural\u0103 a catolicilor din Transilvania, folosindu-se de cunoa\u015fterea, viziunea \u015fi experien\u0163a sa cuprinz\u0103toare, lu\u00e2nd locul de straj\u0103 al episcopului martir deodinioar\u0103, \u015fi urm\u00e2nd, totodat\u0103, drumul deschis de el\u201d, se arat\u0103 \u00een mesajul lui Viktor Orb\u00e1n.<\/p>\n<p>\u00cen discursul s\u0103u, cardinalului P\u00e9ter Erd\u0151, primat al Ungariei, s-a referit la datoria unui preot, \u015fi mai ales a unui episcop, care este resim\u0163irea bucuriei, a grijilor \u015fi greut\u0103\u0163ilor, precum \u015fi a frumuse\u0163ii celor \u00eencredin\u0163a\u0163i lui, precum \u015fi reprezentarea lui Isus Cristos, deoarece El este punctul de referin\u0163\u0103 al cre\u015ftinismului. \u00cen secolul XX, abnega\u0163ia episcopului M\u00e1rton \u00c1ron, plin\u0103 de eroism \u015fi iubire, a luminat nu numai via\u0163a diecezei sale, ci a \u00eentreagii comunit\u0103\u0163i catolice.<\/p>\n<p>\u201c\u00ce\u0163i doresc din inim\u0103 ca slujirea ta, ca arhiepiscop, s\u0103 fie condus\u0103 de exemplul episcopului \u00c1ron M\u00e1rton, \u015fi s\u0103 fie sus\u0163inut de ajutorul Sfintei Fecioare Maria,al Sf\u00e2ntului Arhanghel Mihail \u015fi al tuturor sfin\u0163ilor din Europa Central\u0103 \u015fi de Est\u201d, a spus cardinalul.<\/p>\n<p><a href=\"https:\/\/hatarok-nelkul.com\/ro\/wp-content\/uploads\/2020\/02\/iohannis.jpg\"><img loading=\"lazy\" decoding=\"async\" class=\"alignleft size-thumbnail wp-image-4651\" src=\"https:\/\/hatarok-nelkul.com\/ro\/wp-content\/uploads\/2020\/02\/iohannis-150x150.jpg\" alt=\"\" width=\"150\" height=\"150\" \/><\/a>Mesajul pre\u015fedintelui Rom\u00e2niei, Klaus Iohannis, a fost citit de consilierul preziden\u0163ial Sergiu Nistor. \u00cen scrisoarea sa de felicitare, pre\u015fedintele Rom\u00e2niei a citat din mesajul Papei Francisc, transmis \u00een timpul vizitei sale de anul trecut \u00een Rom\u00e2nia, potrivit c\u0103ruia trebuie s\u0103 ne p\u0103str\u0103m identitatea \u015fi totodat\u0103 s\u0103 facem tot posibilul pentru a convie\u0163ui \u00een lini\u015fte \u015fi pace. Klaus Iohannis \u015fi-a exprimat convingerea c\u0103 arhiepiscopul Gergely Kov\u00e1cs \u00ee\u015fi va desf\u0103\u015fura activitatea \u00een acest spirit \u015fi l-a asigurat de sprijinul statului rom\u00e2n.<\/p>\n<p>IPS <em>Irineu Pop<\/em><em>, <\/em><em>arhiepiscop<\/em> al Arhiepiscopiei <em>Ortodoxe de Alba Iulia, a eviden\u0163iat unitatea <\/em>Bisericilor cre\u015ftine. \u201cSuntem urma\u015fii aceleia\u015fi familii, suntem urma\u015fii lui \u00c1dam \u015fi \u00c9va, \u015fi, totodat\u0103, suntem urma\u015fii aceluia\u015fi Hristos. Iar Hristos vrea ca noi s\u0103-L urm\u0103m \u015fi s\u0103 fim un tot \u00eentreg\u201d, a spus arhiepiscopul Irineu Pop.<\/p>\n<p>\u00cen cuv\u00e2ntarea sa, secretartul de stat pentru culte, Victor Opaschi, a mul\u0163umit lui Gy\u00f6rgy Jakubinyi &#8211; care a renun\u021bat recent la conducerea pastoral\u0103 a Arhidiecezei Romano-Catolice de Alba Iulia pentru limit\u0103 de v\u00e2rst\u0103 &#8211; pentru contribu\u0163ia sa adus\u0103 \u00een dorin\u0163a ca Rom\u00e2nia s\u0103 devin\u0103 o \u0163ar\u0103 exemplar\u0103 a p\u0103cii \u015fi cooper\u0103rii interconfesionale. Secretarul de stat l-a asigurat pe noul arhiepiscop de sprijinul Guvernului Rom\u00e2niei.<\/p>\n<p>La eveniment au participat L\u00e1szl\u00f3 K\u00f6v\u00e9r, pre\u015fedintele Parlamentului Ungariei, Mikl\u00f3s Solt\u00e9sz, secretar de stat \u00een cadrul Cancelariei Prim-Ministrului, responsabil pentru rela\u0163ia cu cultele \u015fi minorit\u0103\u0163ile, respectiv Hunor Kelemen, pre\u015fedintele UDMR.<\/p>\n<p>\u00cen cadrul primei sale conferin\u0163e de pres\u0103, noul arhiepiscop a declarat c\u0103 cea mai mare provocare pentru el este s\u0103 reu\u015feasc\u0103 s\u0103 \u00eei asculte pe al\u0163ii \u015fi s\u0103 poarte un dialog cu toat\u0103 lumea. Este o uria\u015f\u0103 responsabilitate \u015fi o mare provocare faptul c\u0103 porne\u015fte pe urmele episcopului \u00c1ron M\u00e1rton, a mai spus Gergely Kov\u00e1cs.<\/p>\n<p>Sursa: MTI:<\/p>\n<p>Traducerea: Bal\u00e1zs Magdolna<\/p>\n<p>Foto:romkat.ro\/ripost.hu\/infoziare.ro<\/p>\n","protected":false},"excerpt":{"rendered":"<p>S\u00e2mb\u0103t\u0103, 22 februarie, a avut loc \u00eensc\u0103unarea lui Gergely Kov\u00e1cs, noul arhiepiscop romano-catolic de Alba Iulia, care a preluat conducerea Arhidiecezei Romano-catolice din <\/p>\n","protected":false},"author":1,"featured_media":4649,"comment_status":"open","ping_status":"open","sticky":false,"template":"","format":"standard","meta":{"footnotes":""},"categories":[125],"tags":[2205,2203,2202,37,2204,36],"class_list":["post-4648","post","type-post","status-publish","format-standard","has-post-thumbnail","hentry","category-interne","tag-alba-iulia","tag-ceremonia-de-consacrare","tag-gergely-kovacs","tag-hatarok-nelkul-com","tag-noul-arhiepiscop","tag-stiri-fara-frontiere"],"_links":{"self":[{"href":"https:\/\/hatarok-nelkul.com\/ro\/index.php?rest_route=\/wp\/v2\/posts\/4648","targetHints":{"allow":["GET"]}}],"collection":[{"href":"https:\/\/hatarok-nelkul.com\/ro\/index.php?rest_route=\/wp\/v2\/posts"}],"about":[{"href":"https:\/\/hatarok-nelkul.com\/ro\/index.php?rest_route=\/wp\/v2\/types\/post"}],"author":[{"embeddable":true,"href":"https:\/\/hatarok-nelkul.com\/ro\/index.php?rest_route=\/wp\/v2\/users\/1"}],"replies":[{"embeddable":true,"href":"https:\/\/hatarok-nelkul.com\/ro\/index.php?rest_route=%2Fwp%2Fv2%2Fcomments&post=4648"}],"version-history":[{"count":1,"href":"https:\/\/hatarok-nelkul.com\/ro\/index.php?rest_route=\/wp\/v2\/posts\/4648\/revisions"}],"predecessor-version":[{"id":4652,"href":"https:\/\/hatarok-nelkul.com\/ro\/index.php?rest_route=\/wp\/v2\/posts\/4648\/revisions\/4652"}],"wp:featuredmedia":[{"embeddable":true,"href":"https:\/\/hatarok-nelkul.com\/ro\/index.php?rest_route=\/wp\/v2\/media\/4649"}],"wp:attachment":[{"href":"https:\/\/hatarok-nelkul.com\/ro\/index.php?rest_route=%2Fwp%2Fv2%2Fmedia&parent=4648"}],"wp:term":[{"taxonomy":"category","embeddable":true,"href":"https:\/\/hatarok-nelkul.com\/ro\/index.php?rest_route=%2Fwp%2Fv2%2Fcategories&post=4648"},{"taxonomy":"post_tag","embeddable":true,"href":"https:\/\/hatarok-nelkul.com\/ro\/index.php?rest_route=%2Fwp%2Fv2%2Ftags&post=4648"}],"curies":[{"name":"wp","href":"https:\/\/api.w.org\/{rel}","templated":true}]}}