{"id":4686,"date":"2020-03-13T09:11:35","date_gmt":"2020-03-13T07:11:35","guid":{"rendered":"http:\/\/hatarok-nelkul.com\/ro\/?p=4686"},"modified":"2020-04-06T08:36:49","modified_gmt":"2020-04-06T05:36:49","slug":"un-politician-maghiar-a-contestat-la-bucuresti-inregistrarea-partidului-pentru-odorheiu-secuiesc","status":"publish","type":"post","link":"https:\/\/hatarok-nelkul.com\/ro\/?p=4686","title":{"rendered":"Un politician maghiar a contestat la Bucure\u015fti \u00eenregistrarea Partidului pentru Odorheiu Secuiesc"},"content":{"rendered":"<p><strong>Primarul ora\u015fului Odorheiu Secuiesc, \u00c1rp\u00e1d G\u00e1lfi, a anun\u0163at \u00een zilele trecute, pe un portal de socializare, c\u0103 unul din politicienii Partidului Civic Maghiar (PCM) a acuzat Partidul pentru OdorheiuSecuiesc, aflat \u00eenc\u0103 \u00een procesul de \u00eenfiin\u0163are, de separatism \u015fi de sus\u0163inerea autonomiei pe criteriu etnic, \u00eempiedic\u00e2nd astfel \u00eenregistrarea acestuia la Bucure\u015fti. PCM a infirmat c\u0103 persoana care a \u00eencercat s\u0103 \u00eempiedice \u00eenregistrarea partidului ar fi un membru al partidului \u015fi s-a delimitat de aceast\u0103 ac\u0163iune.<\/strong><br \/>\nDup\u0103 ce a fost exclus, anul trecut, din Partidul Civic Maghiar (PCM), \u00c1rp\u00e1d G\u00e1lfi a decis s\u0103 candideze ca independent la urm\u0103toarele alegeri locale pentru func\u0163ia de primar. El a propus \u00eenregistrarea noului partid pentru ca sus\u0163in\u0103torii s\u0103i s\u0103 ob\u0163in\u0103 locuri \u00een Consiliul Local.<\/p>\n<p>\u00cen opinia sa, \u00eenregistrarea partidului la tribunal a fost atacat\u0103 de Attila Koszta, membru al PCM, pe motiv c\u0103 politica viitorului partid este de natur\u0103 separatist \u015fi proautonomie.<\/p>\n<p>\u201cAcest lucru a fost f\u0103cut de politicianul PCM, Attila Koszta, care a fost c\u00e2ndva directorul RDE Harghita (firma care administreaz\u0103 depozitul de de\u015feuri din Odorheiu Secuiesc), cu care nu m-am putut \u00een\u0163elege \u00een sensul c\u0103 interesul ora\u015fului nostru impune ca de\u015feurile s\u0103 nu fie aduse aici din toate col\u0163urile \u0163\u0103rii de dragul unui extraprofit, deoarece scurgerile de de\u015feuri ajung apoi \u00een r\u00e2urile noastre\u201c, a scris \u00c1rp\u00e1d G\u00e1lfi.<\/p>\n<p>Primarul crede c\u0103 politicianul local care a contestat \u00eenregistrarea partidului este unul din executan\u0163ii \u201cordinelor\u201d lui Jen\u0151Sz\u00e1sz, fost primar al ora\u015fului Odorheiu Secuiesc. G\u00e1lfi sus\u0163ine c\u0103 Attila Koszta a intrat \u00een PCM, \u00eempreun\u0103 cu rudele \u015fi prietenii s\u0103i pentru ca cei care vor s\u0103 \u00eel \u00eendep\u0103rteze din partid s\u0103 fie \u00een majoritate.<\/p>\n<p>Attila Koszta a declarat portalului Sz\u00e9kelyhon.ro c\u0103 a anul trecut a ie\u015fit din PCM, iar pentru formularea solicit\u0103rii sale privind \u00eempiedicarea \u00eenregistr\u0103ii noului partid a apelat la un avocat \u015fi nu \u015ftie la care articol de lege se refer\u0103 avocatul\u00a0 \u00een cererea sa.<\/p>\n<p>Attila Koszta consider\u0103 c\u0103 apari\u0163ia unui nou partid local ar provoca divizarea maghiarilor din Odorheiu Secuiesc \u015fi ar induce \u00een eroare la alegerile locale, iar nu este nevoie de a\u015fa ceva.<\/p>\n<p>\u00cen politica local\u0103 din Odorheiu Secuiesc s-au creat tensiuni,anul trecut \u00een iulie, c\u00e2nd \u00c1rp\u00e1d G\u00e1lfi, care a fost ales primar pe lista comun\u0103 a PCM \u015fi al Partidului Popular Maghiar din Transilvania (PPMT), a fost acuzat de PCM\u00a0 de conducere autoritar\u0103 \u015fi \u00eencele din urm\u0103 a fost destituit din func\u0163ia sa politic\u0103 \u015fi exclus din partid.<\/p>\n<p>G\u00e1lfi consider c\u0103 a provocat furia liderilor PCM prinrezilierea contractelor de servicii pe care le-a considerat dezavantajoase pentru ora\u015f, \u015fi pe care, la vremea respectiv\u0103, le-a \u00eencheiat, ca primar al ora\u015fului Odorheiu Secuiesc, Jen\u0151Sz\u00e1sz, actualmente pre\u015fedintele Institutului Na\u0163ional de Cercet\u0103ri Strategice de la Budapesta. Jen\u0151Sz\u00e1sz a fost primar al municipiului Odorheiu Secuiesc \u00een perioada 1996-2008, iar din 2003 p\u00e2n\u0103 \u00een 2012 a fost pre\u015fedintele PCM.<\/p>\n<p>La mijlocul lunii ianuarie, PPMT \u015fi PCM au \u00eenfiin\u0163at Alian\u0163a Maghiar\u0103 din Transilvania (AMT) \u015fi au decis c\u0103 cele dou\u0103 partide vor participa la alegerile locale, care vor avea loc \u00een aceast\u0103 var\u0103, sub forma acestei alian\u0163e. Acordul prevedea, de asemenea, c\u0103 nu poate candida din partea AMT nicio persoan\u0103 care a fost exclus\u0103 din r\u00e2ndurile unuia dintre partide.<\/p>\n<p>\u00c1rp\u00e1d G\u00e1lfi \u015fi sus\u0163in\u0103torii s\u0103i au \u00eenregistrat, \u00een decembrie anul trecut, Mi\u015fcarea cu M\u00e2inile Curate pentru Odorheiu Secuiesc, iar la sf\u00e2r\u015fitul lunii ianuarie au solicitat \u00een registrarea Partidului pentru OdorheiuSecuiesc la Tribunalul Bucure\u015fti, singura autoritate competent\u0103 din Rom\u00e2nia.<\/p>\n<p>Potrivit fostului primar al ora\u015fului Odorheiu Secuiesc, Jen\u0151 Sz\u00e1sz, la baza problemelor ap\u0103rute \u00een cursul \u00eenregistr\u0103rii Partidului pentru OdorheiuSecuiesc, se afl\u0103 unele chestiuni prin care noua conducere a ora\u015fului nu a ac\u0163ionat \u00een interesul maghiarilor.<\/p>\n<p>Sz\u00e1sza amintit c\u0103 \u00eentre 2006 \u015fi 2008, \u00een timpul mandatului s\u0103u, ora\u015ful transilv\u0103nean a \u00eencheiat contracte cu dou\u0103 companii publice din Ungaria, pentru a asigura furnizare de \u00eenc\u0103lzire, alimentare cu ap\u0103, iar mait\u00e2rziu a \u00eencheiat un alt contract cu o companie ungar\u0103 pentru gestionarea de\u015feurilor, care ulterior a ajuns \u00een proprietatea statului maghiar.<\/p>\n<p>Jen\u0151 Sz\u00e1sz a subliniat c\u0103 Levente Zolt\u00e1n Bunta, care l-a urmat \u00een fotoliul de primar, a continuat aceste cooper\u0103ri, \u00eens\u0103 actualul primar, \u00c1rp\u00e1d G\u00e1lfi, le-a anulat.<\/p>\n<p>Cu privire la decizia acestuia din urm\u0103, Sz\u00e1sz a spus c\u0103 \u201cacest demers a fost unul de ne \u00een\u0163eles, f\u0103r\u0103 motive ra\u0163ionale\u201d, iar \u00een cele din urm\u0103, \u201crela\u0163iile dintre maghiari s-au deteriorat\u201d.<\/p>\n<p>Dincolo de disensiunile dintre liderii maghiari, este un semn de s\u0103n\u0103tate politic\u0103 faptul c\u0103 maghiarii din Rom\u00e2nia sunt reprezenta\u021bi de mai multe forma\u021biuni, de mai mul\u021bi lideri, care au \u0219i promoveaz\u0103 mai multe idei, \u021bintind cu to\u021bii binele cet\u0103\u021benilor.<\/p>\n<p>Sursa: MTI<br \/>\nFoto:kronika.online.ro<\/p>\n","protected":false},"excerpt":{"rendered":"<p>Primarul ora\u015fului Odorheiu Secuiesc, \u00c1rp\u00e1d G\u00e1lfi, a anun\u0163at \u00een zilele trecute, pe un portal de socializare, c\u0103 unul din politicienii Partidului Civic Maghiar <\/p>\n","protected":false},"author":1,"featured_media":4687,"comment_status":"open","ping_status":"open","sticky":false,"template":"","format":"standard","meta":{"footnotes":""},"categories":[125],"tags":[2245,37,2248,2247,2249,615,36],"class_list":["post-4686","post","type-post","status-publish","format-standard","has-post-thumbnail","hentry","category-interne","tag-attila-koszta","tag-hatarok-nelkul-com","tag-inregistrarea","tag-la-tribunal","tag-partidul-pentru-odorheiu-secuiesc","tag-pcm","tag-stiri-fara-frontiere"],"_links":{"self":[{"href":"https:\/\/hatarok-nelkul.com\/ro\/index.php?rest_route=\/wp\/v2\/posts\/4686","targetHints":{"allow":["GET"]}}],"collection":[{"href":"https:\/\/hatarok-nelkul.com\/ro\/index.php?rest_route=\/wp\/v2\/posts"}],"about":[{"href":"https:\/\/hatarok-nelkul.com\/ro\/index.php?rest_route=\/wp\/v2\/types\/post"}],"author":[{"embeddable":true,"href":"https:\/\/hatarok-nelkul.com\/ro\/index.php?rest_route=\/wp\/v2\/users\/1"}],"replies":[{"embeddable":true,"href":"https:\/\/hatarok-nelkul.com\/ro\/index.php?rest_route=%2Fwp%2Fv2%2Fcomments&post=4686"}],"version-history":[{"count":4,"href":"https:\/\/hatarok-nelkul.com\/ro\/index.php?rest_route=\/wp\/v2\/posts\/4686\/revisions"}],"predecessor-version":[{"id":4758,"href":"https:\/\/hatarok-nelkul.com\/ro\/index.php?rest_route=\/wp\/v2\/posts\/4686\/revisions\/4758"}],"wp:featuredmedia":[{"embeddable":true,"href":"https:\/\/hatarok-nelkul.com\/ro\/index.php?rest_route=\/wp\/v2\/media\/4687"}],"wp:attachment":[{"href":"https:\/\/hatarok-nelkul.com\/ro\/index.php?rest_route=%2Fwp%2Fv2%2Fmedia&parent=4686"}],"wp:term":[{"taxonomy":"category","embeddable":true,"href":"https:\/\/hatarok-nelkul.com\/ro\/index.php?rest_route=%2Fwp%2Fv2%2Fcategories&post=4686"},{"taxonomy":"post_tag","embeddable":true,"href":"https:\/\/hatarok-nelkul.com\/ro\/index.php?rest_route=%2Fwp%2Fv2%2Ftags&post=4686"}],"curies":[{"name":"wp","href":"https:\/\/api.w.org\/{rel}","templated":true}]}}