{"id":4904,"date":"2020-06-17T20:18:43","date_gmt":"2020-06-17T17:18:43","guid":{"rendered":"http:\/\/hatarok-nelkul.com\/ro\/?p=4904"},"modified":"2020-06-17T20:19:54","modified_gmt":"2020-06-17T17:19:54","slug":"activitatea-literara-a-lui-karoly-kos-este-o-confirmare-fara-echivoc-a-sustinerii-convietuirii-romano-maghiare-interviu-cu-avocatul-elod-kincses","status":"publish","type":"post","link":"https:\/\/hatarok-nelkul.com\/ro\/?p=4904","title":{"rendered":"\u201eActivitatea literar\u0103 a lui K\u00e1roly K\u00f3s este o confirmare, f\u0103r\u0103 echivoc, a sus\u021binerii convie\u021buirii romano-maghiare\u201d &#8211; Interviu cu avocatul El\u0151d Kincses"},"content":{"rendered":"<p>Referitor la pl\u00e2ngerea depus\u0103 la Tribunalul Bucure\u0219ti \u00eempotriva sociologului Dan Dungaciu, care este \u0219i pre\u0219edintele Institutului de \u0218tiin\u021be Politice \u0219i Rela\u021bii Interna\u021bionale al Academiei Rom\u00e2ne, de c\u0103tre Consiliul Na\u021bional Maghiar din Transilvania (CNMT), avocatul El\u0151d Kincses a declarat portalului nostru urm\u0103toarele:<\/p>\n<p>\u201eProcesul intentat \u00eempotriva lui Dan Dungaciu nu este un proces penal, ci unul civil \u0219i nu va influen\u021ba rela\u021biile maghiaro-rom\u00e2ne. Este, de fapt, o atragere a aten\u021biei asupra faptului c\u0103 nu se poate spune orice f\u0103r\u0103 s\u0103 nu fi pedepsit, respectiv de a sus\u021bine c\u0103 maghiarii sunt ca un virus care distruge Rom\u00e2nia. Este inacceptabil \u0219i nu se poate l\u0103sa a\u0219a. Sociologul se refer\u0103 la pachetul de dezvoltare economic\u0103 \u00een Transilvania, care a fost denumit dup\u0103 numele lui K\u00e1roly K\u00f3s. Dan Dungaciu l-a calomniat pe K\u00e1roly K\u00f3s pe pagini \u00eentregi, pe care l-a prezentat horthyst-fascist inr\u0103it, care tocmai de aceea c\u0103 a fost a\u0219a o figur\u0103 sumbr\u0103 a fost distins de Horthy cu cea mai \u00eenalt\u0103 decora\u021bie. \u00cens\u0103 distinc\u021bia \u201dCrucea Ap\u0103r\u0103rii Na\u021bionale\u201d, care este prezentat\u0103 de Dungaciu ca fiind cea mai \u00eenalt\u0103 distinc\u021bie maghiar\u0103, \u00een clasamentul distinc\u021biilor maghiare se afl\u0103 pe pozi\u021bia 93, iar ziarul clujean Keleti \u00dajs\u00e1g (Ziar Estic) a informat \u00een 1942 c\u0103 au fost distinse cu aceast\u0103 decora\u021bie 1200 de persoane din Cluj-Napoca \u0219i din jude\u021bul Cluj. A\u0219adar, cu asemenea argumente mincinoase a venit Dan Dungaciu. Pe acel K\u00e1roly K\u00f3s l-a prezentat drept fascist \u00eenr\u0103it, care a vorbit pentru prima oar\u0103 \u00een pamfletul Ki\u00e1lt\u00f3 Sz\u00f3 (Glasul care strig\u0103), pe care l-a publicat \u00eempreun\u0103 cu \u00c1rp\u00e1d P\u00e1l \u0219i Istv\u00e1n Z\u00e1goni, pentru a atrage aten\u021bia maghiarilor din Transilvania \u0219i a celor care apar\u021bin Rom\u00e2niei c\u0103 \u00een loc de \u00eentristare trebuie s\u0103 munceasc\u0103 \u0219i s\u0103 participe la via\u021ba din Rom\u00e2nia, c\u0103 trebuie s\u0103 accepte c\u0103 vechea Ungarie Mare nu mai exist\u0103. S\u0103 \u00eel prezin\u021bi pe K\u00e1roly K\u00f3s ca un fascist inveterat &#8211; este o exagerare. Ca s\u0103 numai vorbim despre faptul c\u0103 \u0219i activitatea literar\u0103 a lui K\u00e1roly K\u00f3s este o confirmare, f\u0103r\u0103 echivoc, a sus\u021binerii convie\u021buirii romano-maghiare, romanul \u201eNeamul Varju\u201d are multe personaje de na\u021bionalitate rom\u00e2n\u0103, deoarece, pe l\u00e2ng\u0103 maghiari, aici tr\u0103iesc \u0219i sa\u0219ii \u0219i rom\u00e2nii. A\u0219a c\u0103 Dungaciu a scris un text foarte sumbru. Sunt foarte curios cum va pleda pentru a infirma faptul c\u0103 cea mai \u00eenalt\u0103 distinc\u021bie se afl\u0103 de fapt pe pozi\u021bia 93, precum \u0219i afirma\u021bia, potrivit c\u0103reia dac\u0103 cineva a fost distins de Horthy \u00eenseamn\u0103 c\u0103 este horthyst-fascist. \u0218i atunci, pe acest ra\u021bionament, despre K\u00e1roly K\u00f3s ar fi putut s\u0103 mai spun\u0103 c\u0103 este ceau\u0219ist-comunist, deoarece cu prilejul \u00eemplinirii v\u00e2rstei de 70 de ani a fost decorat de Ceau\u0219escu cu Ordinul de Merit 23 August. Ce s\u0103 v\u0103 mai spun, este totul deformat despre K\u00e1roly K\u00f3s. Referitor la programul de dezvoltare economic\u0103, de acest program beneficiaz\u0103 \u0219i rom\u00e2nii, ba mai mult \u0219i visteria statului rom\u00e2n, dac\u0103 Transilvania produce profit, impozitul pe profit ajunge \u00een visterie.\u00a0 Este o chestiune complex\u0103. \u00cen Uniunea European\u0103 nu mai exist\u0103 grani\u021be, banii, oamenii circul\u0103 liber. \u00cempotriva maghiarilor \u0219i Ungariei unii rom\u00e2ni, care se numesc strategi, duc o campanie, iar acum s-a aliat \u0219i pre\u0219edintele Iohannis, \u0219i nu numai, ci \u0219i partidele liberale \u0219i social-democrate s-au aliat acestui cor antimaghiar al c\u0103rui dirijor este, din p\u0103cate, pre\u0219edintele Iohannis\u201d.<\/p>\n<p>La \u00eentrebarea, dac\u0103 afirma\u021biile lui Dan Dungaciu nu au o oarecare tent\u0103 electoral\u0103, avocatul El\u0151d Kincses a spus:<\/p>\n<p>\u201eDungaciu nu are nevoie de campanie, el asta face de ani de zile. \u00cens\u0103, la prima sa campanie electoral\u0103, Iohannis a spus tocmai contrariul, \u0219i anume c\u0103 este un cretinism s\u0103 afirme cineva c\u0103 se vrea ruperea Ardealului de Rom\u00e2nia. A\u0219a c\u0103 \u00een campanie Iohannis a \u0219tiut s\u0103 spun\u0103 \u0219i contrariul, iar acum este foarte \u00eent\u0103r\u00e2tat. \u00cenvr\u0103jbirea rom\u00e2no-maghiar\u0103 este d\u0103un\u0103toare, at\u00e2t pentru maghiari, c\u00e2t \u0219i pentru rom\u00e2ni\u201d.<\/p>\n<p>Interviu realizat de: Bal\u00e1zs Magdolna<\/p>\n<p>Foto:e-nepujsag.ro<\/p>\n","protected":false},"excerpt":{"rendered":"<p>Referitor la pl\u00e2ngerea depus\u0103 la Tribunalul Bucure\u0219ti \u00eempotriva sociologului Dan Dungaciu, care este \u0219i pre\u0219edintele Institutului de \u0218tiin\u021be Politice \u0219i Rela\u021bii Interna\u021bionale al <\/p>\n","protected":false},"author":1,"featured_media":4905,"comment_status":"open","ping_status":"open","sticky":false,"template":"","format":"standard","meta":{"footnotes":""},"categories":[9],"tags":[2410,2411,2409,2412,2413,36],"class_list":["post-4904","post","type-post","status-publish","format-standard","has-post-thumbnail","hentry","category-interviuri","tag-avocat","tag-despre-procesul-intentat","tag-elod-kincses","tag-impotriva-dan-dungaciu","tag-sociolog","tag-stiri-fara-frontiere"],"_links":{"self":[{"href":"https:\/\/hatarok-nelkul.com\/ro\/index.php?rest_route=\/wp\/v2\/posts\/4904","targetHints":{"allow":["GET"]}}],"collection":[{"href":"https:\/\/hatarok-nelkul.com\/ro\/index.php?rest_route=\/wp\/v2\/posts"}],"about":[{"href":"https:\/\/hatarok-nelkul.com\/ro\/index.php?rest_route=\/wp\/v2\/types\/post"}],"author":[{"embeddable":true,"href":"https:\/\/hatarok-nelkul.com\/ro\/index.php?rest_route=\/wp\/v2\/users\/1"}],"replies":[{"embeddable":true,"href":"https:\/\/hatarok-nelkul.com\/ro\/index.php?rest_route=%2Fwp%2Fv2%2Fcomments&post=4904"}],"version-history":[{"count":1,"href":"https:\/\/hatarok-nelkul.com\/ro\/index.php?rest_route=\/wp\/v2\/posts\/4904\/revisions"}],"predecessor-version":[{"id":4906,"href":"https:\/\/hatarok-nelkul.com\/ro\/index.php?rest_route=\/wp\/v2\/posts\/4904\/revisions\/4906"}],"wp:featuredmedia":[{"embeddable":true,"href":"https:\/\/hatarok-nelkul.com\/ro\/index.php?rest_route=\/wp\/v2\/media\/4905"}],"wp:attachment":[{"href":"https:\/\/hatarok-nelkul.com\/ro\/index.php?rest_route=%2Fwp%2Fv2%2Fmedia&parent=4904"}],"wp:term":[{"taxonomy":"category","embeddable":true,"href":"https:\/\/hatarok-nelkul.com\/ro\/index.php?rest_route=%2Fwp%2Fv2%2Fcategories&post=4904"},{"taxonomy":"post_tag","embeddable":true,"href":"https:\/\/hatarok-nelkul.com\/ro\/index.php?rest_route=%2Fwp%2Fv2%2Ftags&post=4904"}],"curies":[{"name":"wp","href":"https:\/\/api.w.org\/{rel}","templated":true}]}}