{"id":5121,"date":"2020-09-30T22:20:41","date_gmt":"2020-09-30T19:20:41","guid":{"rendered":"http:\/\/hatarok-nelkul.com\/ro\/?p=5121"},"modified":"2020-10-07T15:38:16","modified_gmt":"2020-10-07T12:38:16","slug":"ceva-castigat-ceva-pierdut-democratia-consolidata-concluziile-extrem-de-interesante-ale-alegerilor-locale-si-rezultatelor-candidatilor-maghiari","status":"publish","type":"post","link":"https:\/\/hatarok-nelkul.com\/ro\/?p=5121","title":{"rendered":"Ceva c\u00e2\u0219tigat, ceva pierdut, democra\u021bia consolidat\u0103 &#8211; Concluziile extrem de interesante ale alegerilor locale \u0219i rezultatelor candida\u021bilor maghiari"},"content":{"rendered":"<p>Alegerile locale din toamna lui 2020 aduc un aer de nou, \u00een peisajul tuturor provinciilor Rom\u00e2niei, fie c\u0103 vorbim de zonele locuite de maghiari, fie de cele locuite de rom\u00e2ni.<\/p>\n<p>Ca medie, forma\u021biunile maghiare par s\u0103 \u00ee\u0219i fi p\u0103strat num\u0103rul de fotolii pe care le-au de\u021binut \u0219i \u00eenainte.<\/p>\n<p>Un pas imporatant, pentru care au fost primite felicit\u0103ri \u0219i din Ungaria, a fost c\u00e2\u0219tigarea Prim\u0103riei din T\u00e2rgu Mure\u0219 de c\u0103tre So\u00f3s Zoltan, candidatul independent sus\u021binut de toate structurile maghiare.<\/p>\n<p>\u00cen acela\u0219i timp, un post de \u0219ef de consiliu jude\u021bean \u2013 cel din jude\u021bul Bihor, de\u021binut \u00eenainte de P\u00e1sztor S\u00e1ndor, a fost pierdut, \u00een fa\u021ba altor partide rom\u00e2ne\u0219ti. Acum, acesta este ocupat de fostul primar al re\u0219edin\u021bei de jude\u021b.<\/p>\n<p><strong>Discurs de noutate<\/strong><\/p>\n<p>Dup\u0103 c\u00e2\u0219tigarea cursei electorale, So\u00f3s Zolt\u00e1n, descris \u00een presa rom\u00e2neasc\u0103 drept o persoan\u0103 inovatoare, a transmis un mesaj deosebit: se va angaja \u00een dep\u0103\u0219irea barierelor etnice. Pe l\u00e2ng\u0103 limba maghiar\u0103, Soos Zoltan a postat mesajul s\u0103u \u0219i \u00een limba rom\u00e2n\u0103: \u201e<em>Am dep\u0103\u0219it prejudec\u0103\u021bile istorice si ne-am vindecat r\u0103nile trecutului.<\/em><em>Ast\u0103zi, T\u00e2rgu Mure\u0219ul a l\u0103sat \u00een urm\u0103 frica, si a demonstrat c\u0103 nu se mai teme de instigare \u0219i de dezbinare. Ast\u0103zi a\u021bi votat pentru schimbare!<\/em>\u201d a lansat ca mesaj, candidatul devenit nou primar.<\/p>\n<p><strong>Democra\u021bia \u2013 valoare a maghiarilor din Rom\u00e2nia<\/strong><\/p>\n<p>Un alt caz care prezint\u0103 un interes aparte \u00eel reprezint\u0103 cel al primarului din municipiul Odorheiu Secuiesc \u2013 G\u00e1lfi \u00c1rp\u00e1d, care a reu\u0219it s\u0103 \u00ee\u0219i p\u0103streze simpatia concet\u0103\u021benilor s\u0103i din ora\u0219 \u0219i, totodat\u0103, un nou mandat de primar.<\/p>\n<p>Dup\u0103 ce a fost exclus din partidul care \u00eel sus\u021binuse la alegerile anterioare, Partidul Civic Maghiar, pentru alegerea de a reclama la Direc\u021bia Na\u021bional\u0103 Anticorup\u021bie (DNA) cazuri de abuzuri pe care le-a constatat \u00een institu\u021bia pe care o conduce, interesele politice maghiare i-au aplicat lui G\u00e1lfi \u00c1rp\u00e1d \u0219tampila de \u201etr\u0103d\u0103tor\u201d \u0219i l-au ostracizat, str\u0103duindu-se s\u0103-l descrie ca pe un paria.<\/p>\n<p>Se pare \u00eens\u0103 c\u0103 nici situa\u021bia grea, nici atacurile fo\u0219tilor s\u0103i colegi, politicieni maghiari, nici ofensiva presei maghiare, din Rom\u00e2nia \u0219i Ungaria, nu au reu\u0219it s\u0103-l r\u0103stoarne pe Galfi Arpad din preferin\u021bele electoratului s\u0103u. Iar faptul c\u0103 a ales s\u0103 candideze pe listele unei forma\u021biuni multietnice a declan\u0219at \u0219arje ultrana\u021bionaliste furibunde \u00eempotriva sa. Dar, rezultatele alegerilor par s\u0103 sus\u021bin\u0103 ideea c\u0103 maghiarii din Odorheiu Secuiesc au apreciat c\u0103 \u201etr\u0103darea\u201d nu a fost dec\u00e2t asumarea unui mare risc, pentru a \u00eencerca s\u0103 cure\u021be \u0219i s\u0103 fac\u0103 dreptate.<\/p>\n<p><strong>Uni\u021bi \u00een spirit<\/strong><\/p>\n<p><strong>\u00a0<\/strong>Dorin\u021ba de a-\u0219i exprima voin\u021ba \u0219i sus\u021binerea valorilor pe care le consider\u0103 ei, personal, ca bune, \u0219i nu cele ce li se descriu de c\u0103tre al\u021bii ca fiind cele pozitive, par c\u0103 i-au unit pe maghiari \u0219i rom\u00e2ni, \u00een aceast\u0103 toamn\u0103.<\/p>\n<p>Autor: Becze D\u00e9nes<\/p>\n<p>Foto:kronikaonline.ro<\/p>\n","protected":false},"excerpt":{"rendered":"<p>Alegerile locale din toamna lui 2020 aduc un aer de nou, \u00een peisajul tuturor provinciilor Rom\u00e2niei, fie c\u0103 vorbim de zonele locuite de <\/p>\n","protected":false},"author":1,"featured_media":5122,"comment_status":"open","ping_status":"open","sticky":false,"template":"","format":"standard","meta":{"footnotes":""},"categories":[57],"tags":[2508,2583,2581,2580,2582,36],"class_list":["post-5121","post","type-post","status-publish","format-standard","has-post-thumbnail","hentry","category-politica","tag-alegeri-locale","tag-candidat-independent","tag-castigarea-primariei","tag-rezultatul-candidatilor-maghiari","tag-soos-zoltan","tag-stiri-fara-frontiere"],"_links":{"self":[{"href":"https:\/\/hatarok-nelkul.com\/ro\/index.php?rest_route=\/wp\/v2\/posts\/5121","targetHints":{"allow":["GET"]}}],"collection":[{"href":"https:\/\/hatarok-nelkul.com\/ro\/index.php?rest_route=\/wp\/v2\/posts"}],"about":[{"href":"https:\/\/hatarok-nelkul.com\/ro\/index.php?rest_route=\/wp\/v2\/types\/post"}],"author":[{"embeddable":true,"href":"https:\/\/hatarok-nelkul.com\/ro\/index.php?rest_route=\/wp\/v2\/users\/1"}],"replies":[{"embeddable":true,"href":"https:\/\/hatarok-nelkul.com\/ro\/index.php?rest_route=%2Fwp%2Fv2%2Fcomments&post=5121"}],"version-history":[{"count":4,"href":"https:\/\/hatarok-nelkul.com\/ro\/index.php?rest_route=\/wp\/v2\/posts\/5121\/revisions"}],"predecessor-version":[{"id":5131,"href":"https:\/\/hatarok-nelkul.com\/ro\/index.php?rest_route=\/wp\/v2\/posts\/5121\/revisions\/5131"}],"wp:featuredmedia":[{"embeddable":true,"href":"https:\/\/hatarok-nelkul.com\/ro\/index.php?rest_route=\/wp\/v2\/media\/5122"}],"wp:attachment":[{"href":"https:\/\/hatarok-nelkul.com\/ro\/index.php?rest_route=%2Fwp%2Fv2%2Fmedia&parent=5121"}],"wp:term":[{"taxonomy":"category","embeddable":true,"href":"https:\/\/hatarok-nelkul.com\/ro\/index.php?rest_route=%2Fwp%2Fv2%2Fcategories&post=5121"},{"taxonomy":"post_tag","embeddable":true,"href":"https:\/\/hatarok-nelkul.com\/ro\/index.php?rest_route=%2Fwp%2Fv2%2Ftags&post=5121"}],"curies":[{"name":"wp","href":"https:\/\/api.w.org\/{rel}","templated":true}]}}