{"id":5135,"date":"2020-10-07T22:48:08","date_gmt":"2020-10-07T19:48:08","guid":{"rendered":"http:\/\/hatarok-nelkul.com\/ro\/?p=5135"},"modified":"2020-10-12T14:09:31","modified_gmt":"2020-10-12T11:09:31","slug":"judecatorul-zsolt-andras-varga-a-fost-desemnat-de-seful-statului-in-functia-de-presedinte-al-curtii-supreme-de-justitie-a-ungariei","status":"publish","type":"post","link":"https:\/\/hatarok-nelkul.com\/ro\/?p=5135","title":{"rendered":"Judec\u0103torul Zsolt Andr\u00e1s Varga a fost desemnat de \u0219eful statului \u00een func\u021bia de pre\u0219edinte al Cur\u021bii Supreme de Justi\u021bie a Ungariei"},"content":{"rendered":"<p>Judec\u0103torul Zsolt Andr\u00e1s Varga a fost desemnat de pre\u0219edintele J\u00e1nos \u00c1der \u00een func\u021bia de pre\u0219edinte al Cur\u021bii Supreme de Justi\u021bie a Ungariei. Documentul referitor la aceast\u0103 desemnare a fost publicat luni pe site-ul Parlamentului de la Budapesta.<\/p>\n<p>Zsolt Andr\u00e1s Varga a acceptat nominalizarea sa. Statutul s\u0103u juridic a fost suspendat \u00een momentul nominaliz\u0103rii sale, dar s-a angajat c\u0103 va reglementa situa\u021bia \u00eenainte de alegerea sa \u00een func\u021bia de pre\u0219edinte al Cur\u021bii. \u00cen cazul numirii sale, Zsolt Andr\u00e1s Varga \u00eel va \u00eenlocui pe P\u00e9ter Dar\u00e1k care va ocupa aceast\u0103 func\u021bie p\u00e2n\u0103 pe 1 ianuarie 2021.<\/p>\n<p>Pre\u0219edintele Cur\u021bii Supreme de Justi\u021bie este ales pentru nou\u0103 ani, prin vot secret, de Parlament, la propunerea pre\u0219edintelui \u021b\u0103rii.<\/p>\n<p>Andr\u00e1s Zsolt Varga, licen\u0163iat \u00een drept, a absolvit \u00een 1995 Universitatea \u201cE\u00f6tv\u00f6s Lor\u00e1nd\u201d din Budapesta, ulterior \u015fi-a dat doctoratul tot la aceast\u0103 universitate, iar teza de abilitate \u015fi-a sus\u0163inut-o la Universitatea Catolic\u0103 \u201dP\u00e1zm\u00e1ny P\u00e9ter\u201d din Budapesta. Din 2012 este profesor universitar. El s-a n\u0103scut la T\u00e2rgu Mure\u015f. A lucrat \u00een cadrul a mai multor parchete din Budapesta, precum \u0219i la Institu\u021bia comisarului pentru drepturile fundamentale. Timp de aproximativ 10 ani a ocupat de dou\u0103 ori func\u021bia de procuror general adjunct, dup\u0103 care a devenit membru al Comisiei de la Vene\u021bia. Din 2017 \u0219i p\u00e2n\u0103 \u00een decembrie 2019 a fost vicepre\u0219edinte al Subcomisiei de drept interna\u021bional a Comisiei de la Vene\u021bia, dup\u0103 care a fost numit vicepre\u0219edinte al Subcomsiei Cur\u021bii Constitu\u021bionale a Ungariei. \u00cen data de 1 iulie a acestui an a fost numit judec\u0103tor pe o perioad\u0103 nedeterminat\u0103.<\/p>\n<p>Sursa: MTI<\/p>\n","protected":false},"excerpt":{"rendered":"<p>Judec\u0103torul Zsolt Andr\u00e1s Varga a fost desemnat de pre\u0219edintele J\u00e1nos \u00c1der \u00een func\u021bia de pre\u0219edinte al Cur\u021bii Supreme de Justi\u021bie a Ungariei. Documentul <\/p>\n","protected":false},"author":1,"featured_media":5139,"comment_status":"open","ping_status":"open","sticky":false,"template":"","format":"standard","meta":{"footnotes":""},"categories":[29],"tags":[2592,2470,2593,36,40,2591],"class_list":["post-5135","post","type-post","status-publish","format-standard","has-post-thumbnail","hentry","category-externe","tag-de-seful-statului","tag-desemnat","tag-presedinte-al-curtii-supreme-de-justitie","tag-stiri-fara-frontiere","tag-ungaria","tag-zsolt-andras-varga-jdecator"],"_links":{"self":[{"href":"https:\/\/hatarok-nelkul.com\/ro\/index.php?rest_route=\/wp\/v2\/posts\/5135","targetHints":{"allow":["GET"]}}],"collection":[{"href":"https:\/\/hatarok-nelkul.com\/ro\/index.php?rest_route=\/wp\/v2\/posts"}],"about":[{"href":"https:\/\/hatarok-nelkul.com\/ro\/index.php?rest_route=\/wp\/v2\/types\/post"}],"author":[{"embeddable":true,"href":"https:\/\/hatarok-nelkul.com\/ro\/index.php?rest_route=\/wp\/v2\/users\/1"}],"replies":[{"embeddable":true,"href":"https:\/\/hatarok-nelkul.com\/ro\/index.php?rest_route=%2Fwp%2Fv2%2Fcomments&post=5135"}],"version-history":[{"count":2,"href":"https:\/\/hatarok-nelkul.com\/ro\/index.php?rest_route=\/wp\/v2\/posts\/5135\/revisions"}],"predecessor-version":[{"id":5140,"href":"https:\/\/hatarok-nelkul.com\/ro\/index.php?rest_route=\/wp\/v2\/posts\/5135\/revisions\/5140"}],"wp:featuredmedia":[{"embeddable":true,"href":"https:\/\/hatarok-nelkul.com\/ro\/index.php?rest_route=\/wp\/v2\/media\/5139"}],"wp:attachment":[{"href":"https:\/\/hatarok-nelkul.com\/ro\/index.php?rest_route=%2Fwp%2Fv2%2Fmedia&parent=5135"}],"wp:term":[{"taxonomy":"category","embeddable":true,"href":"https:\/\/hatarok-nelkul.com\/ro\/index.php?rest_route=%2Fwp%2Fv2%2Fcategories&post=5135"},{"taxonomy":"post_tag","embeddable":true,"href":"https:\/\/hatarok-nelkul.com\/ro\/index.php?rest_route=%2Fwp%2Fv2%2Ftags&post=5135"}],"curies":[{"name":"wp","href":"https:\/\/api.w.org\/{rel}","templated":true}]}}