{"id":5154,"date":"2020-10-18T22:41:06","date_gmt":"2020-10-18T19:41:06","guid":{"rendered":"http:\/\/hatarok-nelkul.com\/ro\/?p=5154"},"modified":"2020-10-18T22:42:53","modified_gmt":"2020-10-18T19:42:53","slug":"irina-elisabeta-kovacs-secretar-de-stat-centrul-pentru-formarea-continua-in-limba-maghiara-incearca-sa-ia-in-consideratie-cele-mai-actuale-probleme-din-educatie-un-numar-de-839-de-cadre-didactice-a","status":"publish","type":"post","link":"https:\/\/hatarok-nelkul.com\/ro\/?p=5154","title":{"rendered":"Irina Elisabeta Kov\u00e1cs, secretar de stat: Centrul pentru Formarea Continu\u0103 \u00een Limba Maghiar\u0103 \u00eencearc\u0103 s\u0103 ia \u00een considera\u021bie cele mai actuale probleme din educa\u021bie; un num\u0103r de 839 de cadre didactice au participat la instruirile \u0219i evenimentele organizate de centru pe parcursul anului \u0219colar 2019-2020."},"content":{"rendered":"<p><em>\u00cen leg\u0103tur\u0103 cu func\u021bionarea Centrului pentru Formarea Continu\u0103 \u00een Limba Maghiar\u0103 \u0219i interesul manifestat fa\u021b\u0103 de posibilit\u0103\u021bile oferite de acest centru ne-am adresat secretarului de stat<\/em> pentru \u00eenv\u0103\u0163\u0103m\u00e2ntul minorit\u0103\u0163ilor \u00een Ministerul Educa\u021biei \u0219i Cercet\u0103rii, Irina Elisabeta Kov\u00e1cs<\/p>\n<p><strong>De c\u00e2t timp func\u021bioneaz\u0103 acest centru?<\/strong><\/p>\n<p><em>\u00cen aprilie 2018, Ministerul Educa\u021biei a aprobat structura organizatoric\u0103 a Centrului pentru Formarea Continu\u0103 \u00een Limba Maghiar\u0103 cu sediul \u00een Oradea \u0219i la acel moment doamna profesor Demeter Em\u0151ke a fost numit\u0103 ca director. Centrul a fost \u00eenfiin\u021bat oficial \u00een noiembrie 2018 \u00een baza Hot\u0103r\u00e2rii de Guvern nr. 922. Punerea \u00een func\u021biune a centrului a durat mai multe luni, deoarece a fost nevoie de angajarea \u00eentregului personal, practic a trebuit construit\u0103 de la zero toat\u0103 institu\u021bia, astfel c\u0103 Centrul pentru Formarea Continu\u0103 \u00een Limba Maghiar\u0103 func\u021bioneaz\u0103<\/em> <em>la capacitate maxim\u0103 de la 1 septembrie 2019. <\/em><\/p>\n<p><strong>Ce interes au manifestat profesorii maghiari pentru oportunit\u0103\u021bile oferite de acest centru?<\/strong><\/p>\n<p><em>Profesorii maghiari din Rom\u00e2nia au salutat vestea \u00eenfiin\u021b\u0103rii Centrului pentru Formarea Continu\u0103 \u00een Limba Maghiar\u0103, deoarece aceast\u0103 institu\u021bie deserve\u0219te o nevoie care, p\u00e2n\u0103 \u00een momentul \u00eenfiin\u021b\u0103rii nu era acoperit\u0103. Chestionarul de evaluare a nevoilor de formare a cadrelor didactice, aplicat \u00een septembrie 2019 a fost completat de 872 de profesori. P\u00e2n\u0103 \u00een prezent, 600 de cadre didactice s-au abonat la Newsletter-ul centrului, iar lista se extinde permanent. Exist\u0103 un num\u0103r de 584 de persoane care sunt \u00eenscrise\u00a0 \u00een prezent pagina lor de socializare. <\/em><\/p>\n<p><strong>\u00cen ce domenii au fost organizate cursuri de formare continu\u0103 p\u00e2n\u0103 acum \u0219i c\u00e2te au fost finalizate?<\/strong><\/p>\n<p><em>\u00cen vederea preg\u0103tirii ofertei de formare Centrul pentru Formarea Continu\u0103 \u00een Limba Maghiar\u0103 \u00eencearc\u0103 s\u0103 ia \u00een considera\u021bie cele mai actuale probleme din educa\u021bie. Au prioritate conceptele pedagogice care vizeaz\u0103 modernizarea procesului de predare, astfel, de exemplu, au fost organizate mai multe form\u0103ri cu teme din pedagogia lui Franz Kett. Pe l\u00e2ng\u0103 activit\u0103\u021bile de formare, se organizeaz\u0103 \u0219i zile metodice \u0219i conferin\u021be. Un num\u0103r de 839 de cadre didactice au participat la instruirile \u0219i evenimentele organizate de centru pe parcursul anului \u0219colar 2019-2020. Din p\u0103cate, pandemia cu noul coronavirus a avut un impact negativ \u0219i asupra activit\u0103\u021bii planificate de conducerea Centrului pentru Formarea Continu\u0103 \u00een Limba Maghiar\u0103, acesta trebuind s\u0103 am\u00e2ne form\u0103rile planificate pentru o perioad\u0103 neprecizat\u0103. Centrul se adapteaz\u0103 la situa\u021bia existent\u0103 \u0219i \u00een prezent organizeaz\u0103 \u00een principal cursuri de instruire online pentru a ajuta cadrele didactice s\u0103 fac\u0103 fa\u021b\u0103 tranzi\u021biei la educa\u021bia \u00een mediul online.<\/em><\/p>\n<p><strong>Este necesar\u0103 acreditarea pentru formare continu\u0103?<\/strong><\/p>\n<p><em>Conform legii, personalul didactic are obliga\u021bia sa acumuleze 90 de credite\u00a0 profesionale transferabile \u00eentr-un interval de 5 ani. Aceste credite se pot acumula cel mai bine prin participarea la cursuri de formare acreditat\u0103. Pentru ca un curs de formare s\u0103 fie acreditat, trebuie \u00eendeplinite o serie de criterii \u0219i trebuie parcur\u0219i mai mul\u021bi pa\u0219i. Dosarul de acreditare con\u021bine numeroase elemente, iar pentru cursurile online este necesar\u0103 crearea unei platforme educa\u021bionale func\u021bionale cu toate materialele \u00eenc\u0103rcate, ceea ce este un proces \u00eendelungat care necesit\u0103 munca mai multor speciali\u0219ti. \u00centreaga documenta\u021bie a cursurilor de formare \u00een limba maghiar\u0103 trebuie preg\u0103tit\u0103 \u0219i \u00een limba rom\u00e2n\u0103, ceea ce reprezint\u0103 un efort considerabil. Prin urmare, la momentul demar\u0103rii activit\u0103\u021bii centrului, acesta nu dispunea de cursuri de formare acreditate, dar speciali\u0219tii angaja\u021bi consider\u0103 c\u0103 este datoria lor s\u0103 dezvolte \u0219i s\u0103 acrediteze noi cursuri. Din p\u0103cate, situa\u021bia epidemiologic\u0103 \u0219i-a pus amprenta \u0219i pe acest demers. Av\u00e2nd \u00een vedere faptul c\u0103 toate cursurile de formare propuse pentru acreditare necesitau prezen\u021ba fizic\u0103 a cursan\u021bilor, acestea au fost pentru moment trecute pe plan secundar, iar speciali\u0219tii centrului au demarat procedura de realizare a unui curs de formare online de 80 de ore pentru care este \u00een curs de finalizare platforma educa\u021bional\u0103, ulterior urm\u00e2nd a se face demersurile pentru acreditare. Se preconizeaz\u0103 ca \u00eentreaga activitate de acreditare s\u0103 fie finalizat\u0103 \u00een acest an.<\/em><\/p>\n<p><strong>Cum ajut\u0103 Ministerul Educa\u021biei centrul?<\/strong><\/p>\n<p><em>Centrul pentru Formarea Continu\u0103 \u00een Limba Maghiar\u0103 este o institu\u021bie subordonat\u0103 Ministerului Educa\u021biei \u0219i Cercet\u0103rii care coordoneaz\u0103 activitatea, nume\u0219te directorul, aprob\u0103 bugetul \u0219i asigur\u0103 func\u021bionarea centrului. Deoarece, prin HG de \u00eenfiin\u021bare finan\u021barea centrului este realizat\u0103 din venituri proprii \u0219i din subven\u021bii acordate de la bugetul de stat, pentru unele cursuri de formare se percepe o tax\u0103 de participare din partea cadrelor didactice. <\/em><\/p>\n<p>Interviu realizat de: Bal\u00e1zs Magdolna<\/p>\n<p>Foto: transparentnews.ro<\/p>\n<p>&nbsp;<\/p>\n","protected":false},"excerpt":{"rendered":"<p>\u00cen leg\u0103tur\u0103 cu func\u021bionarea Centrului pentru Formarea Continu\u0103 \u00een Limba Maghiar\u0103 \u0219i interesul manifestat fa\u021b\u0103 de posibilit\u0103\u021bile oferite de acest centru ne-am adresat <\/p>\n","protected":false},"author":1,"featured_media":5155,"comment_status":"open","ping_status":"open","sticky":false,"template":"","format":"standard","meta":{"footnotes":""},"categories":[9],"tags":[2612,2609,2611,1264,2610,918,36],"class_list":["post-5154","post","type-post","status-publish","format-standard","has-post-thumbnail","hentry","category-interviuri","tag-acreditare","tag-centru-pentru-formarea-continua-in-limba-maghiara","tag-interes","tag-irina-elisabeta-kovacs","tag-oferta-de-formare","tag-secretar-de-stat","tag-stiri-fara-frontiere"],"_links":{"self":[{"href":"https:\/\/hatarok-nelkul.com\/ro\/index.php?rest_route=\/wp\/v2\/posts\/5154","targetHints":{"allow":["GET"]}}],"collection":[{"href":"https:\/\/hatarok-nelkul.com\/ro\/index.php?rest_route=\/wp\/v2\/posts"}],"about":[{"href":"https:\/\/hatarok-nelkul.com\/ro\/index.php?rest_route=\/wp\/v2\/types\/post"}],"author":[{"embeddable":true,"href":"https:\/\/hatarok-nelkul.com\/ro\/index.php?rest_route=\/wp\/v2\/users\/1"}],"replies":[{"embeddable":true,"href":"https:\/\/hatarok-nelkul.com\/ro\/index.php?rest_route=%2Fwp%2Fv2%2Fcomments&post=5154"}],"version-history":[{"count":1,"href":"https:\/\/hatarok-nelkul.com\/ro\/index.php?rest_route=\/wp\/v2\/posts\/5154\/revisions"}],"predecessor-version":[{"id":5156,"href":"https:\/\/hatarok-nelkul.com\/ro\/index.php?rest_route=\/wp\/v2\/posts\/5154\/revisions\/5156"}],"wp:featuredmedia":[{"embeddable":true,"href":"https:\/\/hatarok-nelkul.com\/ro\/index.php?rest_route=\/wp\/v2\/media\/5155"}],"wp:attachment":[{"href":"https:\/\/hatarok-nelkul.com\/ro\/index.php?rest_route=%2Fwp%2Fv2%2Fmedia&parent=5154"}],"wp:term":[{"taxonomy":"category","embeddable":true,"href":"https:\/\/hatarok-nelkul.com\/ro\/index.php?rest_route=%2Fwp%2Fv2%2Fcategories&post=5154"},{"taxonomy":"post_tag","embeddable":true,"href":"https:\/\/hatarok-nelkul.com\/ro\/index.php?rest_route=%2Fwp%2Fv2%2Ftags&post=5154"}],"curies":[{"name":"wp","href":"https:\/\/api.w.org\/{rel}","templated":true}]}}