{"id":559,"date":"2014-10-10T09:23:05","date_gmt":"2014-10-10T06:23:05","guid":{"rendered":"http:\/\/hatarok-nelkul.com\/ro\/?p=559"},"modified":"2014-10-10T09:23:05","modified_gmt":"2014-10-10T06:23:05","slug":"statutul-special-al-tinutului-secuiesc-din-romania-continua-sa-creeze-polemici","status":"publish","type":"post","link":"https:\/\/hatarok-nelkul.com\/ro\/?p=559","title":{"rendered":"Statutul special al \u0162inutului Secuiesc din Rom\u00e2nia continu\u0103 s\u0103 creeze polemici"},"content":{"rendered":"<p style=\"text-align: justify;\"><a href=\"https:\/\/hatarok-nelkul.com\/ro\/wp-content\/uploads\/2014\/10\/images.jpg\"><img loading=\"lazy\" decoding=\"async\" class=\"size-thumbnail wp-image-560 alignleft\" alt=\"images\" src=\"https:\/\/hatarok-nelkul.com\/ro\/wp-content\/uploads\/2014\/10\/images-150x150.jpg\" width=\"150\" height=\"150\" \/><\/a>Candidatul Uniunii Democrate Maghiare din Rom\u00e2nia la Pre\u015fedin\u0163ie, Hunor Kelemen, a lansant, recent, la Cluj-Napoca, proiectul de lege privind autonomia \u0162inutului Secuiesc, elaborat de aceast\u0103 forma\u0163iune politic\u0103, \u00een colaborare cu Partidul Civic Maghiar.<\/p>\n<p style=\"text-align: justify;\">\u201cN\u0103zuin\u0163ele de autonomie ale comunit\u0103\u021bii maghiare dateaz\u0103 <!--more-->din perioada form\u0103rii Rom\u00e2niei moderne, de la redactarea Proclama\u021biei de la Alba Iulia, \u00een anul 1918. Iar n\u0103zuin\u021bele de autonomie ale UDMR exist\u0103 de la instaurarea regimului democratic de dup\u0103 1989\u2033,\u00a0 a declarat pre\u015fedintele UDMR la o conferin\u0163\u0103 de pres\u0103, care a avut loc la Cluj Napoca, prilej cu care a prezentat oficial acest proiect de lege.<\/p>\n<p style=\"text-align: justify;\"><b>Statutul de autonomie a generat multe controverse \u015fi nemul\u0163umiri.<\/b><\/p>\n<p style=\"text-align: justify;\">Liderul Partidului Popular Maghiar din Transilvania (PPMT), Tibor T. Tor\u00f3, a criticat acest proiect de lege, sus\u0163in\u00e2nd c\u0103 este o gre\u0219eal\u0103 legarea proiectului de autonomie de o eventual\u0103 modificare a Constitu\u021biei, pentru c\u0103, astfel, realizarea autonomiei secuilor este am\u00e2nat\u0103 pe termen nedeterminat. Tibor Tor\u00f3 este de p\u0103rere c\u0103 proiectul UDMR, care vizeaz\u0103 constituirea unei regiuni autonome, format\u0103 din jude\u021bele Harghita, Covasna \u0219i Mure\u0219, nu este adecvat, pentru c\u0103 \u021ainutul Secuiesc ar avea alte limite teritoriale.<\/p>\n<p style=\"text-align: justify;\">La r\u00e2ndul s\u0103u, liderul senatorilor UDMR, B\u00e9la Mark\u00f3, a declarat, recent, unui ziar de limb\u0103 rom\u00e2n\u0103, c\u0103 \u201cscopul PPMT este s\u0103 elimine \u015fi s\u0103 \u00eenlocuiasca UDMR din via\u0163a politic\u0103 din Rom\u00e2nia. Partidul contesta toate realiz\u0103rile Uniunii\u201d.<\/p>\n<p style=\"text-align: justify;\">\u00a0\u00a0\u00a0\u00a0\u00a0\u00a0\u00a0\u00a0\u00a0 Acest proiect a provocat \u015fi nemul\u0163umirea pre\u015fedintelui Consiliului Na\u0163ional Secuiesc, Izs\u00e1k Bal\u00e1zs, care sus\u0163ine c\u0103 \u201e<b>statutul de autonomie dat publicit\u0103\u0163ii de UDMR con\u0163ine o serie de erori, iar unele dispozi\u0163ii, sunt str\u0103ine de realit\u0103\u0163ile \u0162inutului Secuiesc<\/b>\u201d.<\/p>\n<p style=\"text-align: justify;\">\u00a0\u00a0\u00a0\u00a0\u00a0\u00a0\u00a0\u00a0\u00a0 Chiar cu un an \u00een urm\u0103, Izs\u00e1k Bal\u00e1zs a declarat la T\u00e2rgu Mure\u015f c\u0103 CNS nu este de acord ca jude\u0163ele Mure\u015f, Harghita \u015fi Covasna s\u0103 formeze o regiune de dezvoltare distincta, organiza\u0163ia sa sus\u0163in\u00e2nd varianta unei regiuni administrative autonome.<\/p>\n<p style=\"text-align: justify;\">\u00a0\u00a0\u00a0\u00a0\u00a0\u00a0\u00a0\u00a0\u00a0 &#8220;Noi am exprimat pozi\u0163ia noastr\u0103, aici este o diferen\u0163\u0103 \u00eentre pozitia noastr\u0103 \u015fi cea a UDMR. Miza pentru noi, obiectivul nu este regiune de dezvoltare, ci regiune administrativ\u0103, autonom\u0103.<\/p>\n<p style=\"text-align: justify;\">\u00a0\u00a0\u00a0\u00a0\u00a0\u00a0\u00a0\u00a0\u00a0 De altfel, Regulamentul 59 din 2003 al Uniunii Europene prevede c\u0103 unit\u0103\u0163ile statistice &#8211; iar regiunile de dezvoltare sunt de fapt ni\u015fte unit\u0103\u0163i teritoriale statistice de tip NUTS II in UE &#8211; se formeaz\u0103 din unit\u0103\u0163i administrative. Deci restructurarea \u015fi modificarea delimit\u0103rii jude\u0163elor trebuie f\u0103cut\u0103 \u00eenainte \u015fi nu dup\u0103. Unit\u0103\u0163ile de dezvoltare se formeaz\u0103 deja din unit\u0103\u0163i administrative existente&#8221;, a sustinut Izs\u00e1k Bal\u00e1zs, care a mai precizat: \u201cMai mult de at\u00e2t, \u0162inutul Secuiesc nu este format din cele trei jude\u0163e \u00een intregul lor, ci din Harghita, Covasna \u015fi o parte din Mure\u015f, \u00eensemnand 153 unit\u0103\u0163i administrative si nu 214 c\u00e2te insumeaz\u0103 cele trei jude\u0163e &#8211; Harghita cu 67 de unit\u0103\u0163i administrative, Covasna cu 45 \u015fi Mure\u015f cu 102. \u0162inutul Secuiesc se refer\u0103 la 153 de autorit\u0103\u0163i locale \u015fi este format din 8 scaune, nu din trei judete (&#8230;) Regiune autonoma, acesta este scopul, nu regiune de dezvoltare&#8221;.<\/p>\n<p style=\"text-align: justify;\"><b>\u00a0\u00a0\u00a0\u00a0\u00a0\u00a0\u00a0\u00a0\u00a0 \u00cen acest context ne-am adresat pre\u015fedintelui Partidului Civic Maghiar (PCM), Zsolt Bir\u00f3, deoarece am dorit s\u0103 afl\u0103m care este opinia sa, in calitatea pe care o detine, de vicepresedinte al CNS, <\/b><b>despre pozi\u0163ia acestei organizatii fata de proiectul de lege al UDMR privind autonomia \u0162inutului Secuiesc \u0219i de ce sus\u0163ine CNS c\u0103 proiectul elaborat de fostul senator UDMR, J\u00f3zsef Csap\u00f3, ar fi trebuit s\u0103 fie supus dezbaterii \u015fi c\u0103 cel al UDMR este inadecvat pentru o dezbatere public\u0103 constructiv\u0103.<\/b><\/p>\n<p style=\"text-align: justify;\"><b>Iat\u0103 ce a r\u0103spuns portalului nostru Zsolt Bir\u00f3: <\/b><\/p>\n<p style=\"text-align: justify;\">\u201eProiectul de lege elaborat de fostul senator UDMR, J\u00f3zsef Csap\u00f3, este mai vechi, dec\u00e2t CNS-ul. Pe de alt\u0103 parte, Partidul Civic Maghiar a participat \u00een mod activ \u00een procesul de elaborare a proiectului de autonomie al UDMR. Una din condi\u0163iile noastre impuse \u00een momentul semn\u0103rii acordului cu UDMR, a fost aceea ca \u00een timpul elabor\u0103rii proiectului noi s\u0103 avem dreptul de a ne spune \u015fi sus\u0163ine opiniile noastre. UDMR a anun\u0163at \u00een urm\u0103 cu un an \u015fi jum\u0103tate, la Congresul s\u0103u din Miercurea Ciuc, c\u0103 are \u00een vedere elaborarea unui proiect cu privire la \u0162inutul Secuiesc. Ceea ce a fost atunci salutat de toat\u0103 lumea, inclusiv de noi. A\u015fadar, condi\u0163ia impus\u0103 de noi a fost ca \u015fi PCM s\u0103 participe la Comisia de lucru care urma s\u0103 elaboreze acest proicet. Ne bucur\u0103m c\u0103 am putut participa \u00een aceast\u0103 comisie, deoarece, dac\u0103 ne uit\u0103m cu aten\u0163ie la activitatea desf\u0103\u015furat\u0103 de aceast\u0103 comisie, putem observa de unde am pornit \u015fi \u00een ce stadiu ne afl\u0103m acum.<\/p>\n<p style=\"text-align: justify;\"><b>PCM este o a\u015fa-numit\u0103 arip\u0103 politic\u0103, un fel de frate al CNS-lui<\/b>. Membrii comisiei, selecta\u0163i de noi, <b>au venit, de fapt, \u00een aceast\u0103 comisie cu proiectul de lege al CNS<\/b>. \u00cen urma muncii depuse a rezulat aceast\u0103 variant\u0103 a proiectului care, desigur, nu este perfect\u0103 \u015fi nu a repurtat un succes absolut pentru c\u0103 sunt \u015fi opinii diferite. Eu nu a\u015f vorbi, \u00een primul r\u00e2nd, despre deficien\u0163ele, gre\u015felile proiectului de autonomie, ci despre faptul c\u0103 cel mai important lucru este c\u0103 \u00een sf\u00e2r\u015fit am reu\u015fit, \u00eempreun\u0103 cu UDMR, s\u0103 elabor\u0103m un proiect de autonomie,\u00a0 care prevede, f\u0103r\u0103 echivoc, c\u0103 \u00een privin\u0163a \u0162inutului Secuiesc\u00a0 calea de urmat \u015fi solu\u0163ia este reprezentat\u0103 de autonomia teritorial\u0103. \u015ei acest lucru este cel mai important \u00een aceast\u0103 chestiune, deoarece \u00eempreun\u0103 cu UDMR, prin PCM \u015fi p\u00e2n\u0103 la CNS, toat\u0103 lumea \u015fi-a exprimat opinia, potrivit c\u0103reia, \u00een cazul \u0162inutului Secuiesc, obiectivul de urmat este ob\u0163inerea autonomiei. Sigur c\u0103 sunt discu\u0163ii referitoare la autonomie, la modul cum va ar\u0103ta acesta,\u00a0 \u00een sensul competen\u0163elor. De aceea, noi am spus c\u0103 trebuie invita\u0163i to\u0163i factorii vie\u0163ii publice s\u0103 participe la aceast\u0103 dezbatere. Este foarte important ca aceast\u0103 dezbatere public\u0103 s\u0103 aib\u0103 loc <b>\u00eempreun\u0103 cu societatea rom\u00e2n\u0103<\/b>, dar la fel de important este ca o dezbatere <b>constructiv\u0103 <\/b>s\u0103 aib\u0103 loc \u015fi \u00een plan intern, adic\u0103 <b>\u00een cadrul societ\u0103\u0163ii maghiare <\/b>pentru a realiza un consens \u00een leg\u0103tur\u0103 cu cele mai importante principii.<\/p>\n<p style=\"text-align: justify;\">\u00a0\u00a0\u00a0\u00a0\u00a0\u00a0\u00a0\u00a0\u00a0 De aceea, ne pare r\u0103u dac\u0103 cineva, azi, se d\u0103 la o parte ofensat \u015fi spune c\u0103 acest proiect nu este adecvat pentru o dezbatere constructiv\u0103. Dealtminteri, <b>locul CNS-lui ar fi fost \u00een aceast\u0103 comisie de lucru<\/b>. Din partea noastr\u0103, a PCM, am lansat de mai multe ori invita\u0163ii \u00een acest sens. Regret\u0103m c\u0103 CNS nu a acceptat invita\u0163ia noastr\u0103.<\/p>\n<p style=\"text-align: justify;\">\u00a0\u00a0\u00a0\u00a0\u00a0\u00a0\u00a0\u00a0\u00a0 Probabil, a considerat c\u0103 nu este suficient sa fie invitat doar din partea PCM, \u00eens\u0103 <b>eu nu puteam s\u0103-l invit pe Izs\u00e1k Bal\u00e1zs, \u00een numele lui Kelemen Hunor <\/b>.<\/p>\n<p style=\"text-align: justify;\">\u00a0\u00a0\u00a0\u00a0\u00a0\u00a0\u00a0\u00a0\u00a0 Acum, \u00eens\u0103, dup\u0103 \u00eencheierea activit\u0103\u0163ii comisiei, \u00een opinia mea, ar trebui s\u0103 vorbim despre acel minim na\u0163ional pe care noi \u00eel vom putea oferi \u015fi vom putea face \u00een a\u015fa fel, \u00eenc\u0103t s\u0103 fie \u015fi adoptat. \u015ei de aceea,\u00a0 v\u0103 rog s\u0103-mi permite\u0163i o observa\u0163ie personal\u0103: nic\u0103ieri \u00een Europa, \u00een acea jum\u0103tate a \u0163\u0103rilor membre UE \u00een care putem vorbi despre autonomii func\u0163ionale, nic\u0103ieri nu a fost posibil ca, <b>din prima,<\/b> s\u0103 fie adoptat acel bun proiect de autonomie la care azi noi ne referim, fie c\u0103 este vorba despre Catalonia, de Sco\u0163ia, care are o larg\u0103 autonomie, sau despre autonomia din Tirolul de Sud. Dealtminteri, <b>Tirolul de Sud pentru noi a reprezentat un model <\/b>pe care nu am reu\u015fit s\u0103-l adapt\u0103m integral \u00een cazul \u0162inutului Secuiesc, anumite aspecte trebuind s\u0103 le aducem la un numitor comun, pentru a se risipi temerile.<\/p>\n<p style=\"text-align: justify;\">\u00a0\u00a0\u00a0\u00a0\u00a0\u00a0\u00a0\u00a0\u00a0 Cea mai important\u0103 chestiune asupra c\u0103reia PCM a revenit permanent este: nevoia de a clarifica hotarele \u0162inutului Secuiesc, ce \u00een\u0163elegem noi prin faptul c\u0103 trei jude\u0163e vor alc\u0103tui aceast\u0103 regiune, ce \u00eenseamn\u0103 c\u00e2nd vorbim de \u0162inutul Secuiesc istoric \u015fi despre cele trei jude\u0163e. Atunci c\u00e2nd vorbim despre jude\u0163ul Mure\u015f, ne referim la un jude\u0163 istoric, mai \u201esub\u0163ire\u201d, \u015fi anume la Scaunul Mure\u015f. Desigur, se poate discuta despre o form\u0103 comun\u0103, despre jude\u0163e, comune. \u00cen ceea ce m\u0103 prive\u015fte, eu a\u015f prefera mai mult aceast\u0103 variant\u0103 cu tradi\u0163ii istorice de 50 de ani. \u00cens\u0103, trebuie s\u0103 \u00een\u0163elegem c\u0103\u00a0 \u00een secolul XXI aceast\u0103 solu\u0163ie ar fi fost primit\u0103 cu nedumeriri din mai multe puncte de vedere.<\/p>\n<p style=\"text-align: justify;\">\u00a0\u00a0\u00a0\u00a0\u00a0\u00a0\u00a0\u00a0\u00a0 \u00cen textul statului de autonomie am formulat clar c\u0103, de la jude\u0163e, competen\u0163ele vor fi transferate regiunilor, c\u0103 dorin\u0163a noastr\u0103 este ca deciziile s\u0103 fie aduse mai aproape de cet\u0103\u0163eni, \u00een spiritul subsidiarit\u0103\u0163ii. Vrem s\u0103 deleg\u0103m competen\u0163ele, s\u0103 consolid\u0103m ora\u015fele secuie\u015fti, istorice, iar astfel vom reabilita\/crea bazele pentru o construc\u0163ie secuiasc\u0103. Problema este c\u0103 toate aceste lucruri trebuie s\u0103 fie supuse dezbaterii publice, si repet, <b>solu\u0163ia nu const\u0103 \u00een a r\u0103m\u00e2ne departe atunci c\u00e2nd, \u00een sf\u00e2\u015fit, am fost cu to\u0163ii de acord <\/b>\u2013 dac\u0103 vre\u0163i, \u015fi de dreapta \u015fi de st\u00e2ng\u0103 \u2013 \u00een privin\u0163a autonomiei.<\/p>\n<p style=\"text-align: justify;\">\u00a0\u00a0\u00a0\u00a0\u00a0\u00a0\u00a0\u00a0\u00a0 Pentru a evita ne\u00een\u0163elegerile, totdeauna trebuie s\u0103 se clarifice: ce \u00een\u0163elegem prin \u0162inut Secuiesc, prin regiune autonom\u0103. De asemena, consider\u0103m ca fiind foarte important\u0103 <b>organizarea unui referendum pentru trasarea viitoarei regiuni autonome<\/b>. Acest lucru acum nu se afl\u0103 \u00een proiectul supus dezbaterii, dar, \u00een varianta care va fi \u00eenaintat\u0103 Parlamentului, dup\u0103 aceast\u0103 dezbatere public\u0103, va fi cuprins cu siguran\u0163\u0103. \u00cen opinia mea, <b>hotarele regiunii secuie\u015fti pot fi stabilite doar printr-un referendum<\/b>, conform voin\u0163ei popula\u0163iei. Mai exist\u0103 \u015fi posibilitatea ca, \u00eentr-o recomandare, anexat\u0103 proiectului, noi s\u0103 prezent\u0103m acele unit\u0103\u0163i administrative (re\u015fedin\u0163ele de jude\u0163) care \u2013 dup\u0103 concep\u0163iile noastre \u2013 trebuie s\u0103 fie parte constitutiv\u0103 a regiunii autonome. \u00cen prezent, \u00een Rom\u00e2nia exist\u0103 un sistem de jude\u0163e, iar conform Legii adminsitra\u0163iei publice, sunt re\u015fedin\u0163e de jude\u0163, comune, ora\u015fe, iar pentru noi \u015fi aceasta ar putea s\u0103 fie punctul de pornire\u201d.<\/p>\n<p style=\"text-align: justify;\">Interviu consemnat de: Bal\u00e1zs Magdolna<\/p>\n","protected":false},"excerpt":{"rendered":"<p>Candidatul Uniunii Democrate Maghiare din Rom\u00e2nia la Pre\u015fedin\u0163ie, Hunor Kelemen, a lansant, recent, la Cluj-Napoca, proiectul de lege privind autonomia \u0162inutului Secuiesc, elaborat <\/p>\n","protected":false},"author":1,"featured_media":0,"comment_status":"open","ping_status":"open","sticky":false,"template":"","format":"standard","meta":{"footnotes":""},"categories":[1],"tags":[],"class_list":["post-559","post","type-post","status-publish","format-standard","hentry","category-fara-categorie"],"_links":{"self":[{"href":"https:\/\/hatarok-nelkul.com\/ro\/index.php?rest_route=\/wp\/v2\/posts\/559","targetHints":{"allow":["GET"]}}],"collection":[{"href":"https:\/\/hatarok-nelkul.com\/ro\/index.php?rest_route=\/wp\/v2\/posts"}],"about":[{"href":"https:\/\/hatarok-nelkul.com\/ro\/index.php?rest_route=\/wp\/v2\/types\/post"}],"author":[{"embeddable":true,"href":"https:\/\/hatarok-nelkul.com\/ro\/index.php?rest_route=\/wp\/v2\/users\/1"}],"replies":[{"embeddable":true,"href":"https:\/\/hatarok-nelkul.com\/ro\/index.php?rest_route=%2Fwp%2Fv2%2Fcomments&post=559"}],"version-history":[{"count":1,"href":"https:\/\/hatarok-nelkul.com\/ro\/index.php?rest_route=\/wp\/v2\/posts\/559\/revisions"}],"predecessor-version":[{"id":561,"href":"https:\/\/hatarok-nelkul.com\/ro\/index.php?rest_route=\/wp\/v2\/posts\/559\/revisions\/561"}],"wp:attachment":[{"href":"https:\/\/hatarok-nelkul.com\/ro\/index.php?rest_route=%2Fwp%2Fv2%2Fmedia&parent=559"}],"wp:term":[{"taxonomy":"category","embeddable":true,"href":"https:\/\/hatarok-nelkul.com\/ro\/index.php?rest_route=%2Fwp%2Fv2%2Fcategories&post=559"},{"taxonomy":"post_tag","embeddable":true,"href":"https:\/\/hatarok-nelkul.com\/ro\/index.php?rest_route=%2Fwp%2Fv2%2Ftags&post=559"}],"curies":[{"name":"wp","href":"https:\/\/api.w.org\/{rel}","templated":true}]}}