{"id":562,"date":"2014-10-10T10:17:15","date_gmt":"2014-10-10T07:17:15","guid":{"rendered":"http:\/\/hatarok-nelkul.com\/ro\/?p=562"},"modified":"2014-10-10T10:17:15","modified_gmt":"2014-10-10T07:17:15","slug":"candidatul-ppmt-la-presedintie-a-propus-federalizarea-romaniei","status":"publish","type":"post","link":"https:\/\/hatarok-nelkul.com\/ro\/?p=562","title":{"rendered":"Candidatul PPMT la Pre\u015fedin\u0163ie a propus federalizarea Rom\u00e2niei"},"content":{"rendered":"<p style=\"text-align: justify;\"><a href=\"https:\/\/hatarok-nelkul.com\/ro\/wp-content\/uploads\/2014\/10\/sziszi_mti-1280x854.jpg\"><img loading=\"lazy\" decoding=\"async\" class=\"size-thumbnail wp-image-563 alignleft\" alt=\"sziszi_mti-1280x854\" src=\"https:\/\/hatarok-nelkul.com\/ro\/wp-content\/uploads\/2014\/10\/sziszi_mti-1280x854-150x150.jpg\" width=\"150\" height=\"150\" \/><\/a>Zsolt Szil\u00e1gyi, vicepresedinte al Partidului Popular Maghiar din Transilvania (PPMT), \u015fi-a\u00a0 prezentat programul s\u0103u electoral, intitulat &#8220;Rom\u00e2nia Federal\u0103, regiuni autonome istorice \u015fi pace social\u0103 pentru majoritate \u015fi comunit\u0103\u0163ile na\u0163ionale&#8221;, \u00een cadrul unei conferin\u0163e de pres\u0103 su\u0163inut\u0103 recent, la Oradea.<\/p>\n<p style=\"text-align: justify;\">\u00a0\u00a0\u00a0\u00a0\u00a0\u00a0\u00a0\u00a0\u00a0 <!--more-->\u201eRom\u00e2nia ar putea avea performan\u0163e \u015fi o stabilitate economic\u0103 mult mai mare dac\u0103 va deveni o federa\u0163ie a regiunilor\u201d, a declarat candidatul PPMT la Pre\u015fedin\u0163ie, care a mai subliniat: &#8220;Dorin\u0163a noastr\u0103 este ca Rom\u00e2nia s\u0103 devin\u0103 o federa\u0163ie a regiunilor, dup\u0103 modelul eruropean al regionaliz\u0103rii \u015fi federaliz\u0103rii. Vrem s\u0103 devin\u0103 o \u0163ar\u0103 care, prin diminuarea corup\u0163iei \u015fi a centraliz\u0103rii, s\u0103 se foloseasc\u0103 de\u00a0 diversitatea, de diferen\u0163ele \u00eentre regiuniregiunilor \u015fi de capacitatea de performan\u0163\u0103 economic\u0103&#8221;, se arat\u0103 \u00een comunicatul PPMT care \u00eel citeaz\u0103 pe candidatul acestei forma\u0163iuni politice la Pre\u015fedin\u0163ie. Zsolt Szil\u00e1gyi a mai ar\u0103tat: \u00cen locul unei Transilvanii &#8220;balcanizate&#8221;, are \u00een vedere realizarea transilvanismului, a unei Rom\u00e2nii regionalizate. Dup\u0103 cum a precizat Zsolt Szil\u00e1gyi, pentru el este clar c\u0103 toate aceste lucruri reprezint\u0103 un subiect nepopular la Bucure\u015fti, \u00eens\u0103 a primit multe semnale pozitive din partea locuitorilor de diferite etnii care se declar\u0103 m\u00e2ndri c\u0103 sunt transilv\u0103neni. Zsolt Szil\u00e1gyi \u015fi-a exprimat convingerea c\u0103 Rom\u00e2nia are nevoie de un nou sistem administrativ-teritorial, mai cu seam\u0103 c\u0103 actualul sistem de jude\u0163e este un cadru inadecvat pentru organizarea statului. Regionalizarea ar fi o solu\u0163ie \u015fi pentru eradicarea corup\u0163iei, care a cuprins absolut totul \u015fi are un impact negativ asupra \u0163\u0103rii, a mai ad\u0103ugat candidatul PPMT.<\/p>\n<p style=\"text-align: justify;\">\u00a0\u00a0\u00a0\u00a0\u00a0\u00a0\u00a0\u00a0\u00a0 \u00cen cadrul conferin\u021bei de pres\u0103, sus\u021binute al\u0103turi de Tibor T. Tor\u00f3, pre\u0219edinte al PPMT, Zsolt Szil\u00e1gyi a prezentat \u015fi mesajul de sustinere pe care l-a primit din partea pre\u0219edintelui Alian\u021bei Democra\u0163ilor \u015fi Liberalilor pentru Europa (ALDE), Francois Alfonsi, potrivit c\u0103ruia candidatul PPMT este singurul cu un proiect credibil pentru \u021bara sa.<\/p>\n<p style=\"text-align: justify;\">\u201cDintre cei 14 candida\u021bi afla\u021bi \u00een competi\u021bie pentru a deveni noul pre\u0219edinte al Rom\u00e2niei, Zsolt este singurul care are un proiect credibil pentru viitorul \u021b\u0103rii sale. El este singurul care cere ca regiunile s\u0103 fie respectate, singurul care cere introducerea federalismului \u00een Rom\u00e2nia, singurul care solicit\u0103, cu adev\u0103rat, autonomia. Secuii \u0219i maghiarii se lupt\u0103, \u00een Rom\u00e2nia, pentru autonomia lor teritorial\u0103 \u0219i cultural\u0103. \u00cei urez lui Zsolt mult succes pentru ca Rom\u00e2nia s\u0103 se transforme \u00eentr-o federa\u021bie preg\u0103tit\u0103 s\u0103 r\u0103spund\u0103 nevoilor tuturor cet\u0103\u021benilor Rom\u00e2niei, inclusiv ale transilv\u0103nenilor \u0219i ale secuilor\u201d, se arat\u0103 \u00een mesajul pre\u0219edintelui ALDE.<\/p>\n<p style=\"text-align: justify;\">Dup\u0103 ultimele sondaje, nici unul dintre ei nu are \u015fanse de a accede \u00een turul doi al scrutinului, \u00eens\u0103 ambii candida\u0163i maghiari sus\u0163ini c\u0103 este important ca \u00een campania electoral\u0103 s\u0103 atrag\u0103 aten\u0163ia asupra situa\u0163iei \u015fi aspira\u0163iilor maghiarilor din Transilvania.<\/p>\n","protected":false},"excerpt":{"rendered":"<p>Zsolt Szil\u00e1gyi, vicepresedinte al Partidului Popular Maghiar din Transilvania (PPMT), \u015fi-a\u00a0 prezentat programul s\u0103u electoral, intitulat &#8220;Rom\u00e2nia Federal\u0103, regiuni autonome istorice \u015fi pace <\/p>\n","protected":false},"author":1,"featured_media":0,"comment_status":"open","ping_status":"open","sticky":false,"template":"","format":"standard","meta":{"footnotes":""},"categories":[1],"tags":[],"class_list":["post-562","post","type-post","status-publish","format-standard","hentry","category-fara-categorie"],"_links":{"self":[{"href":"https:\/\/hatarok-nelkul.com\/ro\/index.php?rest_route=\/wp\/v2\/posts\/562","targetHints":{"allow":["GET"]}}],"collection":[{"href":"https:\/\/hatarok-nelkul.com\/ro\/index.php?rest_route=\/wp\/v2\/posts"}],"about":[{"href":"https:\/\/hatarok-nelkul.com\/ro\/index.php?rest_route=\/wp\/v2\/types\/post"}],"author":[{"embeddable":true,"href":"https:\/\/hatarok-nelkul.com\/ro\/index.php?rest_route=\/wp\/v2\/users\/1"}],"replies":[{"embeddable":true,"href":"https:\/\/hatarok-nelkul.com\/ro\/index.php?rest_route=%2Fwp%2Fv2%2Fcomments&post=562"}],"version-history":[{"count":1,"href":"https:\/\/hatarok-nelkul.com\/ro\/index.php?rest_route=\/wp\/v2\/posts\/562\/revisions"}],"predecessor-version":[{"id":564,"href":"https:\/\/hatarok-nelkul.com\/ro\/index.php?rest_route=\/wp\/v2\/posts\/562\/revisions\/564"}],"wp:attachment":[{"href":"https:\/\/hatarok-nelkul.com\/ro\/index.php?rest_route=%2Fwp%2Fv2%2Fmedia&parent=562"}],"wp:term":[{"taxonomy":"category","embeddable":true,"href":"https:\/\/hatarok-nelkul.com\/ro\/index.php?rest_route=%2Fwp%2Fv2%2Fcategories&post=562"},{"taxonomy":"post_tag","embeddable":true,"href":"https:\/\/hatarok-nelkul.com\/ro\/index.php?rest_route=%2Fwp%2Fv2%2Ftags&post=562"}],"curies":[{"name":"wp","href":"https:\/\/api.w.org\/{rel}","templated":true}]}}