{"id":5718,"date":"2021-06-23T09:11:37","date_gmt":"2021-06-23T06:11:37","guid":{"rendered":"https:\/\/hatarok-nelkul.com\/ro\/?p=5718"},"modified":"2021-06-23T09:21:08","modified_gmt":"2021-06-23T06:21:08","slug":"uefa-a-interzis-ca-stadionul-allianz-arena-din-munchen-sa-fie-iluminat-in-culorile-curcubeului-la-meciul-germania-ungaria","status":"publish","type":"post","link":"https:\/\/hatarok-nelkul.com\/ro\/?p=5718","title":{"rendered":"UEFA a interzis ca stadionul Allianz-Arena din Munchen s\u0103 fie iluminat \u00een culorile curcubeului la meciul Germania-Ungaria"},"content":{"rendered":"<p><strong><em>\u00a0P\u00e9ter Szijj\u00e1rt\u00f3 a salutat decizia UEFA<\/em> <\/strong><\/p>\n<p>\u201dLiderii Uniunii Europene de Fotbal (UEFA) au luat o decizie corect\u0103 de a nu asista la provocarea politic\u0103 lansat\u0103 \u00eempotriva Ungariei\u201d, a declarat mar\u021bi, la Luxemburg, ministrul ungar de externe, \u00een cadrul \u00eent\u00e2lnirii de o zi a mini\u0219trilor pentru afaceri generale ai statelor membre ale Uniunii Europene.<\/p>\n<p>\u00centr-o declara\u021bie acordat\u0103 ziari\u0219tilor maghiari \u00een pauza reuniunii, P\u00e9ter Szijj\u00e1rt\u00f3 a salutat decizia UEFA, preciz\u00e2nd: Slav\u0103 Domnului c\u0103 s-a p\u0103strat ra\u021biunea \u00een r\u00e2ndul liderilor europeni de fotbal.<\/p>\n<p>Cu o zi \u00eenainte de decizia UEFA, ministrul ungar de externe a men\u021bionat, \u00eentr-o postare pe Facebook, c\u0103 eventuala iluminare \u00een culorile curcubeului a stadionului de fotbal din M\u00fcnchen la competi\u021bia Germania-Ungaria, care va avea loc pe 23 iunie, miercuri seara, la ora 21, a fost o ini\u021biativ\u0103 a civililor germani \u0219i sus\u021binut\u0103 ulterior \u0219i de politicieni locali, precum premierul bavarez Markus Soder, care a spus c\u0103 \u00een opinia sa o astfel de iluminare decorativ\u0103 a stadionului ar fi un \u201esemn foarte bun\u201d. Iluminarea arenei \u00een culorile curcubeului ar fi un \u201esemn de libertate pentru societatea noastr\u0103\u201d, a\u0219a c\u0103 a\u0219 \u201esus\u021bine-o cu t\u0103rie\u201d, a declarat pre\u0219edintele Uniunii Social-Cre\u0219tine (CSU).<\/p>\n<p>Anterior, primarul general de st\u00e2nga al ora\u0219ului Munchen a propus \u00a0iluminarea \u00een culorile curcubeului a stadionului Allianz din M\u00fcnchen. Toate cele \u0219ase grupuri ale Consiliului municipal din M\u00fcnchen, care au fost de acord cu aceast\u0103 ini\u021biativ\u0103, au dorit s\u0103 \u00ee\u0219i exprime pozi\u021bia lor \u00een favoarea toleran\u021bei \u0219i egalit\u0103\u021bii.<\/p>\n<p>UEFA a anun\u021bat mar\u021bi c\u0103 respinge propunerea primarului general al ra\u0219ului Munchen, Dieter Reiter, de a ilumina Arena Allianz \u00een culorile curcubelului la meciul Germania-Ungaria din grupul F al Campionatului European. Cele 11 stadioane selectate pentru competi\u021biile Campionatului European pot fi iluminate doar \u00een culorile UEFA \u0219i ale \u021b\u0103rilor echipelor respective<\/p>\n<p>Potrivit Agerpres, UEFA a respins solicitarea primarului din Munchen privind iluminarea stadionului Allianz Arena \u00een culorile curcubeului la meciul de miercuri, dintre Germania \u015fi Ungaria, \u00een semn de protest fa\u021b\u0103 de o lege propus\u0103 de partidul premierului Viktor Orb\u00e1n \u0219i votat\u0103 de Parlamentul de la Budapesta, care interzice \u201epromovarea\u201d homosexualit\u0103\u0163ii \u00een r\u00e2ndul minorilor. Primarul anun\u021b\u0103, \u00eens\u0103, c\u0103 va ilumina sediul Prim\u0103riei, precum \u0219i o turbin\u0103 eolian\u0103 aflat\u0103 \u00een imediata apropiere a stadionului, dar \u0219i Turnul Olimpic \u00een culorile curcubeului, \u00een semn de sprijin fa\u021b\u0103 de comunitatea LGBTQ.<\/p>\n<p><strong>\u00a0<\/strong>Legea adoptat\u0103 \u00een Parlamentul ungar s\u0103pt\u0103m\u00e2na trecut\u0103 s-a referit ini\u021bial la adoptarea unei pozi\u021bii mai severe \u00eempotriva infractorilor pedofili, \u00eens\u0103 mai t\u00e2rziu unele din amendamentele incluse \u00een \u00a0propunerea legislativ\u0103 au fost catalogate drept anti-gay de c\u0103tre opozi\u021bie \u0219i ONG-uri. Ace\u0219tia nu au fost de acord ca prin adoptaea proiectului de lege s\u0103 fie interzis\u0103 promovarea homosexualit\u0103\u021bii \u0219i a schimb\u0103rii de gen \u00een r\u00e2ndul persoanele cu v\u00e2rsta sub 18 ani, precum \u0219i \u00een \u0219coli. Cu excep\u021bia Jobbik, opozi\u021bia s-a opus cu \u00eenver\u0219unare adopt\u0103rii acestei legi \u0219i \u00een cele din urm\u0103 nu a votat-o, adic\u0103 s-a ab\u021binut de la vot. Ini\u021biatorii ac\u021biunii de la M\u00fcnchen \u00eempotriva acestor pasaje anti-gay protesteaz\u0103.\u00a0P\u00e9ter Szijj\u00e1rt\u00f3 a spus \u00een acest sens c\u0103 \u00een opinia sa este extrem de d\u0103un\u0103tor \u0219i periculos atunci c\u00e2nd cineva vrea s\u0103 confunde politica cu sportul. El a amintit c\u0103 \u00een istoria lumii au fost multe exemple similare care au avut o finalitate negativ\u0103.\u00a0\u201eDac\u0103 cineva \u0219tie, atunci \u0219tiu germanii c\u0103 amestecarea sportului cu politica este r\u0103u\u201d, a ad\u0103ugat P\u00e9ter Szijj\u00e1rt\u00f3.<\/p>\n<p><strong>\u00a0<\/strong>Potrivit ultimelor informa\u021bii transmise de Agerpres, Germania \u015fi \u0163\u0103rile din grupul Benelux au introdus mar\u0163i pe agenda reuniunii Consiliului Afaceri Generale al UE o declara\u0163ie prin care critic\u0103 legea ungar\u0103 recent adoptat\u0103 care interzice promovarea homosexualit\u0103\u0163ii \u00een r\u00e2ndul minorilor, lege calificat\u0103 de unii dintre mini\u015ftrii europeni participan\u0163i la aceast\u0103 reuniune drept \u201dnedemn\u0103\u201d pentru Europa \u015fi contrar\u0103 \u201dvalorilor\u201d europene.<\/p>\n<p>R\u0103spunz\u00e2nd criticilor colegilor s\u0103i europeni, ministrul de externe ungar P\u00e9ter Szijj\u00e1rt\u00f3 a declarat c\u0103 respectiva lege \u201dnu este \u00eendreptat\u0103 \u00eempotriva niciunei comunit\u0103\u0163i din Ungaria, ci doar \u00eempotriva pedofililor\u201d.<\/p>\n<p>\u201dAceast\u0103 lege nu spune nimic despre orientarea sexual\u0103 a adul\u0163ilor. Ea spune numai c\u0103, p\u00e2n\u0103 la v\u00e2rsta de 18 ani, educa\u0163ia sexual\u0103 a copiilor \u0163ine exclusiv de p\u0103rin\u0163ii lor, asta-i tot\u201d, a explicat ministrul ungar.<\/p>\n<p>Sursa: MTI\/Agerpres\/G4media.ro<\/p>\n<p>Redactat de: Sz\u00e9kely D\u00e9nes<\/p>\n<p>Foto:mandiner.hu<\/p>\n","protected":false},"excerpt":{"rendered":"<p>\u00a0P\u00e9ter Szijj\u00e1rt\u00f3 a salutat decizia UEFA \u201dLiderii Uniunii Europene de Fotbal (UEFA) au luat o decizie corect\u0103 de a nu asista la provocarea <\/p>\n","protected":false},"author":1,"featured_media":5719,"comment_status":"open","ping_status":"open","sticky":false,"template":"","format":"standard","meta":{"footnotes":""},"categories":[766],"tags":[3160,3162,3161,36,3022],"class_list":["post-5718","post","type-post","status-publish","format-standard","has-post-thumbnail","hentry","category-sport","tag-a-interzis","tag-culorile-curcubeului","tag-iluminare-arena-allianz","tag-stiri-fara-frontiere","tag-uefa"],"_links":{"self":[{"href":"https:\/\/hatarok-nelkul.com\/ro\/index.php?rest_route=\/wp\/v2\/posts\/5718","targetHints":{"allow":["GET"]}}],"collection":[{"href":"https:\/\/hatarok-nelkul.com\/ro\/index.php?rest_route=\/wp\/v2\/posts"}],"about":[{"href":"https:\/\/hatarok-nelkul.com\/ro\/index.php?rest_route=\/wp\/v2\/types\/post"}],"author":[{"embeddable":true,"href":"https:\/\/hatarok-nelkul.com\/ro\/index.php?rest_route=\/wp\/v2\/users\/1"}],"replies":[{"embeddable":true,"href":"https:\/\/hatarok-nelkul.com\/ro\/index.php?rest_route=%2Fwp%2Fv2%2Fcomments&post=5718"}],"version-history":[{"count":1,"href":"https:\/\/hatarok-nelkul.com\/ro\/index.php?rest_route=\/wp\/v2\/posts\/5718\/revisions"}],"predecessor-version":[{"id":5720,"href":"https:\/\/hatarok-nelkul.com\/ro\/index.php?rest_route=\/wp\/v2\/posts\/5718\/revisions\/5720"}],"wp:featuredmedia":[{"embeddable":true,"href":"https:\/\/hatarok-nelkul.com\/ro\/index.php?rest_route=\/wp\/v2\/media\/5719"}],"wp:attachment":[{"href":"https:\/\/hatarok-nelkul.com\/ro\/index.php?rest_route=%2Fwp%2Fv2%2Fmedia&parent=5718"}],"wp:term":[{"taxonomy":"category","embeddable":true,"href":"https:\/\/hatarok-nelkul.com\/ro\/index.php?rest_route=%2Fwp%2Fv2%2Fcategories&post=5718"},{"taxonomy":"post_tag","embeddable":true,"href":"https:\/\/hatarok-nelkul.com\/ro\/index.php?rest_route=%2Fwp%2Fv2%2Ftags&post=5718"}],"curies":[{"name":"wp","href":"https:\/\/api.w.org\/{rel}","templated":true}]}}