{"id":5721,"date":"2021-06-24T09:34:22","date_gmt":"2021-06-24T06:34:22","guid":{"rendered":"https:\/\/hatarok-nelkul.com\/ro\/?p=5721"},"modified":"2021-06-24T09:35:40","modified_gmt":"2021-06-24T06:35:40","slug":"comisia-europeana-a-demarat-procedura-de-infringement-impotriva-ungariei-dupa-suspendarea-licentei-postului-de-radio-independent-klubradio","status":"publish","type":"post","link":"https:\/\/hatarok-nelkul.com\/ro\/?p=5721","title":{"rendered":"Comisia European\u0103 a demarat procedura de infringement \u00eempotriva Ungariei dup\u0103 suspendarea licen\u0163ei postului de radio independent Klubr\u00e1di\u00f3"},"content":{"rendered":"<p>Comisia European\u0103 a demarat recent procedura de infringement \u00eempotriva Ungariei din cauza \u00eenc\u0103lc\u0103rii normelor UE privind comunica\u021biile electronice , a anun\u021bat Executivul de la Bruxelles.<\/p>\n<p>Comisia European\u0103 a declarat c\u0103 a ini\u021biat procedura de \u00eenc\u0103lcare a dreptului comunitar \u00eempotriva Ungariei, dup\u0103 ce Consiliul Media din Ungaria a respins din motive extrem de discutabile cererea postului de radio independent Klubr\u00e1di\u00f3 de a utiliza spectrul de frecven\u021b\u0103 radio.<\/p>\n<p>Drepturile privind procedurile de atribuire, prelungire sau de revocare a frecven\u021belor sunt supuse regulilor UE privind telecomunica\u021biile, stabilite \u00een Codul European al Comunica\u021biilor Electronice. Principiile directoare ale acestor reguli sunt: propor\u021bionalitatea \u0219i nediscriminarea. Potrivit Comisiei Europene, decizia Consiliului Media din Ungaria de a respinge re\u00eennoirea drepturilor Klubr\u00e1di\u00f3 este dispropor\u021bionat\u0103 \u0219i netransparent\u0103, \u0219i \u00een consecin\u021b\u0103 \u00eencalc\u0103 legisla\u021bia UE.<\/p>\n<p>Comisia European\u0103 consider\u0103, de asemenea, c\u0103 legea ungar\u0103 a mass-mediei a fost aplicat\u0103 \u00een mod discriminatoriu \u00een acest caz.<\/p>\n<p>Prin urmare, Comisia European\u0103 va trimite Ungariei o scrisoare de avertizare,\u00a0 acord\u00e2ndu-i dou\u0103 luni pentru a r\u0103spunde la argumentele Executivului. \u00cen caz contrar, Comisia European\u0103 va transmite Ungariei o opinie motivat\u0103, ca urm\u0103tor pas al procedurii de \u00eenc\u0103lcare a dreptului comunitar.<\/p>\n<p>\u201eLe-am cerut autorit\u0103\u0163ilor ungare s\u0103 g\u0103seasc\u0103 o solu\u0163ie astfel \u00eenc\u00e2t Klubr\u00e1di\u00f3 s\u0103 continue s\u0103 emit\u0103, \u00eens\u0103 nu am primit nici un r\u0103spuns\u201d,\u00a0 a scris pe Twitter Vera Jourova, vicepre\u015fedint\u0103 a Comisiei Europene, pentru a explica ini\u0163ierea acestei proceduri, care poate duce la o sesizare a Cur\u0163ii de Justi\u0163ie a UE.<\/p>\n<p>Klubr\u00e1di\u00f3, ale c\u0103rui jurnale de \u015ftiri \u015fi dezbateri sunt deseori critice la adresa guvernului condus de premierul Viktor Orb\u00e1n, difuzeaz\u0103 online din februarie, dup\u0103 ce i-a fost respins apelul de a-\u015fi p\u0103stra licen\u0163a de exploatare, relateaz\u0103 AFP, citat\u0103 de Agerpres.<\/p>\n<p>Sursa: napi.hu<\/p>\n<p>Traducerea: P\u00e9terfy T\u00fcnde<\/p>\n<p>Foto:napi.hu<\/p>\n<p>&nbsp;<\/p>\n","protected":false},"excerpt":{"rendered":"<p>Comisia European\u0103 a demarat recent procedura de infringement \u00eempotriva Ungariei din cauza \u00eenc\u0103lc\u0103rii normelor UE privind comunica\u021biile electronice , a anun\u021bat Executivul de <\/p>\n","protected":false},"author":1,"featured_media":5722,"comment_status":"open","ping_status":"open","sticky":false,"template":"","format":"standard","meta":{"footnotes":""},"categories":[29],"tags":[896,271,2879,3163,36,40],"class_list":["post-5721","post","type-post","status-publish","format-standard","has-post-thumbnail","hentry","category-externe","tag-ce","tag-infringement","tag-klubradio","tag-procedura","tag-stiri-fara-frontiere","tag-ungaria"],"_links":{"self":[{"href":"https:\/\/hatarok-nelkul.com\/ro\/index.php?rest_route=\/wp\/v2\/posts\/5721","targetHints":{"allow":["GET"]}}],"collection":[{"href":"https:\/\/hatarok-nelkul.com\/ro\/index.php?rest_route=\/wp\/v2\/posts"}],"about":[{"href":"https:\/\/hatarok-nelkul.com\/ro\/index.php?rest_route=\/wp\/v2\/types\/post"}],"author":[{"embeddable":true,"href":"https:\/\/hatarok-nelkul.com\/ro\/index.php?rest_route=\/wp\/v2\/users\/1"}],"replies":[{"embeddable":true,"href":"https:\/\/hatarok-nelkul.com\/ro\/index.php?rest_route=%2Fwp%2Fv2%2Fcomments&post=5721"}],"version-history":[{"count":1,"href":"https:\/\/hatarok-nelkul.com\/ro\/index.php?rest_route=\/wp\/v2\/posts\/5721\/revisions"}],"predecessor-version":[{"id":5723,"href":"https:\/\/hatarok-nelkul.com\/ro\/index.php?rest_route=\/wp\/v2\/posts\/5721\/revisions\/5723"}],"wp:featuredmedia":[{"embeddable":true,"href":"https:\/\/hatarok-nelkul.com\/ro\/index.php?rest_route=\/wp\/v2\/media\/5722"}],"wp:attachment":[{"href":"https:\/\/hatarok-nelkul.com\/ro\/index.php?rest_route=%2Fwp%2Fv2%2Fmedia&parent=5721"}],"wp:term":[{"taxonomy":"category","embeddable":true,"href":"https:\/\/hatarok-nelkul.com\/ro\/index.php?rest_route=%2Fwp%2Fv2%2Fcategories&post=5721"},{"taxonomy":"post_tag","embeddable":true,"href":"https:\/\/hatarok-nelkul.com\/ro\/index.php?rest_route=%2Fwp%2Fv2%2Ftags&post=5721"}],"curies":[{"name":"wp","href":"https:\/\/api.w.org\/{rel}","templated":true}]}}