{"id":5807,"date":"2021-08-18T23:11:15","date_gmt":"2021-08-18T20:11:15","guid":{"rendered":"https:\/\/hatarok-nelkul.com\/ro\/?p=5807"},"modified":"2021-08-18T23:12:31","modified_gmt":"2021-08-18T20:12:31","slug":"zilele-culturii-maghiare-in-week-end-la-oradea","status":"publish","type":"post","link":"https:\/\/hatarok-nelkul.com\/ro\/?p=5807","title":{"rendered":"Zilele Culturii Maghiare, \u00een week-end, la Oradea"},"content":{"rendered":"<p>Cea mai mare comunitate local\u0103 dup\u0103 majoritatea rom\u00e2neasc\u0103 este cea maghiar\u0103, care reprezint\u0103 aproximativ 25% din totalul popula\u021biei ora\u0219ului. \u00cen fiecare an, Visit Oradea cu sprijinul Prim\u0103riei Municipiului Oradea dedic\u0103 un eveniment acestei comunit\u0103\u021bi, eveniment prin care sunt promovate tradi\u021biile, specificul \u0219i istoria comun\u0103.<\/p>\n<p>Edi\u021bia 2021 a Zilelor Culturii Maghiare este programat\u0103 \u00een perioada 20-22 august, \u00een dou\u0103 loca\u021bii: Cetatea Oradea \u0219i Pia\u021ba Unirii. Programul edi\u021biei va cuprinde concerte \u00een aer liber, un spectacol de stand-up comedy \u0219i T\u00e2rgul me\u0219terilor populari din Valea Ierului.<\/p>\n<p><strong>Program artisitc<\/strong><\/p>\n<p>Vineri, 20 august<\/p>\n<p>Filarmonica de Stat Oradea, Sala de concerte \u201eEnescu &#8211; Bart\u00f3k\u02ee<\/p>\n<p>19:00 &#8211; 20:30 Johannes Brahms &#8211; Dansuri maghiare nr. 1 &#8211; 21.<\/p>\n<p>Dirijor: ROMEO R\u00ceMBU<\/p>\n<p>Biletele sunt puse \u00een v\u00e2nzare la Casieria Filarmonicii \u0219i online, pe https:\/\/www.bilete.ro\/mvc\/booking\/event\/28523<\/p>\n<p>S\u00e2mb\u0103t\u0103, 21 august<\/p>\n<p>Cetatea Oradea, Teatrul de Var\u0103<\/p>\n<p>19:00 &#8211; 20:00\u00a0\u00a0\u00a0\u00a0 Spectacol pentru copii cu trupa MintaPinty zenekar<\/p>\n<p>20:30 &#8211; 22:00\u00a0\u00a0\u00a0 Concert LAJK\u00d3 F\u00c9LIX<\/p>\n<p>Duminic\u0103, 22 august<\/p>\n<p>Cetatea Oradea, Teatrul de Var\u0103<\/p>\n<p>18:00 &#8211; 19:00\u00a0\u00a0\u00a0\u00a0 Stand-up comedy cu Felm\u00e9ri P\u00e9ter<\/p>\n<p>19:30 &#8211; 21:00\u00a0\u00a0\u00a0\u00a0 Concert HOT JAZZ BAND<\/p>\n<p>T\u00e2rgul Me\u0219terilor Populari<\/p>\n<p>Pia\u021ba Unirii<\/p>\n<p>20-22 August, 10:00 &#8211; 21:00<\/p>\n<p>La fel ca \u00een fiecare an, \u00een data de 21 august, vom \u00eent\u00e2mpina celebrele care alegorice cu flori \u00een Pia\u021ba Unirii. Carele alegorice vor putea fi admirate \u00een Pia\u021ba Unirii \u00eencep\u00e2nd cu ora 10:00 \u0219i p\u00e2n\u0103 la ora 17:00, c\u00e2nd acestea vor porni \u00een traseu prin jude\u021bul Bihor.<\/p>\n<p>Conform normelor \u00een vigoare date de autorit\u0103\u021bile rom\u00e2ne, accesul la spectacolele din Cetatea Oradea este permis pentru persoanele care: sunt vaccinate \u00eempotriva virusului SARS-CoV-2 \u0219i au trecut 10 zile de la finalizarea schemei complete de vaccinare; prezint\u0103 rezultatul negativ al unui test RT-PCR pentru infec\u021bia cu virusul SARS-CoV-2 nu mai vechi de 72 de ore; prezint\u0103 rezultatul negativ certificat al unui test antigen rapid pentru infec\u021bia cu virusul SARS-CoV-2 nu mai vechi de 24 de ore; se afl\u0103 \u00een perioada cuprins\u0103 \u00eentre a 15-a zi \u0219i a 180-a zi ulterioar\u0103 confirm\u0103rii infect\u0103rii cu SARS-CoV-2.<\/p>\n<p>Verificarea se va face la intrarea \u00een perimetru.<\/p>\n<p>Masca de protec\u021bie este obligatorie pentru to\u021bi spectatorii cu v\u00e2rsta &gt; 5 ani.<\/p>\n<p>Organizatori: Asocia\u021bia pentru promovarea turismului din Oradea \u0219i regiune (Visit Oradea) \u0219i Prim\u0103ria Municipiului Oradea.<\/p>\n<p>Parteneri: Szent L\u00e1szl\u00f3 Egyes\u00fclet (Asocia\u021bia Sf. Ladislau), Asocia\u021bia Produc\u0103torilor din Valea Ierului.<\/p>\n<p>Sursa: stiriletransilvaniei.ro<\/p>\n<p>Foto:ebihoreanul.ro<\/p>\n<p>&nbsp;<\/p>\n","protected":false},"excerpt":{"rendered":"<p>Cea mai mare comunitate local\u0103 dup\u0103 majoritatea rom\u00e2neasc\u0103 este cea maghiar\u0103, care reprezint\u0103 aproximativ 25% din totalul popula\u021biei ora\u0219ului. \u00cen fiecare an, Visit <\/p>\n","protected":false},"author":1,"featured_media":5808,"comment_status":"open","ping_status":"open","sticky":false,"template":"","format":"standard","meta":{"footnotes":""},"categories":[139],"tags":[3249,656,36,3248],"class_list":["post-5807","post","type-post","status-publish","format-standard","has-post-thumbnail","hentry","category-cultura","tag-in-weekend","tag-la-oradea","tag-stiri-fara-frontiere","tag-zilele-culturii-maghiare"],"_links":{"self":[{"href":"https:\/\/hatarok-nelkul.com\/ro\/index.php?rest_route=\/wp\/v2\/posts\/5807","targetHints":{"allow":["GET"]}}],"collection":[{"href":"https:\/\/hatarok-nelkul.com\/ro\/index.php?rest_route=\/wp\/v2\/posts"}],"about":[{"href":"https:\/\/hatarok-nelkul.com\/ro\/index.php?rest_route=\/wp\/v2\/types\/post"}],"author":[{"embeddable":true,"href":"https:\/\/hatarok-nelkul.com\/ro\/index.php?rest_route=\/wp\/v2\/users\/1"}],"replies":[{"embeddable":true,"href":"https:\/\/hatarok-nelkul.com\/ro\/index.php?rest_route=%2Fwp%2Fv2%2Fcomments&post=5807"}],"version-history":[{"count":1,"href":"https:\/\/hatarok-nelkul.com\/ro\/index.php?rest_route=\/wp\/v2\/posts\/5807\/revisions"}],"predecessor-version":[{"id":5809,"href":"https:\/\/hatarok-nelkul.com\/ro\/index.php?rest_route=\/wp\/v2\/posts\/5807\/revisions\/5809"}],"wp:featuredmedia":[{"embeddable":true,"href":"https:\/\/hatarok-nelkul.com\/ro\/index.php?rest_route=\/wp\/v2\/media\/5808"}],"wp:attachment":[{"href":"https:\/\/hatarok-nelkul.com\/ro\/index.php?rest_route=%2Fwp%2Fv2%2Fmedia&parent=5807"}],"wp:term":[{"taxonomy":"category","embeddable":true,"href":"https:\/\/hatarok-nelkul.com\/ro\/index.php?rest_route=%2Fwp%2Fv2%2Fcategories&post=5807"},{"taxonomy":"post_tag","embeddable":true,"href":"https:\/\/hatarok-nelkul.com\/ro\/index.php?rest_route=%2Fwp%2Fv2%2Ftags&post=5807"}],"curies":[{"name":"wp","href":"https:\/\/api.w.org\/{rel}","templated":true}]}}