{"id":5861,"date":"2021-09-30T22:11:45","date_gmt":"2021-09-30T19:11:45","guid":{"rendered":"https:\/\/hatarok-nelkul.com\/ro\/?p=5861"},"modified":"2021-09-30T22:20:45","modified_gmt":"2021-09-30T19:20:45","slug":"recensamantul-populatiei-de-anul-viitor-este-o-confirmare-pentru-comunitatea-noastra-in-sensul-ca-suntem-aici-avem-o-voce-si-chiar-putem-face-ca-aceasta-voce-sa-ajunga-acolo-unde-sunt-luate","status":"publish","type":"post","link":"https:\/\/hatarok-nelkul.com\/ro\/?p=5861","title":{"rendered":"\u201eRecens\u0103m\u00e2ntul popula\u0163iei de anul viitor este o confirmare pentru comunitatea noastr\u0103 \u00een sensul c\u0103 suntem aici, avem o voce \u015fi chiar putem face ca aceast\u0103 voce s\u0103 ajung\u0103 acolo unde sunt luate deciziile\u201d \u2013 interviu cu consilierul local \u00een cadrul Prim\u0103riei T\u00e2rgu Mure\u015f, Csenge Frunda"},"content":{"rendered":"<p>Din cauza epidemiei cu noul coronavirus organizarea recens\u0103m\u00e2ntului popula\u0163iei \u015fi locuin\u0163elor din Rom\u00e2nia,\u00a0 planificat\u0103 pentru 2021, a fost am\u00e2nat\u0103 pentru anul viitor.<\/p>\n<p>Depinde de procentul popula\u021biei maghiare stabilit \u00een recens\u0103m\u00e2ntul popula\u021biei \u0219i locuin\u021belor, dac\u0103 o minoritate na\u0163ional\u0103 dintr-o localitate dat\u0103 are dreptul s\u0103 fie informat\u0103 \u00een limba matern\u0103, respectiv s\u0103 \u00ee\u0219i foloseasc\u0103 limba matern\u0103 \u00een institu\u0163ii. Conform legisla\u021biei actuale, drepturile lingvistice sunt acordate minorit\u0103\u021bilor na\u021bionale, dac\u0103 procentul lor dep\u0103\u015fe\u015fte dou\u0103zeci la sut\u0103 din popula\u021bie \u00een respectiva localitate.<\/p>\n<p>Referitor la recens\u0103m\u00e2ntul de anul viitor consilierul local \u00een cadrul Prim\u0103riei T\u00e2rgu Mure\u015f, Csenge Frunda, a declarat portalului nostru:<\/p>\n<p>\u201eRecens\u0103m\u00e2ntul popula\u0163iei de anul viitor are o miz\u0103 foarte mare pentru comunitatea maghiar\u0103 din Rom\u00e2nia, deoarece este, de fapt, o m\u0103rturie despre c\u00e2\u0163i suntem noi, cei care tr\u0103im aici, \u00een Rom\u00e2nia, respectiv este o confirmare pentru comunitatea noastr\u0103 \u00een sensul c\u0103 suntem aici, avem o voce \u015fi chiar putem face ca aceast\u0103 voce s\u0103 ajung\u0103 acolo unde sunt luate deciziile, putem face ca for\u0163a noastr\u0103 s\u0103 fie sim\u0163it\u0103 \u0219i c\u0103 \u00eenc\u0103 suntem aici\u201d.<\/p>\n<p>R\u0103spunz\u00e2nd la \u00eentrebarea, cum se va putea adresa eficient persoanelor care se simt legate prin cultura \u015fi limba lor de statutul de maghiar, respectiv persoanelor care tr\u0103iesc \u00een c\u0103s\u0103torii mixte, dispersate, \u00een marile ora\u015fe, sau celor care \u00eenva\u0163\u0103 sau lucreaz\u0103 \u00een str\u0103in\u0103tate, a subliniat:<\/p>\n<p>\u201eCa rezultatele recens\u0103m\u00e2ntului s\u0103 reflecte realitatea, este necesar ca fiecare maghiar s\u0103 participe la recens\u0103m\u00e2nt: s\u0103 completeze chestionarul online \u015fi s\u0103 \u00eei primeasc\u0103 pe recenzori. Aici a\u015f dori s\u0103 eviden\u0163iez rolul tinerilor, deoarece cred c\u0103 rolul tinerilor va fi exponen\u021bial mai mare la recens\u0103m\u00e2ntul de anul viitor, deoarece \u0219tim deja c\u0103 chestionarele vor fi completate online, ceea ce \u00eenseamn\u0103 c\u0103 tinerii, c\u0103rora gestionarea platformelor online numai reprezint\u0103 o problem\u0103, pot acorda un ajutor persoanelor mai \u00een v\u00e2rst\u0103 care nu se descurc\u0103 \u00een lumea online. Tocmai de aceea cred c\u0103 noi, tinerii, avem o mare responsabilitate. Pe de alt\u0103 parte, a\u015f dori s\u0103 subliniez campania de recens\u0103m\u00e2nt, care va acoperi \u00eentreaga \u021bar\u0103 \u0219i toate a\u0219ez\u0103rile locuite de maghiari, \u0219i se va adresa tuturor maghiarilor. \u00cen acest scop a fost creat deja website-ul nepszamlalas.ro\/recens\u0103m\u00e2nt.ro \u015fi un cont Facebook asociat \u00een care vor fi accesibile toate informa\u0163iile utile\u201d.<\/p>\n<p>La \u00eentrebarea, dac\u0103 la recens\u0103m\u00e2nt secuii vor fi lua\u0163i separat de maghiari, \u00een condi\u0163iile \u00een care \u00een ultimii ani identit\u0103\u0163ile regionale, astfel \u015fi cea secuiasc\u0103, au devenit mai accentuate chiar \u015fi \u00een interiorul Transilvaniei, Csenge Frunda a precizat:<\/p>\n<p>\u201ePeste tot, sim\u021bul identit\u0103\u021bii este foarte viu \u00een oameni \u0219i acest sim\u0163 \u00eel determin\u0103 via\u021ba lor de zi cu zi, \u00een toate modurile, \u00eens\u0103 deocamdat\u0103 nu s-a luat \u00eenc\u0103 nicio decizie \u00een acest sens, nomenclatorul etnicilor nu a fost \u00eenc\u0103 finalizat despre care va decide Guvernul\u201d.<\/p>\n<p>La \u00eentrebarea, cum vor fi ajuta\u0163i oamenii care nu vorbesc sau vorbesc mai pu\u0163in limba rom\u00e2n\u0103 \u00een vederea particip\u0103rii lor la recens\u0103m\u00e2nt, a men\u0163ionat:<\/p>\n<p>\u201eDup\u0103 30 de ani este pentru prima dat\u0103 c\u00e2nd acest chestionar va fi accesibil \u015fi \u00een limba maghiar\u0103, nu doar \u00een limba rom\u00e2n\u0103. Realizarea acestuia se datoreaz\u0103 rezultatului muncii eficiente al colegilor mei din UDMR. Din c\u00e2te \u0219tiu, chestionarul va fi disponibil \u015fi \u00een limbile materne ale altor minorit\u0103\u0163i. La fel de important este ca \u00een toate localit\u0103\u0163ile \u00een care tr\u0103iesc \u015fi maghiari s\u0103 existe recenzori vorbitori de limb\u0103 maghiar\u0103. \u00cen cazul \u00een care nu vor fi recenzori vorbitori de limb\u0103 maghiar\u0103, recenzorii rom\u00e2ni vor avea asupra lor \u015fi chestionarele \u00een limba maghiar\u0103 care va facilita completarea acestora\u201d.<\/p>\n<p>La \u00eentrebarea, cum se raporteaz\u0103 comunitatea maghiar\u0103 fa\u0163\u0103 de recens\u0103m\u00e2ntul de anul viitor, care sunt a\u015ftept\u0103rile ei, consilierul Csenge Frunda a afirmat:<\/p>\n<p>\u201eDeocamdat\u0103 oamenii nu vorbesc foarte mult despre acest recens\u0103m\u00e2nt, respectiv nu reprezint\u0103 at\u00e2t de mult un subiect al vie\u0163ii de zi cu zi. Pe de alt\u0103 parte, potrivit unor sondaje, maghiarii manifest\u0103 interes fa\u0163\u0103 de recens\u0103m\u00e2nt \u015fi consider\u0103 c\u0103 are o miz\u0103 important\u0103. \u00cen cazul meu, \u0163inta, prioritatea sunt, pe de o parte, tinerii, iar pe de alt\u0103 parte, comunitatea din T\u00e2rgu Mure\u0219, \u00eens\u0103 este clar c\u0103 trebuie s\u0103 facem \u00een a\u015fa fel \u00eenc\u00e2t informa\u0163ia s\u0103 ajung\u0103 la toat\u0103 lumea, ca toat\u0103 lumea s\u0103 \u00een\u0163eleag\u0103 c\u0103 este foarte important ca to\u021bi maghiarii din Rom\u00e2nia s\u0103 completeze acest chestionar\u201d.<\/p>\n<p>\u00cen final am dorit s\u0103 \u015ftim cum apreciaz\u0103, care este opinia locuitorilor ora\u015fului T\u00e2rgu Mure\u015f despre activitatea desf\u0103\u015furat\u0103 de noua conducere:<\/p>\n<p>\u201e\u00cen ultimul an am avut parte \u015fi de rele \u015fi de bune, din bel\u015fug, dar cred c\u0103 a\u015ftept\u0103rile au fost foarte mari, deoarece \u00eentr-adev\u0103r \u00een ultimii 20 de ani managementul ora\u015fului a fost extrem de d\u0103un\u0103tor, risipitor \u015fi foarte p\u0103c\u0103tos, \u00eens\u0103 cred c\u0103 nu este o a\u015fteptare realist\u0103 ca noi s\u0103 reglement\u0103m pe parcursul unui an toate deciziile gre\u015fite luate de conducerea anterioar\u0103 a ora\u015fului timp de 20 de ani. Aceasta este absolut imposibil \u015fi constat\u0103m \u00een fiecare zi. Am \u015ftiut cu to\u0163ii ceea ce urmeaz\u0103 s\u0103 ne asum\u0103m, \u015ftiam c\u0103 acest an (care a trecut de la instalarea noii conduceri) va fi anul \u00een care trebuie s\u0103 facem ordine, respectiv am \u015ftiut c\u0103 \u00een momentul \u00een care vom fi la conducerea ora\u015fului vom reu\u015fi cu greu s\u0103 facem ordine \u00eentr-un sistem administrativ supra-birocratic \u015fi foarte vechi, conservator. \u00cen schimb, cred c\u0103 ne-am angajat deja \u00eentr-o traiectorie ascendent\u0103, am f\u0103cut progrese \u00een multe lucruri. Desigur, aceste progrese se fac, deoacamdat\u0103, \u00een fundal, iar rezultatele practice, tangibile, vor fi vizibile peste un an, doi ani, sau exist\u0103 \u015fi situa\u021bii \u00een care vor fi vizibile peste trei ani. Dar eu sunt optimist\u0103 c\u0103 avem o echip\u0103 bun\u0103, ne-am asumat \u00eempreun\u0103 aceast\u0103 sarcin\u0103 \u015fi tot \u00eempreun\u0103 vom duce la bun sf\u00e2r\u015fit. Grupul UDMR din conducerea local\u0103 \u015fi domnul primar, respectiv domnul primar \u015fi viceprimarii sunt \u00een rela\u0163ii de cooperare\u00a0 foarte bune, avem o colaborare excelent\u0103 \u00eempreun\u0103 \u015fi am speran\u0163a c\u0103 aceast\u0103 cooperare se va vedea \u015fi \u00een rezulatetele noastre peste trei ani (la sf\u00e2r\u015fitul mandatului nostru). Timp de trei ani vom putea realiza multe. Toat\u0103 lumea este pe deplin con\u0219tient\u0103 c\u0103 ace\u0219ti trei ani vor fi duri, la fel\u00a0 sau poate chiar mai duri dec\u00e2t ultimul an, deoarece trebuie s\u0103 punem pe mas\u0103 rezultate concrete \u015fi aici m\u0103 g\u00e2ndesc la construirea cre\u0219elor \u015fi \u0219colilor, la construirea unui drum de ocolire \u015fi la alte investi\u021bii infrastructurale, dar la fel de important\u0103 este \u015fi relansarea vie\u021bii culturale, toate m\u0103surile care vor face via\u021ba oamenilor din T\u00e2rgu Mure\u015f mai bun\u0103. De fapt, acesta este scopul nostru \u0219i de aceea muncim \u00een fiecare zi\u201d, a declarat portalului nostru Csenge Frunda, consilier local.<\/p>\n<p>Fa\u0163\u0103 de pozi\u0163ia exprimat\u0103 de\u00a0 Csenge Frunda, pe acest ultim subiect, ne facem datoria jurnalistic\u0103 de a preciza c\u0103, \u00een ultimii 20 de ani men\u021biona\u021bi, UDMR a f\u0103cut parte din administra\u021bia public\u0103 local\u0103 din municipiul T\u00e2rgu Mure\u0219, av\u00e2nd, de obicei, cel mai mare num\u0103r de consilieri locali \u015fi un post de viceprimar asigurat.<\/p>\n<p>Interviu realizat de: Bal\u00e1zs Magdolna<\/p>\n<p>Foto:udmr.ro<\/p>\n","protected":false},"excerpt":{"rendered":"<p>Din cauza epidemiei cu noul coronavirus organizarea recens\u0103m\u00e2ntului popula\u0163iei \u015fi locuin\u0163elor din Rom\u00e2nia,\u00a0 planificat\u0103 pentru 2021, a fost am\u00e2nat\u0103 pentru anul viitor. Depinde <\/p>\n","protected":false},"author":1,"featured_media":5862,"comment_status":"open","ping_status":"open","sticky":false,"template":"","format":"standard","meta":{"footnotes":""},"categories":[9],"tags":[3300,3303,3302,2786,3304,36,16],"class_list":["post-5861","post","type-post","status-publish","format-standard","has-post-thumbnail","hentry","category-interviuri","tag-3300","tag-consilier-local","tag-csenge-frunda","tag-populatiei","tag-recensamant","tag-stiri-fara-frontiere","tag-targu-mures"],"_links":{"self":[{"href":"https:\/\/hatarok-nelkul.com\/ro\/index.php?rest_route=\/wp\/v2\/posts\/5861","targetHints":{"allow":["GET"]}}],"collection":[{"href":"https:\/\/hatarok-nelkul.com\/ro\/index.php?rest_route=\/wp\/v2\/posts"}],"about":[{"href":"https:\/\/hatarok-nelkul.com\/ro\/index.php?rest_route=\/wp\/v2\/types\/post"}],"author":[{"embeddable":true,"href":"https:\/\/hatarok-nelkul.com\/ro\/index.php?rest_route=\/wp\/v2\/users\/1"}],"replies":[{"embeddable":true,"href":"https:\/\/hatarok-nelkul.com\/ro\/index.php?rest_route=%2Fwp%2Fv2%2Fcomments&post=5861"}],"version-history":[{"count":2,"href":"https:\/\/hatarok-nelkul.com\/ro\/index.php?rest_route=\/wp\/v2\/posts\/5861\/revisions"}],"predecessor-version":[{"id":5864,"href":"https:\/\/hatarok-nelkul.com\/ro\/index.php?rest_route=\/wp\/v2\/posts\/5861\/revisions\/5864"}],"wp:featuredmedia":[{"embeddable":true,"href":"https:\/\/hatarok-nelkul.com\/ro\/index.php?rest_route=\/wp\/v2\/media\/5862"}],"wp:attachment":[{"href":"https:\/\/hatarok-nelkul.com\/ro\/index.php?rest_route=%2Fwp%2Fv2%2Fmedia&parent=5861"}],"wp:term":[{"taxonomy":"category","embeddable":true,"href":"https:\/\/hatarok-nelkul.com\/ro\/index.php?rest_route=%2Fwp%2Fv2%2Fcategories&post=5861"},{"taxonomy":"post_tag","embeddable":true,"href":"https:\/\/hatarok-nelkul.com\/ro\/index.php?rest_route=%2Fwp%2Fv2%2Ftags&post=5861"}],"curies":[{"name":"wp","href":"https:\/\/api.w.org\/{rel}","templated":true}]}}