{"id":5910,"date":"2021-10-25T20:22:25","date_gmt":"2021-10-25T17:22:25","guid":{"rendered":"https:\/\/hatarok-nelkul.com\/ro\/?p=5910"},"modified":"2021-10-25T20:24:00","modified_gmt":"2021-10-25T17:24:00","slug":"peter-marki-zay-exista-un-consens-in-opozitie-cu-privire-la-maghiarii-de-dincolo-de-granitele-ungariei-in-sensul-ca-nu-vom-retrage-drepturile-dobandite","status":"publish","type":"post","link":"https:\/\/hatarok-nelkul.com\/ro\/?p=5910","title":{"rendered":"P\u00e9ter M\u00e1rki-Zay: Exist\u0103 un consens \u00een opozi\u021bie cu privire la maghiarii de dincolo de grani\u0163ele Ungariei \u00een sensul c\u0103 nu vom retrage drepturile dob\u00e2ndite"},"content":{"rendered":"<p>Portalul transindex.ro a relizat recent un interviu cu primarul ora\u015fului ungar H\u00f3dmez\u0151v\u00e1s\u00e1rhely, jude\u0163ul Csongr\u00e1d, P\u00e9ter M\u00e1rki-Zay, candidatul comun al opozi\u021biei ungare la func\u0163ia de premier al Ungariei la alegerile din 2022.<\/p>\n<p>\u00cen cadrul interviului s-a discutat, printre altele, despre sistemul de sprijin \u0219i dreptul de vot al maghiarilor de dincolo de grani\u0163ele Ungariei. \u00cen acest sens, P\u00e9ter M\u00e1rki-Zay a precizat: Exist\u0103 un consens \u00een opozi\u021bie cu privire la maghiarii de dincolo de grani\u0163ele \u0163\u0103rii \u00een sensul c\u0103 nu vom retrage drepturile dob\u00e2ndite\u201d. El a mai spus c\u0103 \u201ecrearea transparen\u021bei nu este deloc \u00een contradic\u0163ie cu interesele maghiarilor de dincolo de grani\u0163ele Ungariei&#8221;.<\/p>\n<p>\u00cen ceea ce prive\u0219te evetuala schimbare a dimensiunii subven\u021biilor, M\u00e1rki-Zay a explicat: \u201eEste dificil s\u0103 r\u0103spundem acum la acest aspect. V\u0103d ce sume sunt cheltuite acum \u00een aceast\u0103 direc\u0163ie. Cred c\u0103 exist\u0103 scopuri demne \u0219i legitime \u0219i sunt unele pe care nici \u00een Ungaria nu a\u0219 fi dispus s\u0103 le sus\u021bin, cum ar fi stadioanele. Aceast\u0103 nebunie trebuie s\u0103 se termine! \u201d<\/p>\n<p>\u00cen interviu a fost abordat\u0103 \u015fi chestiuna privind turneul planificat \u00een Tranilvania de c\u0103tre P\u00e9ter M\u00e1rki-Zay, despre care el a spus: Este vorba despre o c\u0103l\u0103torie care a fost preg\u0103tit\u0103 timp de mai multe luni, dar de atunci programul a trebuit modificat, deoarece \u201ebrusc toat\u0103 lumea este ocupat\u0103&#8230;\u201d<\/p>\n<p>Vizita planificat\u0103 a lui P\u00e9ter M\u00e1rki-Zay \u00een Transilvania a divizat publicul maghiar de aici, mai mul\u0163i lideri ai administra\u0163iilor publice locale au adoptat o pozi\u0163ie de refuz fa\u0163\u0103 de inten\u0163ia primarului din Ungaria de a efectua o vizit\u0103.<\/p>\n<p>Potrivit portalului ungar Telex, turneul \u00een Transilvania al lui P\u00e9ter M\u00e1rki-Zay a fost organizat de Prim\u0103ria ora\u015fului H\u00f3dmez\u0151v\u00e1s\u00e1rhely, \u015fi ar fi fost mai degrab\u0103 o vizit\u0103 de \u00eenfr\u0103\u0163ire. M\u00e1rki-Zay a primit r\u0103spunsuri pozitive din partea localit\u0103\u0163ilor \u00eenfr\u0103\u0163ite din Transilvania cu ora\u015ful H\u00f3dmez\u0151v\u00e1s\u00e1rhely, \u00eens\u0103 din partea celorlalte localit\u0103\u0163i nu a primit r\u0103spunsuri prea \u00eencurajatoare.<\/p>\n<p>Politicianul ungar a fost invitat, \u00een schimb, la o \u00eent\u00e2lnire cu publicul, la Cafenea Planetarium din Cluj-Napoca.<\/p>\n<p>P\u00e9ter M\u00e1rki-Zay ar fi trebuit s\u0103 se \u00eent\u00e2lneasc\u0103 cu publicul pe 26 octombrie, de la ora 19:00, \u00eens\u0103 \u2013 potrivit explica\u0163iei oficiale &#8211; av\u00e2nd \u00een vedere restric\u021biile impuse \u00eempotriva r\u0103sp\u00e2ndirii epidemiei de coronavirus, care au intrat \u00een vigoare luni, \u00een Rom\u00e2nia, organizatorii au decis s\u0103 am\u00e2ne aceast\u0103 \u00eent\u00e2lnire pentru o dat\u0103 ulterioar\u0103.<\/p>\n<p>P\u00e9ter M\u00e1rki-Zay a spus c\u0103 nu vrea s\u0103 fac\u0103 campanie \u00een Transilvania, ci s\u0103 se \u00eent\u00e2lneasc\u0103 cu reprezentan\u021bii maghiarilor de acolo.<\/p>\n<p>Sursa. transindex.hu<\/p>\n<p>Traducerea: Sz\u00e9kely D\u00e9nes<\/p>\n<p>Foto: pestisracok.hu<\/p>\n","protected":false},"excerpt":{"rendered":"<p>Portalul transindex.ro a relizat recent un interviu cu primarul ora\u015fului ungar H\u00f3dmez\u0151v\u00e1s\u00e1rhely, jude\u0163ul Csongr\u00e1d, P\u00e9ter M\u00e1rki-Zay, candidatul comun al opozi\u021biei ungare la func\u0163ia <\/p>\n","protected":false},"author":1,"featured_media":5911,"comment_status":"open","ping_status":"open","sticky":false,"template":"","format":"standard","meta":{"footnotes":""},"categories":[29],"tags":[3300,862,2125,3348,3350,3349,3347,36,189],"class_list":["post-5910","post","type-post","status-publish","format-standard","has-post-thumbnail","hentry","category-externe","tag-3300","tag-alegeri","tag-amanata","tag-candidat","tag-din-ungaria-vizita","tag-functia-de-premieri","tag-peter-marki-zay","tag-stiri-fara-frontiere","tag-transilvania"],"_links":{"self":[{"href":"https:\/\/hatarok-nelkul.com\/ro\/index.php?rest_route=\/wp\/v2\/posts\/5910","targetHints":{"allow":["GET"]}}],"collection":[{"href":"https:\/\/hatarok-nelkul.com\/ro\/index.php?rest_route=\/wp\/v2\/posts"}],"about":[{"href":"https:\/\/hatarok-nelkul.com\/ro\/index.php?rest_route=\/wp\/v2\/types\/post"}],"author":[{"embeddable":true,"href":"https:\/\/hatarok-nelkul.com\/ro\/index.php?rest_route=\/wp\/v2\/users\/1"}],"replies":[{"embeddable":true,"href":"https:\/\/hatarok-nelkul.com\/ro\/index.php?rest_route=%2Fwp%2Fv2%2Fcomments&post=5910"}],"version-history":[{"count":1,"href":"https:\/\/hatarok-nelkul.com\/ro\/index.php?rest_route=\/wp\/v2\/posts\/5910\/revisions"}],"predecessor-version":[{"id":5912,"href":"https:\/\/hatarok-nelkul.com\/ro\/index.php?rest_route=\/wp\/v2\/posts\/5910\/revisions\/5912"}],"wp:featuredmedia":[{"embeddable":true,"href":"https:\/\/hatarok-nelkul.com\/ro\/index.php?rest_route=\/wp\/v2\/media\/5911"}],"wp:attachment":[{"href":"https:\/\/hatarok-nelkul.com\/ro\/index.php?rest_route=%2Fwp%2Fv2%2Fmedia&parent=5910"}],"wp:term":[{"taxonomy":"category","embeddable":true,"href":"https:\/\/hatarok-nelkul.com\/ro\/index.php?rest_route=%2Fwp%2Fv2%2Fcategories&post=5910"},{"taxonomy":"post_tag","embeddable":true,"href":"https:\/\/hatarok-nelkul.com\/ro\/index.php?rest_route=%2Fwp%2Fv2%2Ftags&post=5910"}],"curies":[{"name":"wp","href":"https:\/\/api.w.org\/{rel}","templated":true}]}}