{"id":6015,"date":"2021-12-22T21:03:25","date_gmt":"2021-12-22T19:03:25","guid":{"rendered":"https:\/\/hatarok-nelkul.com\/ro\/?p=6015"},"modified":"2021-12-22T21:08:39","modified_gmt":"2021-12-22T19:08:39","slug":"pe-22-decembrie-a-debutat-programul-casa-verde-fotovoltaice","status":"publish","type":"post","link":"https:\/\/hatarok-nelkul.com\/ro\/?p=6015","title":{"rendered":"Pe 22 decembrie a debutat Programul Casa Verde Fotovoltaice"},"content":{"rendered":"<p>Conform planurilor, Programul Casa Verde Fotovoltaice, lansat de Administra\u0163ia Fondului pentru Mediu (AFM), ar fi trebuit s\u0103 debuteze miercuri, de la ora 10.00, \u00eens\u0103 din cauz\u0103 c\u0103 aplica\u021bia informatic\u0103 a \u00eent\u00e2mpinat probleme de natur\u0103 tehnic\u0103 \u0219i nu a permis \u00eenscrierea persoanelor fizice de c\u0103tre instalatori, \u00eencep\u00e2nd cu ora 10.00, dup\u0103 efectuarea testelor suplimentare cu privire la func\u021bionarea aplica\u021biei, AFM a decis reluarea \u00eenscrierilor \u00een aplica\u021bia informatic\u0103 \u00eencep\u00e2nd cu ora 16.00.<\/p>\n<p>\u201dPentru accesarea aplica\u021biei informatice, recomand\u0103m instalatorilor s\u0103 utilizeze browser-ul web Google Chrome\u201d, a anun\u0163at L\u00f3r\u00e1nd-\u00c1rp\u00e1d F\u00fcl\u00f6p, pre\u0219edinte al Administra\u021biei Fondului pentru Mediu.<\/p>\n<p>Barna T\u00e1nczos, ministrul Mediului, Apelor \u015fi P\u0103durilor, a declarat la finalul s\u0103pt\u0103m\u00e2nii trecute:<\/p>\n<p>\u201eAv\u00e2nd \u00een vedere interesul major de care se bucur\u0103 acest program, estim\u0103m c\u0103 bugetul alocat sesiunii care va fi lansat\u0103 s\u0103pt\u0103m\u00e2na viitoare va fi epuizat destul de rapid, dar asigur\u0103m solicitan\u0163ii c\u0103 fondurile vor fi suplimentate. Pentru anul viitor, vom aloca un buget total de 650 milioane lei. Planific\u0103m ca timp de 10 luni, \u00eencep\u00e2nd cu luna ianuarie 2022, programul s\u0103 se desf\u0103\u015foare lunar cu un buget de 65 milioane lei\/lun\u0103, urm\u00e2nd ca, \u00een luna noiembrie, bugetul alocat s\u0103 aib\u0103 o valoare echivalent\u0103 cu suma neutilizat\u0103 din primele 10 luni de desf\u0103\u015furare a programului. Astfel, vom putea aproba to\u0163i solicitan\u0163ii care vor dori s\u0103 participe \u00een cadrul Programului Casa Verde Fotovoltaice\u201d.<\/p>\n<p>Potrivit MMAP, scopul programului \u00eel reprezint\u0103 cre\u015fterea eficien\u0163ei energetice, \u00eembun\u0103t\u0103\u0163irea calit\u0103\u0163ii aerului \u015fi reducerea emisiilor de gaze cu efect de ser\u0103, prin utilizarea sistemelor de panouri fotovoltaice pentru producerea de energie electric\u0103 necesar\u0103 consumului propriu \u015fi livrarea surplusului \u00een sistemul energetic na\u0163ional. Bugetul disponibil dep\u0103\u015fe\u015fte 263 milioane de lei.<\/p>\n<p>Finan\u0163area se acord\u0103 \u00een pondere de p\u00e2n\u0103 la 90% din valoarea total\u0103 a cheltuielilor eligibile, \u00een limita sumei de 20.000 de lei. Suma finan\u0163at\u0103 de Administra\u0163ia Fondului pentru Mediu (AFM) se scade de c\u0103tre instalatorul validat din valoarea total\u0103 a facturii, iar diferen\u0163a se suport\u0103 de beneficiarul final, din surse financiare proprii.<\/p>\n<p>Implementarea proiectului se va realiza \u00een cel mult 12 luni de la semnarea contractului de finan\u0163are nerambursabil\u0103, termen \u00een care trebuie realizat\u0103 instala\u0163ia \u015fi \u00eencheiate formalit\u0103\u0163ile privind recep\u0163ia sistemului de panouri fotovoltaice \u015fi ob\u0163inerea certificatului de racordare.<\/p>\n<p>Monitorizarea finan\u0163\u0103rii acordate \u00een cadrul Programului, a investi\u0163iilor realizate, precum \u015fi a respect\u0103rii condi\u0163iilor prev\u0103zute \u00een Ghidul de finan\u0163are se face de AFM, pe o perioad\u0103 de \u015fase ani de la data ob\u0163inerii de c\u0103tre beneficiarul final a certificatului de racordare.<\/p>\n<p>AFM a publicat, pe site-ul institu\u0163iei, lista instalatorilor valida\u0163i \u00een cadrul Programului privind instalarea sistemelor de panouri fotovoltaice pentru producerea de energie electric\u0103, \u00een vederea acoperirii necesarului de consum \u015fi livr\u0103rii surplusului \u00een re\u0163eaua na\u0163ional\u0103.<\/p>\n<p>Sursa:financialintelligence.ro<\/p>\n<p>Foto: maszol.ro<\/p>\n","protected":false},"excerpt":{"rendered":"<p>Conform planurilor, Programul Casa Verde Fotovoltaice, lansat de Administra\u0163ia Fondului pentru Mediu (AFM), ar fi trebuit s\u0103 debuteze miercuri, de la ora 10.00, <\/p>\n","protected":false},"author":1,"featured_media":6016,"comment_status":"open","ping_status":"open","sticky":false,"template":"","format":"standard","meta":{"footnotes":""},"categories":[393],"tags":[3447,3446,3445,3444,36],"class_list":["post-6015","post","type-post","status-publish","format-standard","has-post-thumbnail","hentry","category-economic","tag-22-decembrie","tag-a-debutat","tag-casa-verde-fotovoltaice","tag-porgram","tag-stiri-fara-frontiere"],"_links":{"self":[{"href":"https:\/\/hatarok-nelkul.com\/ro\/index.php?rest_route=\/wp\/v2\/posts\/6015","targetHints":{"allow":["GET"]}}],"collection":[{"href":"https:\/\/hatarok-nelkul.com\/ro\/index.php?rest_route=\/wp\/v2\/posts"}],"about":[{"href":"https:\/\/hatarok-nelkul.com\/ro\/index.php?rest_route=\/wp\/v2\/types\/post"}],"author":[{"embeddable":true,"href":"https:\/\/hatarok-nelkul.com\/ro\/index.php?rest_route=\/wp\/v2\/users\/1"}],"replies":[{"embeddable":true,"href":"https:\/\/hatarok-nelkul.com\/ro\/index.php?rest_route=%2Fwp%2Fv2%2Fcomments&post=6015"}],"version-history":[{"count":2,"href":"https:\/\/hatarok-nelkul.com\/ro\/index.php?rest_route=\/wp\/v2\/posts\/6015\/revisions"}],"predecessor-version":[{"id":6018,"href":"https:\/\/hatarok-nelkul.com\/ro\/index.php?rest_route=\/wp\/v2\/posts\/6015\/revisions\/6018"}],"wp:featuredmedia":[{"embeddable":true,"href":"https:\/\/hatarok-nelkul.com\/ro\/index.php?rest_route=\/wp\/v2\/media\/6016"}],"wp:attachment":[{"href":"https:\/\/hatarok-nelkul.com\/ro\/index.php?rest_route=%2Fwp%2Fv2%2Fmedia&parent=6015"}],"wp:term":[{"taxonomy":"category","embeddable":true,"href":"https:\/\/hatarok-nelkul.com\/ro\/index.php?rest_route=%2Fwp%2Fv2%2Fcategories&post=6015"},{"taxonomy":"post_tag","embeddable":true,"href":"https:\/\/hatarok-nelkul.com\/ro\/index.php?rest_route=%2Fwp%2Fv2%2Ftags&post=6015"}],"curies":[{"name":"wp","href":"https:\/\/api.w.org\/{rel}","templated":true}]}}