{"id":6230,"date":"2022-03-31T17:05:09","date_gmt":"2022-03-31T14:05:09","guid":{"rendered":"https:\/\/hatarok-nelkul.com\/ro\/?p=6230"},"modified":"2022-03-31T17:06:04","modified_gmt":"2022-03-31T14:06:04","slug":"intalnirea-ministrilor-apararii-din-tarile-grupului-de-la-visegrad-a-fost-anulata","status":"publish","type":"post","link":"https:\/\/hatarok-nelkul.com\/ro\/?p=6230","title":{"rendered":"\u00cent\u00e2lnirea mini\u015ftrilor ap\u0103r\u0103rii din \u0163\u0103rile Grupului de la Visegrad a fost anulat\u0103"},"content":{"rendered":"<p>\u00cent\u00e2lnirea de la Budapesta a mini\u015ftrilor ap\u0103r\u0103rii din \u0163\u0103rile Grupului de la Visegrad a fost anulat\u0103; Polonia \u015fi Cehia au semnalat deja c\u0103 nu vor participa la aceast\u0103 reuniune, scrie Euractiv, care se refer\u0103 la anun\u0163ul Ministerului Ap\u0103r\u0103rii din Slovacia.<\/p>\n<p>Evenimentul trebuia s\u0103 aib\u0103 loc \u00een zilele de 30 \u015fi 31 martie. Ministrul polonez al ap\u0103r\u0103rii, Mariusz B\u0142aszczak, a renun\u0163at din cauza retoricii Ungariei despre invazia rus\u0103 a Ucrainei. Jana \u010cernochov\u00e1, ministrul ceh al ap\u0103r\u0103rii, a semnalat \u00eenc\u0103 de vineri c\u0103 nu va participa la \u00eent\u00e2lnirea din capitala Ungariei. &#8220;\u00cemi pare foarte r\u0103u c\u0103 petrolul rusesc ieftin este acum mai important pentru politicienii ungari dec\u00e2t s\u00e2ngele ucrainean&#8221;, a spus oficialul ceh.<\/p>\n<p>Ministrul ap\u0103r\u0103rii ungar, Tibor Benk\u0151, a reac\u021bionat la toate acestea spun\u00e2nd c\u0103 omologul s\u0103u de la Praga nu a fost la summitul NATO \u0219i oricum nu vorbe\u0219te engleza. Din articolul publicat de portalul amintit a mai rezultat c\u0103 Tibor Benk\u0151 a falsificat realitatea, deoarece la summit-ul NATO, amintit de domnia sa, Cehia a fost reprezentat\u0103 de premierul Petr Fiala, iar \u010cernochov\u00e1 a participat la ambele reuniuni ministeriale anterioare ale NATO care au avut loc \u00een martie \u0219i februarie. \u015ei toate acestea pot fi observate \u00een fotografiile comune realizate la eveniment.<\/p>\n<p>Ceea ce s-a \u00eent\u00e2mplat acum este un alt semn al faptului c\u0103 rela\u0163iile de cooperarea \u00eentre \u0163\u0103rile Grupului de la Visegrad (Ungaria, Polonia, Slovacia, Cehia &#8211; V4), care anterior au fost favorizate \u00een mod spectaculos de Guvernul de la Budapesta, s-au pr\u0103bu\u015fit din cauza pozi\u0163iei pro-ruse a Guvernului ungar. A\u015fa cum a scris anterior \u015fi ziarul ungar &#8220;N\u00e9pszava&#8221;, invadarea Ucrainei de c\u0103tre Rusia a reconfigurat rapid rela\u021biile de putere ale politicii europene, iar Ungaria este perdantul acestui proces.<\/p>\n<p>Sursa: nepszava.hu<\/p>\n<p>Traducerea: P\u00e9terfy T\u00fcnde<\/p>\n<p>Foto: nepszava.hu<\/p>\n","protected":false},"excerpt":{"rendered":"<p>\u00cent\u00e2lnirea de la Budapesta a mini\u015ftrilor ap\u0103r\u0103rii din \u0163\u0103rile Grupului de la Visegrad a fost anulat\u0103; Polonia \u015fi Cehia au semnalat deja c\u0103 <\/p>\n","protected":false},"author":1,"featured_media":6231,"comment_status":"open","ping_status":"open","sticky":false,"template":"","format":"standard","meta":{"footnotes":""},"categories":[29],"tags":[2234,429,1582,3641,36],"class_list":["post-6230","post","type-post","status-publish","format-standard","has-post-thumbnail","hentry","category-externe","tag-anulata","tag-grupul-de-la-visegrad","tag-intalnire","tag-ministrii-apararii","tag-stiri-fara-frontiere"],"_links":{"self":[{"href":"https:\/\/hatarok-nelkul.com\/ro\/index.php?rest_route=\/wp\/v2\/posts\/6230","targetHints":{"allow":["GET"]}}],"collection":[{"href":"https:\/\/hatarok-nelkul.com\/ro\/index.php?rest_route=\/wp\/v2\/posts"}],"about":[{"href":"https:\/\/hatarok-nelkul.com\/ro\/index.php?rest_route=\/wp\/v2\/types\/post"}],"author":[{"embeddable":true,"href":"https:\/\/hatarok-nelkul.com\/ro\/index.php?rest_route=\/wp\/v2\/users\/1"}],"replies":[{"embeddable":true,"href":"https:\/\/hatarok-nelkul.com\/ro\/index.php?rest_route=%2Fwp%2Fv2%2Fcomments&post=6230"}],"version-history":[{"count":1,"href":"https:\/\/hatarok-nelkul.com\/ro\/index.php?rest_route=\/wp\/v2\/posts\/6230\/revisions"}],"predecessor-version":[{"id":6232,"href":"https:\/\/hatarok-nelkul.com\/ro\/index.php?rest_route=\/wp\/v2\/posts\/6230\/revisions\/6232"}],"wp:featuredmedia":[{"embeddable":true,"href":"https:\/\/hatarok-nelkul.com\/ro\/index.php?rest_route=\/wp\/v2\/media\/6231"}],"wp:attachment":[{"href":"https:\/\/hatarok-nelkul.com\/ro\/index.php?rest_route=%2Fwp%2Fv2%2Fmedia&parent=6230"}],"wp:term":[{"taxonomy":"category","embeddable":true,"href":"https:\/\/hatarok-nelkul.com\/ro\/index.php?rest_route=%2Fwp%2Fv2%2Fcategories&post=6230"},{"taxonomy":"post_tag","embeddable":true,"href":"https:\/\/hatarok-nelkul.com\/ro\/index.php?rest_route=%2Fwp%2Fv2%2Ftags&post=6230"}],"curies":[{"name":"wp","href":"https:\/\/api.w.org\/{rel}","templated":true}]}}