{"id":6252,"date":"2022-04-14T06:13:00","date_gmt":"2022-04-14T03:13:00","guid":{"rendered":"https:\/\/hatarok-nelkul.com\/ro\/?p=6252"},"modified":"2022-04-19T07:40:16","modified_gmt":"2022-04-19T04:40:16","slug":"mai-multe-fundatii-cu-statut-de-utilitate-publica-pentru-administrarea-activelor-au-primit-sute-de-miliarde-de-forinti-de-la-stat-dar-nici-macar-nu-au-o-adresa-de-e-mail","status":"publish","type":"post","link":"https:\/\/hatarok-nelkul.com\/ro\/?p=6252","title":{"rendered":"Mai multe funda\u0163ii cu statut de utilitate public\u0103 pentru administrarea activelor au primit sute de miliarde de forin\u021bi de la stat, dar nici m\u0103car nu au o adres\u0103 de e-mail"},"content":{"rendered":"<p>Mai multe funda\u021bii cu statut de utilitate public\u0103 pentru administrarea activelor din Ungaria, \u00eenfiin\u0163ate de stat, de\u0163in active de mai multe miliarde de forin\u0163i, dar care nici m\u0103car nu au un website sau o adres\u0103 de e-mail. Toate acestea au fost descoperite \u00een urma unei investiga\u0163ii efectuate de reporterii portalului ungar 24.hu., care\u00a0 au vrut s\u0103 afle exact cum sunt folosite miliardele de forin\u0163i primite de la stat de funda\u021biile \u00eenfiin\u021bate \u00een ultimii doi ani, \u0219i c\u00e2t c\u00e2\u015ftig\u0103 liderii acestor organiza\u0163ii, care, de fapt, sunt a\u015feza\u0163i \u00een fotoliile de conducere pe via\u0163\u0103.<\/p>\n<p>Funda\u0163ia P\u0103m\u00e2ntul Genera\u0163iilor Viitoare, condus\u0103 de reprezentantul FIDESZ, J\u00e1nos L\u00e1z\u00e1r, este \u00eenregistrat\u0103 \u00eentr-o vil\u0103 elegant\u0103 de pe strada Pasar\u00e9ti, unde la interfon nu r\u0103spunde de regul\u0103 nimeni, nici \u00een timpul programului de lucru. De altminteri J\u00e1nos L\u00e1z\u00e1r, fost \u0219ef de Cabinet al premierului ungar, este legat prin mai multe fire de pre\u0219edintele J\u00e1nos \u00c1der.<\/p>\n<p>Funda\u021bia condus\u0103 de Laz\u0103r \u00ee\u0219i desf\u0103\u0219oar\u0103 activitatea \u00eentr-o vil\u0103 unde func\u0163ioneaz\u0103 mai multe organiza\u021bii legate de \u0219eful statului. Aici este \u00eenregistrat\u0103 Funda\u021bia Reg\u0151czi, \u00eenfiin\u021bat\u0103 de pre\u0219edintele Ungariei pentru a ajuta copiii orfani ai victimelor coronavirusului, pre\u015fedintele Consiliului de Administra\u0163ie fiind \u00a0Anita Herczegh, so\u021bia lui \u00c1der. \u0218i tot aici are sediul \u015fi Societatea Planeta Albastr\u0103 pentru gestionarea fondului de investi\u021bii pentru protec\u021bia climei, a c\u0103rui proprietar este Funda\u0163ia Planeta Albastr\u0103 pentru protec\u0163ia climei, \u00eenfiin\u0163at\u0103 de pre\u015fedinte J\u00e1mos \u00c1der,\u00a0 \u015fi tot aici are sediul \u015fi Fondul de capital pentru managementul riscurilor privind protec\u021bia climei. Vila a fost cump\u0103rat\u0103 \u00een aprilie anul trecut de o alt\u0103 companie a funda\u021biei \u00c1der, Compania Planeta Albastr\u0103-Capital pentru Protec\u0163ia Climei, al c\u0103rei director executiv, N\u00e1ndor Csepreghy, a fost anterior ministrul adjunct al lui L\u00e1z\u00e1r. (Funda\u021bia Planeta Albastr\u0103 pentru protec\u021bia climei a fost de atunci inclus\u0103, printr-o decizie parlamentar\u0103, pe lista fiunda\u0163iilor pentru administrarea activelor).<\/p>\n<p>Principala sarcin\u0103 a Funda\u021biei P\u0103m\u00e2ntul Genera\u0163iilor Viitoare este \u2013 pe l\u00e2ng\u0103 formarea profesional\u0103 \u00een domeniul agriculturii, conservarea terenurilor aflate \u00een administrarea acesteia \u0219i p\u0103strarea valorii genetice a raselor autohtone de cai maghiari &#8211; dezvoltarea hergheliei \u0219i fermei din Mez\u0151hegyes, iar \u00een acest scop funda\u0163ia a ob\u0163inut de la stat dreptul de proprietate asupra \u00eentregii economii de stat. A\u0219ezarea din jude\u021bul B\u00e9k\u00e9s se afl\u0103 la aproximativ 230 de kilometri de sediul din strada Pasar\u00e9ti. Reporterii portalului 24.hu \u00een zadar au \u00eencercat s\u0103 ia leg\u0103tura personal cu cineva din partea acestei funda\u0163ii, iar \u00een final au adresat o scrisoare recomandat\u0103 cu confirmare de primire la sediul acestora, dar scrisoarea a fost returnat\u0103 de c\u0103tre oficiul po\u0219tal pentru c\u0103 destinatarul \u201enu a fost g\u0103sit\u201d.<\/p>\n<p>Din declara\u021biile de avere s-a putut afla doar at\u00e2t c\u0103 J\u00e1nos L\u00e1z\u00e1r prime\u0219te de aici un onorariu lunar \u00een valoare de 950.000 de forin\u0163i. L\u00e1z\u00e1r face parte \u0219i dintr-o alt\u0103 funda\u021bie, de unde prime\u0219te un milion de forin\u0163i pe lun\u0103.<\/p>\n<p>O alt\u0103 funda\u0163ie este Funda\u021bia Hauszmann, care \u00ee\u015fi are sediul \u00een strada D\u00f6brentei, sectorul I al Budapestei. Pre\u0219edintele Consiliului de Administra\u021bie este Bence Madaras. \u00cen aceast\u0103 cl\u0103dire, la etajul patru sunt \u015fi birourile companiei V\u00e1rkapit\u00e1nys\u00e1g Nonprofit Zrt, respectiv ale Centrului de Dezvoltare Regional\u0103 Integrat\u0103 cu r\u0103spundere limitat\u0103. Funda\u021bia nu are nici site \u015fi nici adres\u0103 de e-mail. Bence Madaras este, de asemenea, directorul general al V\u00e1rkapit\u00e1nys\u00e1g Nonprofit Zrt., care este responsabil de gestionarea cl\u0103dirilor protejate de stat din Cartierul Cet\u0103\u0163ii (Budav\u00e1r), ceea ce \u00eenseamn\u0103, de fapt, sectorul I din Budapesta. Funda\u021bia Hauszmann a fost \u00eenfiin\u021bat\u0103 pentru protejarea operei de via\u0163\u0103 a lui Alajos Hauszmann, pentru \u00eenfiin\u021barea Casei Memoriale Hauszmann \u0219i pentru a asigura func\u0163ionarea unui centru de cunoa\u015ftere a artelor \u0219i me\u0219te\u0219ugurilor tradi\u021bionale, accentul fiind pus pe atragerea online a publicului, ceea ce se las\u0103 a\u015fteptat, deoarece nu exist\u0103 nici m\u0103car o pagin\u0103 web pentru prezentarea funda\u0163iei.<\/p>\n<p>Pre\u0219edintele Consiliului de Administra\u021bie al Funda\u021biei Hauszmann prime\u015fte lunar, cu titlu de onorariu, un milion de forin\u0163i, iar membri consiliului \u2013 800 de mii de forin\u0163i.<\/p>\n<p>Dou\u0103 funda\u021bii \u00eenfiin\u0163ate de ministrul de externe P\u00e9ter Szijj\u00e1rt\u00f3, Funda\u021bia Central European\u0103 de Formare \u0219i Funda\u021bia pentru conservarea patrimoniului construit din Europa Central\u0103, au fost \u00eenregistrate \u00een cl\u0103direa \u00een care func\u0163ioneaz\u0103 \u015fi Centrul de Afaceri din Budapesta, Bank Center, din strada Libert\u0103\u0163ii (Szabads\u00e1g). Pre\u0219edintele ambelor consilii de administra\u0163ie este adjunctul \u0219i secretarul de stat al lui Szijj\u00e1rt\u00f3, Levente Magyar. Interesant este c\u0103 recep\u021bionerii Bank Center nu \u0219tiau nimic despre cele dou\u0103 funda\u021bii, care, conform actelor judec\u0103tore\u0219ti, sunt situate la etajul 10.<\/p>\n<p>C\u00e2nd reporterii portalului 24.hu au pus \u00eentrebarea, dac\u0103 au m\u0103car o cutie po\u0219tal\u0103, s-a dovedit c\u0103 nici m\u0103car at\u00e2t nu au. Este posibil c\u0103 cele dou\u0103 funda\u021bii au fost \u00eenregistrate la aceast\u0103 adres\u0103 deoarece aici, la etajul 10, se afl\u0103 \u015fi Autoritatea pentru verificarea metalelor pre\u0163ioase (MANEVI Zrt.), iar Funda\u021bia pentru conservarea patrimoniului construit din Europa Central\u0103 a devenit proprietara acestei companii de stat, dup\u0103 ce printr-o lege cu dou\u0103 treimi, toate ac\u021biunile ordinare i-au fost transferate de c\u0103tre Guvern. Funda\u021bia Central European\u0103 de Formare a primit un imobil, care se \u00eentinde pe o suprafa\u021b\u0103 de teren de 18 hectare, \u00een sectorul II. al Budapestei, c\u0103dire \u00een care a func\u0163ionat Institutul Na\u021bional de Psihiatrie \u0219i Neurologie (OPNI)<\/p>\n<p>\u00cen mod surprinz\u0103tor, funda\u021biile care achizi\u021bioneaz\u0103 universit\u0103\u021bi mari, precum Universitatea din Debrecen, Universitatea Ny\u00edregyh\u00e1za \u0219i Universitatea de Medicin\u0103 Veterinar\u0103 nu pot fi contactate electronic. Ei nu au publicat nicio informa\u021bie despre ei \u00een\u0219i\u0219i pe internet.<\/p>\n<p>La fel, nici Funda\u021bia pentru Cultura Maghiar\u0103 \u00a0nu este prezent\u0103 pe internet, a c\u0103rui Consiliu de Administra\u0163ie este condus de Szil\u00e1rd Demeter, director general al Muzeului Literar Pet\u0151fi. Aceast\u0103 funda\u021bie a primit trei companii non-profit de la stat, inclusiv Agen\u021bia Cultural\u0103 Pet\u0151fi, precum \u0219i o duzin\u0103 \u0219i jum\u0103tate de propriet\u0103\u021bi \u00een capital\u0103, completat\u0103 cu imobile din unele zone rurale, inclusiv cu Castelul Zichy din \u00d3buda, cu partea de sud a insulei \u0219antierului naval \u0219i cu Palatul Andr\u00e1ssy de pe Cheiul Bem. Funda\u021bia, care, conform unei hot\u0103r\u00e2ri guvernamentale din februarie, prime\u015fte o finan\u021bare suplimentar\u0103 de la stat \u00een valoare de 48 de miliarde de forin\u0163i, nu are nici m\u0103car o adres\u0103 e-mail, ca sediu fiind men\u0163ionat adresa Muzeului Literar Pet\u0151fi.<\/p>\n<p>De\u0219i o scurt\u0103 descriere a Funda\u021biei Mol-New Europe poate fi g\u0103sit\u0103 pe site-ul companiei petroliere, organiza\u021bia nu are nici num\u0103r de telefon \u015fi nici o adres\u0103 de e-mail. Acestei funda\u0163ii statul a transferat \u00een prim\u0103vara anului trecut circa 43 de milioane de ac\u021biuni ordinare Mol, \u00een valoare de 87 de miliarde de forin\u0163i, (la valoarea de atunci). \u00a0Mol a depus aceea\u015fi sum\u0103 pentru ca funda\u021bia s\u0103 devin\u0103 un sus\u0163in\u0103tor important al \u201esportului, culturii, s\u0103n\u0103t\u0103\u021bii, dezvolt\u0103rii economice \u0219i mediului\u201d. \u00cen loc de e-mail, redac\u0163ia 24.hu s-a adresat funda\u0163iei printr-o scrisoare, trimis\u0103 prin po\u0219t\u0103, care a func\u021bionat spre deosebire de alte funda\u021bii, deoarece dup\u0103 c\u00e2teva zile a primit un r\u0103spuns despre urm\u0103toarele:<\/p>\n<p>Pre\u0219edintele Consiliului de Administra\u021bie, c\u00e2nt\u0103rea\u021ba de oper\u0103 Erika Mikl\u00f3sa, prime\u0219te drept onorariu de \u0219ase ori salariul minim pe economie (1,2 milioane de forin\u0163i), iar membrii primesc de cinci ori salariul minim pe economie, respectiv un milion de forin\u0163i.<\/p>\n<p>Update: Dup\u0103 publicarea articolului, Domokos Szoll\u00e1r, \u0219eful de Cabinet al pre\u0219edintelui companie Mol Nyrt. a semnalat c\u0103 \u00eentre timp a fost creat site-ul companiei, unde au fost publicate toate informa\u0163iile despre func\u0163ionarea funda\u0163iei.<\/p>\n<p>Funda\u021bia pentru Cultur\u0103 Civic\u0103, a c\u0103rui Consiliu de Administra\u015fie este condus de ministrul Finan\u021belor, Mih\u00e1ly Varga, nu are nicio informa\u021bie de contact. Funda\u021bia a primit propriet\u0103\u021bi imobiliare \u00een valoare de peste 3,5 miliarde de forin\u0163i, respectiv conacul Klebelsberg din Pesthidegk\u00fat, care a fost recent reabilitat de stat \u00een splendoarea sa ini\u021bial\u0103.<\/p>\n<p>Liderul OTP, S\u00e1ndor Cs\u00e1nyi, nu prime\u0219te un onorariu \u00een calitate de pre\u0219edinte al Consiliului de Administra\u0163ie, \u00een schimb membrii consiliului, printre care ministrul Agriculturii, Istv\u00e1n Nagy, \u0219i reprezentantul FIDESZ, J\u00e1nos L\u00e1z\u00e1r, primesc c\u00e2te un milion de forin\u021bi pe lun\u0103, iar p\u00e2n\u0103 \u00een februarie str\u00e2nseser\u0103 c\u00e2te 11 milioane de forin\u021bi. \u0218eful Colegiului Matei Corvin (MCC), Bal\u00e1zs Orb\u00e1n, secretar de stat \u00een cadrul Cancelariei premierului ungar, \u00ee\u0219i \u00eendepline\u0219te \u0219i el atribu\u021biile f\u0103r\u0103 remunera\u021bie, dar membrii Consiliului de Administra\u021bie se reunesc pentru un milion \u0219i jum\u0103tate de forin\u021bi pe lun\u0103.<\/p>\n<p>At\u00e2t exper\u021bii, c\u00e2t \u0219i opozi\u021bia au protestat c\u00e2nd anul trecut s-a creat mediul legal pentru \u00eenfiin\u0163area funda\u0163iilor cu statut de utilitate public\u0103 pentru administrarea activelor.<\/p>\n<p>Sursa: 24.hu<\/p>\n<p>Traducerea: Sz\u00e9kely D\u00e9nes<\/p>\n<p>Foto: 5perc.hu<\/p>\n<p>&nbsp;<\/p>\n","protected":false},"excerpt":{"rendered":"<p>Mai multe funda\u021bii cu statut de utilitate public\u0103 pentru administrarea activelor din Ungaria, \u00eenfiin\u0163ate de stat, de\u0163in active de mai multe miliarde de <\/p>\n","protected":false},"author":1,"featured_media":6253,"comment_status":"open","ping_status":"open","sticky":false,"template":"","format":"standard","meta":{"footnotes":""},"categories":[29],"tags":[3664,3662,3665,1753,36,3663],"class_list":["post-6252","post","type-post","status-publish","format-standard","has-post-thumbnail","hentry","category-externe","tag-administrare-active","tag-fundatii","tag-miliarde-de-forinti","tag-statul-ungar","tag-stiri-fara-frontiere","tag-utilitate-publica"],"_links":{"self":[{"href":"https:\/\/hatarok-nelkul.com\/ro\/index.php?rest_route=\/wp\/v2\/posts\/6252","targetHints":{"allow":["GET"]}}],"collection":[{"href":"https:\/\/hatarok-nelkul.com\/ro\/index.php?rest_route=\/wp\/v2\/posts"}],"about":[{"href":"https:\/\/hatarok-nelkul.com\/ro\/index.php?rest_route=\/wp\/v2\/types\/post"}],"author":[{"embeddable":true,"href":"https:\/\/hatarok-nelkul.com\/ro\/index.php?rest_route=\/wp\/v2\/users\/1"}],"replies":[{"embeddable":true,"href":"https:\/\/hatarok-nelkul.com\/ro\/index.php?rest_route=%2Fwp%2Fv2%2Fcomments&post=6252"}],"version-history":[{"count":5,"href":"https:\/\/hatarok-nelkul.com\/ro\/index.php?rest_route=\/wp\/v2\/posts\/6252\/revisions"}],"predecessor-version":[{"id":6268,"href":"https:\/\/hatarok-nelkul.com\/ro\/index.php?rest_route=\/wp\/v2\/posts\/6252\/revisions\/6268"}],"wp:featuredmedia":[{"embeddable":true,"href":"https:\/\/hatarok-nelkul.com\/ro\/index.php?rest_route=\/wp\/v2\/media\/6253"}],"wp:attachment":[{"href":"https:\/\/hatarok-nelkul.com\/ro\/index.php?rest_route=%2Fwp%2Fv2%2Fmedia&parent=6252"}],"wp:term":[{"taxonomy":"category","embeddable":true,"href":"https:\/\/hatarok-nelkul.com\/ro\/index.php?rest_route=%2Fwp%2Fv2%2Fcategories&post=6252"},{"taxonomy":"post_tag","embeddable":true,"href":"https:\/\/hatarok-nelkul.com\/ro\/index.php?rest_route=%2Fwp%2Fv2%2Ftags&post=6252"}],"curies":[{"name":"wp","href":"https:\/\/api.w.org\/{rel}","templated":true}]}}