{"id":637,"date":"2014-11-20T19:59:17","date_gmt":"2014-11-20T17:59:17","guid":{"rendered":"http:\/\/hatarok-nelkul.com\/ro\/?p=637"},"modified":"2014-11-20T19:59:17","modified_gmt":"2014-11-20T17:59:17","slug":"reactii-ale-unor-organizatii-ale-maghiarilor-din-transilvania-la-alegerea-noului-presedinte-al-romaniei","status":"publish","type":"post","link":"https:\/\/hatarok-nelkul.com\/ro\/?p=637","title":{"rendered":"Reac\u0163ii ale unor organiza\u0163ii ale maghiarilor din Transilvania la alegerea noului pre\u015fedinte al Rom\u00e2niei"},"content":{"rendered":"<figure id=\"attachment_638\" aria-describedby=\"caption-attachment-638\" style=\"width: 150px\" class=\"wp-caption alignleft\"><a href=\"https:\/\/hatarok-nelkul.com\/ro\/wp-content\/uploads\/2014\/11\/images2.jpg\"><img loading=\"lazy\" decoding=\"async\" class=\"size-thumbnail wp-image-638 \" alt=\"images\" src=\"https:\/\/hatarok-nelkul.com\/ro\/wp-content\/uploads\/2014\/11\/images2-150x150.jpg\" width=\"150\" height=\"150\" \/><\/a><figcaption id=\"caption-attachment-638\" class=\"wp-caption-text\">Klaus Iohannis, pre\u015fedintele ales al Rom\u00e2niei<br \/>Foto:specialarad.ro<\/figcaption><\/figure>\n<p style=\"text-align: justify;\">\u00cen chestiunea minorit\u0103\u0163ilor, <strong>Uniunea Democrat\u0103 Maghiar\u0103 din Rom\u00e2nia (UDMR)<\/strong> nu a\u015fteapt\u0103 prea mult din partea lui Klaus Iohannis, ales \u015fef al statului \u00een turul doi al alegerilor preziden\u0163iale din 16 noiembrie, a declarat Hunor Kelemen. \u00cen opinia pre\u015fedintelui UDMR, dup\u0103 alegerea lui Klaus Iohannis \u00een func\u0163ia de \u015fef al statului &#8220;va urma o lung\u0103 perioad\u0103 de pauz\u0103 \u00een ceea ce prive\u015fte promovarea \u00een Rom\u00e2nia a drepturilor minoritare \u015fi colective. &#8220;Mesajul alegerii lui Iohannis este acela c\u0103 Rom\u00e2nia este o \u0163ar\u0103-model \u00een care chestiunea minorit\u0103\u0163ilor este rezolvat\u0103, \u00een condi\u0163iile \u00een care aleg\u0103torii i-au acordat \u00eencredere <!--more-->unui pre\u015fedinte care provine din r\u00e2ndurile minorit\u0103\u0163ilor germane. Desigur, acest lucru nu este adev\u0103rat, dar \u00een asemenea situa\u0163ie n\u0103zuin\u0163ele maghiarilor \u00ee\u015fi pierd credibilitatea&#8221;, a subliniat Hunor Kelemen, care a mai ad\u0103ugat: &#8220;Nici pe baza experien\u0163elor noastre acumulate p\u00e2n\u0103 \u00een prezent nu ne putem a\u015ftepta din partea lui Iohannis c\u0103 \u00ee\u015fi va asuma institu\u0163ionalizarea drepturilor colective, respectiv a autonomiei&#8221;. Hunor Kelemen a precizat, \u00een acela\u015fi timp, c\u0103, dac\u0103 Klaus Iohannis va fi un pre\u015fedinte echilibrat \u015fi nu va dori s\u0103 domine Parlamentul \u015fi Guvernul Rom\u00e2niei \u015fi dac\u0103 va \u00eencerca s\u0103 identifice solu\u0163iile bazate pe consens, mandatul s\u0103u de \u015fef de stat va fi \u00eencununat de succes.Potrivit pre\u015fedintelui UDMR, faptul c\u0103 maghiarii au votat \u00eentr-un procent de 75%-80% cu viitorul \u015fef al statului, ales duminic\u0103, reprezint\u0103 un mesaj important pentru acesta. \u201e\u00cen perioada urm\u0103toare, mingea este \u00een terenul lui, acum e r\u00e2ndul lui s\u0103 ne conving\u0103&#8221;. Hunor Kelemen a mai precizat c\u0103 l-a felicitat, \u00eentr-un mesaj, pe Klaus Iohannis, de la care a primis \u015fi un r\u0103spuns.Pre\u015fedintele UDMR a subliniat c\u0103 \u201eforma\u0163iunea sa a luat o decizie corect\u0103 atunci c\u00e2nd a spus aleg\u0103torilor maghiari s\u0103 voteze fiecare dup\u0103 con\u015ftiin\u0163a sa&#8221;. \u201eNu va dezechilibra \u00eencrederea dintre UDMR \u015fi aleg\u0103torii s\u0103i nici faptul c\u0103, \u00eenainte cu c\u00e2teva zile de turul doi al alegerilor, C\u0103lin Popescu T\u0103riceanu \u015fi candidatul PSD la Preziden\u0163iale, Victor Ponta, au efectuat un turneu \u00een \u0162inutul Secuiesc. \u201eAceast\u0103 vizit\u0103 poate fi interpretat\u0103 drept un tur de campanie, \u00eens\u0103 eu am declarat \u00een toate localit\u0103\u0163ile vizitate, \u015fi \u00een pezen\u0163a lui T\u0103riceanu, c\u0103 nu \u00eendemn\u0103m pe nimeni cu care dintre cei doi candida\u0163i s\u0103 voteze&#8221;, a men\u0163ionat Hunor Kelemen, care a ad\u0103ugat c\u0103 \u201e\u00een opinia sa este o obliga\u0163ie moral\u0103 pentru a men\u0163ine o rela\u0163ie bun\u0103 cu acei politicieni care au abordat \u00een mod corect chestiunea comunit\u0103\u0163ii maghiare&#8221;. \u201eT\u0103riceanu nu a spus niciodat\u0103 nimic \u00eempotriva maghiarilor&#8221;, a precizat Hunor Kelemen, amintind dintre fo\u015ftii parteneri corec\u0163i din coali\u0163ia guvernamental\u0103 pe ex-premierii Victor Ciorbea, Mihai R\u0103zvan Ungureanu \u015fi Emil Boc.\u201e\u00cen zilele urm\u0103toare se va decide dac\u0103 va fi continuat\u0103 guvernarea comun\u0103 cu Partidul Social Democrat (PSD) condus de Victor Ponta. Indiferent de decizia care urmeaz\u0103 s\u0103 fie luat\u0103, mai \u00eent\u00e2i trebuie analizat rezultatul turului doi al alegerilor, trebuie \u00een\u0163eles ceea ce s-a \u00eent\u00e2mplat&#8221;, a spus pre\u015fedintele UDMR, care sus\u0163ine c\u0103 este important c\u0103 aceast\u0103 competi\u0163ie a alegerilor s-a \u00eencheiat cu o diferen\u0163\u0103 major\u0103 \u00eentre cei doi candiada\u0163i, astfel c\u0103 noul \u015fef al statului va putea \u00eencepe mandatul s\u0103u cu o legitimitate care nu poate fi pus\u0103 sub semnul \u00eendoielii. \u00cen voturilor exprimate se reflect\u0103 clar identitatea regional\u0103, a mai spus Hunor Kelemen, preciz\u00e2nd c\u0103 atitudinea aleg\u0103torilor a fost determinat\u0103 de respingerea lui Victor Ponta. \u201eExist\u0103 un important grup social care nu \u00ee\u015fi g\u0103se\u015fte rostul s\u0103u \u00een nicio for\u0163\u0103 politic\u0103. Aceast\u0103 categorie social\u0103 a votat cu Uniunea Social-Liberal\u0103 (USL), \u00een 2012, iar acum cu o persoan\u0103 din partea c\u0103reia a\u015fteapt\u0103 rezolvarea problemele lor&#8221;, a spus Hunor Kelemen, evalu\u00e2nd astfel rezultatele alegerilor din 16 noiembrie.<\/p>\n<p style=\"text-align: justify;\">La r\u00e2ndul s\u0103u, pre\u015fedintele <strong>Consiliului Na\u0163ional Secuiesc (CNS),<\/strong> Bal\u00e1zs Izs\u00e1k, l-a felicitat pe Klaus Iohannis pentru alegerea sa \u00een func\u0163ia de pre\u015fedinte al Rom\u00e2niei. Potrivit pre\u015fedintelui CNS, prin aceast\u0103 alegere exist\u0103 posibilitatea pentru \u00eenceperea unei noi ere \u00een rela\u0163iile rom\u00e2no-maghiare. Conform comunicatului CNS, remis Agen\u0163iei MTI, noua er\u0103 poate fi construit\u0103 pe respectul reciproc, pe respectarea \u00eentocmai a drepturilor fundamentale ale omului, precum \u015fi pe \u00eencrederea promovat\u0103 pe termen lung \u00eentre\u00a0 Rom\u00e2nia \u015fi Ungaria. Toate aceste lucruri &#8211; a spus Bal\u00e1zs Izs\u00e1k &#8211; nu au nicio \u015fans\u0103 f\u0103r\u0103 o garan\u0163ie institu\u0163ional\u0103 a drepturilor secuilor, f\u0103r\u0103 recunoa\u015fterea n\u0103zuin\u0163elor secuilor, respectiv f\u0103r\u0103 \u00eencetarea prigoanei drapelului secuiesc \u015fi a inscrip\u0163iilor \u00een limba maghiar\u0103.<\/p>\n<p style=\"text-align: justify;\"><strong>Partidul Popular Maghiar din Transilvania (PPMT)<\/strong> consider\u0103 c\u0103 este de o importan\u0163\u0103 istoric\u0103 faptul c\u0103 dup\u0103 schimbarea de regim din decembrie 1989 se \u00eent\u00e2mpl\u0103 pentru prima oar\u0103 ca Rom\u00e2nia s\u0103 aib\u0103 un pre\u015fedinte transilv\u0103nean. PPMT l-a felicitat, \u00eentr-un comunicat remis Agen\u0163iei MTI, pe pre\u015fedintele ales Klaus Iohannis. Potrivit PPMT, succesul candidatului dreptei \u201ereprezint\u0103 victoria cov\u00e2r\u015fitoare a con\u015ftiin\u0163ei societ\u0103\u0163ii civile \u00eempotriva partidocra\u0163ie bucure\u015ftene mincinoase \u015fi corupte&#8221;. \u201ePrin faptul c\u0103 \u00een persoana lui Klaus Iohannis \u0163ara va avea un \u015fef de stat transilv\u0103nean, va putea \u00eencepe procesul de normalizare a Rom\u00e2niei \u015fi vor fi definitorii valorile declarate \u015fi de noi, cum ar fi: promovarea unei politici lipsite de corup\u0163ie, munca cinstit\u0103, respectul reciproc \u00eentre comunit\u0103\u0163ile na\u0163ionale \u015fi o egalitate de \u015fanse real\u0103\u201d, se subliniaz\u0103 \u00een comunicatul PPMT, semnat de pre\u015fedintele demisionar al acestui partid, Tibor T. Tor\u00f3.<\/p>\n<p style=\"text-align: justify;\">Potrivit <strong>Partidului Civic Maghiar (PCM),<\/strong> \u00een turul doi al alegerilor preziden\u0163iale, comunitatea maghiar\u0103 a respins \u201econtrapropaganda mascat\u0103 sau pe alocuri f\u0103\u0163i\u015f\u0103 a politicienilor cu termen de garan\u0163ie expirat, \u015fi s-a folosit de dreptul s\u0103u de vot, \u00een pofida tuturor mesajelor demobilizatoare&#8221;. Pre\u015fedintele partidului, Zsolt Bir\u00f3, a considerat, \u00een mesajul s\u0103u \u00een care a apreciat rezultatele alegerilor, c\u0103 este o bucurie aparte faptul c\u0103 glasul aleg\u0103torilor a fost \u00een consonan\u0163\u0103 cu principiile promovate de PCM, care i-a \u00eendemnat adep\u0163ii s\u0103i s\u0103-l voteze pe Klaus Iohannis. R\u0103spunz\u00e2nd la o \u00eentrebare adresat\u0103 de Agen\u0163ia MTI, Zsolt Bir\u00f3 a explicat pe cine consider\u0103 el drept politician \u201ecu termen de garan\u0163ie expirat&#8221;. \u201ePe acei politicieni care s-au lansat \u00een campania electoral\u0103 \u00eemprenu\u0103 cu C\u0103lin\u00a0 Popescu T\u0103riceanu, \u00eempotriva lui Klaus Iohannis (&#8230;), care au transmis \u00eenaintea turului doi al alegerilor preziden\u0163iale c\u0103 Klaus Iohannis nu este alegerea comunit\u0103\u0163ii maghiare, pe acei primari care au distribuit mesaje \u015fi scrisori \u00een \u0162inutul Secuiesc, \u00een care, mascat sau mai pu\u0163in mascat, au pledat pentru alegerea lui Victor Ponta sau pentru neparticiparea la vot&#8221;. PCM \u015fi-a exprimat mul\u0163umirile sale aleg\u0103torilor din Transilvania \u015fi din \u0162inutul Secuiesc pentru c\u0103 ei au \u00een\u0163eles adev\u0103rata miz\u0103 a alegerilor \u015fi nu s-au l\u0103sat \u00een\u015fela\u0163i. Procentul ridicat de participare fa\u0163\u0103 de primul tur al alegerilor \u00een localit\u0103\u0163ile locuite de maghiari, precum \u015fi succesul cov\u00e2r\u015fitor al candidatului dreptei este o dovad\u0103 elocvent\u0103 a faptului c\u0103 \u00een r\u00e2ndurile maghiarilor \u201enu are credibilitate politica de balansare, care urm\u0103re\u015fte interesele individuale\u201d, a subliniat pre\u015fedintele PCM, care a ad\u0103ugat: &#8220;Avem convingerea c\u0103 democratizarea \u0163\u0103rii \u015fi promovarea sistemului de valori europene este \u00een interesul Transilvaniei \u015fi al \u0162inutului Secuiesc&#8221;. Potrivit PCM, rezultatul turului doi al alegerilor este foarte clar \u015fi reprezint\u0103 un mesaj, \u201eat\u00e2t pentru maghiarii care se \u00eendreapt\u0103 spre exclusivism, c\u00e2t \u015fi pentru politicienii rom\u00e2ni, c\u0103 aten\u0163ia trebuie s\u0103 fie \u00eendreptat\u0103 asupra glasului comunit\u0103\u0163ii!&#8221;\u00a0 PCM l-a felicitat, \u00een comunicatul s\u0103u, pe pre\u015fedintele ales al Rom\u00e2niei, Klaus Iohannis.<\/p>\n<p style=\"text-align: justify;\">Traducerea: Bal\u00e1zs Magdolna<\/p>\n","protected":false},"excerpt":{"rendered":"<p>\u00cen chestiunea minorit\u0103\u0163ilor, Uniunea Democrat\u0103 Maghiar\u0103 din Rom\u00e2nia (UDMR) nu a\u015fteapt\u0103 prea mult din partea lui Klaus Iohannis, ales \u015fef al statului \u00een <\/p>\n","protected":false},"author":1,"featured_media":0,"comment_status":"open","ping_status":"open","sticky":false,"template":"","format":"standard","meta":{"footnotes":""},"categories":[1],"tags":[],"class_list":["post-637","post","type-post","status-publish","format-standard","hentry","category-fara-categorie"],"_links":{"self":[{"href":"https:\/\/hatarok-nelkul.com\/ro\/index.php?rest_route=\/wp\/v2\/posts\/637","targetHints":{"allow":["GET"]}}],"collection":[{"href":"https:\/\/hatarok-nelkul.com\/ro\/index.php?rest_route=\/wp\/v2\/posts"}],"about":[{"href":"https:\/\/hatarok-nelkul.com\/ro\/index.php?rest_route=\/wp\/v2\/types\/post"}],"author":[{"embeddable":true,"href":"https:\/\/hatarok-nelkul.com\/ro\/index.php?rest_route=\/wp\/v2\/users\/1"}],"replies":[{"embeddable":true,"href":"https:\/\/hatarok-nelkul.com\/ro\/index.php?rest_route=%2Fwp%2Fv2%2Fcomments&post=637"}],"version-history":[{"count":2,"href":"https:\/\/hatarok-nelkul.com\/ro\/index.php?rest_route=\/wp\/v2\/posts\/637\/revisions"}],"predecessor-version":[{"id":640,"href":"https:\/\/hatarok-nelkul.com\/ro\/index.php?rest_route=\/wp\/v2\/posts\/637\/revisions\/640"}],"wp:attachment":[{"href":"https:\/\/hatarok-nelkul.com\/ro\/index.php?rest_route=%2Fwp%2Fv2%2Fmedia&parent=637"}],"wp:term":[{"taxonomy":"category","embeddable":true,"href":"https:\/\/hatarok-nelkul.com\/ro\/index.php?rest_route=%2Fwp%2Fv2%2Fcategories&post=637"},{"taxonomy":"post_tag","embeddable":true,"href":"https:\/\/hatarok-nelkul.com\/ro\/index.php?rest_route=%2Fwp%2Fv2%2Ftags&post=637"}],"curies":[{"name":"wp","href":"https:\/\/api.w.org\/{rel}","templated":true}]}}