{"id":6424,"date":"2022-07-20T16:34:25","date_gmt":"2022-07-20T13:34:25","guid":{"rendered":"https:\/\/hatarok-nelkul.com\/ro\/?p=6424"},"modified":"2022-07-20T16:34:54","modified_gmt":"2022-07-20T13:34:54","slug":"20-iulie-ziua-aviatiei-romane-si-a-fortelor-aeriene","status":"publish","type":"post","link":"https:\/\/hatarok-nelkul.com\/ro\/?p=6424","title":{"rendered":"20 iulie &#8211; Ziua Avia\u0163iei Rom\u00e2ne \u015fi a For\u0163elor Aeriene"},"content":{"rendered":"<p>Ziua Avia\u021biei Rom\u00e2ne este marcat\u0103 \u00een fiecare an pe 20 iulie, odat\u0103 cu s\u0103rb\u0103toarea Sf\u00e2ntului Ilie.<\/p>\n<p>\u00cen tradi\u021bia militar\u0103 rom\u00e2n\u0103, fiecare unitate a armatei \u00ee\u0219i alege un protector spiritual. Aviatorii de la Cotroceni l-au ales pe Sf\u00e2ntul Ilie s\u0103 fie cel care \u00eei protejeaz\u0103.<\/p>\n<p>Pe 20 iulie 1930, dup\u0103 urcarea lui Carol al II-lea la tronul Rom\u00e2niei, ziua Sf\u00e2ntului llie a devenit s\u0103rb\u0103toarea oficial\u0103 a Avia\u021biei Rom\u00e2ne.<\/p>\n<p>De Ziua Avia\u0163iei, premierul Nicolae Ciuc\u0103 a declarat:<\/p>\n<p>\u201e\u00cen ultimii 30 de ani, For\u0163ele Aeriene Rom\u00e2ne au trecut printr-un amplu proces de reorganizare \u015fi modernizare, ceea ce a permis atingerea unor standarde de capabilitate aliniate statutului Rom\u00e2niei de membru al NATO\u201d.<\/p>\n<p>\u201eS\u0103rb\u0103torim ast\u0103zi Avia\u0163ia \u015fi For\u0163ele Aeriene Rom\u00e2ne, aduc\u00e2nd totodat\u0103 un omagiu eroilor aviatori c\u0103zu\u0163i la datorie \u00een lupte pentru ap\u0103rarea \u0163\u0103rii sau \u00een misiuni interna\u0163ionale la care a participat Rom\u00e2nia. \u00cencrederea \u015fi buna reputa\u0163ie de care se bucur\u0103 profesioni\u015ftii aerului din Rom\u00e2nia sunt rezultatul multor ani de preg\u0103tire, al seriozit\u0103\u0163ii \u015fi curajului\u201d, spune premierul \u00een mesajul s\u0103u.<\/p>\n<p>Sursa: adev\u0103rul.ro<\/p>\n<p>Foto:stirilekanald.ro<\/p>\n","protected":false},"excerpt":{"rendered":"<p>Ziua Avia\u021biei Rom\u00e2ne este marcat\u0103 \u00een fiecare an pe 20 iulie, odat\u0103 cu s\u0103rb\u0103toarea Sf\u00e2ntului Ilie. \u00cen tradi\u021bia militar\u0103 rom\u00e2n\u0103, fiecare unitate a <\/p>\n","protected":false},"author":1,"featured_media":6425,"comment_status":"open","ping_status":"open","sticky":false,"template":"","format":"standard","meta":{"footnotes":""},"categories":[125],"tags":[3779,36,3780],"class_list":["post-6424","post","type-post","status-publish","format-standard","has-post-thumbnail","hentry","category-interne","tag-20-iulie","tag-stiri-fara-frontiere","tag-ziua-aviatiei-romane"],"_links":{"self":[{"href":"https:\/\/hatarok-nelkul.com\/ro\/index.php?rest_route=\/wp\/v2\/posts\/6424","targetHints":{"allow":["GET"]}}],"collection":[{"href":"https:\/\/hatarok-nelkul.com\/ro\/index.php?rest_route=\/wp\/v2\/posts"}],"about":[{"href":"https:\/\/hatarok-nelkul.com\/ro\/index.php?rest_route=\/wp\/v2\/types\/post"}],"author":[{"embeddable":true,"href":"https:\/\/hatarok-nelkul.com\/ro\/index.php?rest_route=\/wp\/v2\/users\/1"}],"replies":[{"embeddable":true,"href":"https:\/\/hatarok-nelkul.com\/ro\/index.php?rest_route=%2Fwp%2Fv2%2Fcomments&post=6424"}],"version-history":[{"count":1,"href":"https:\/\/hatarok-nelkul.com\/ro\/index.php?rest_route=\/wp\/v2\/posts\/6424\/revisions"}],"predecessor-version":[{"id":6426,"href":"https:\/\/hatarok-nelkul.com\/ro\/index.php?rest_route=\/wp\/v2\/posts\/6424\/revisions\/6426"}],"wp:featuredmedia":[{"embeddable":true,"href":"https:\/\/hatarok-nelkul.com\/ro\/index.php?rest_route=\/wp\/v2\/media\/6425"}],"wp:attachment":[{"href":"https:\/\/hatarok-nelkul.com\/ro\/index.php?rest_route=%2Fwp%2Fv2%2Fmedia&parent=6424"}],"wp:term":[{"taxonomy":"category","embeddable":true,"href":"https:\/\/hatarok-nelkul.com\/ro\/index.php?rest_route=%2Fwp%2Fv2%2Fcategories&post=6424"},{"taxonomy":"post_tag","embeddable":true,"href":"https:\/\/hatarok-nelkul.com\/ro\/index.php?rest_route=%2Fwp%2Fv2%2Ftags&post=6424"}],"curies":[{"name":"wp","href":"https:\/\/api.w.org\/{rel}","templated":true}]}}