{"id":6602,"date":"2022-10-15T18:09:47","date_gmt":"2022-10-15T15:09:47","guid":{"rendered":"https:\/\/hatarok-nelkul.com\/ro\/?p=6602"},"modified":"2022-10-15T18:10:42","modified_gmt":"2022-10-15T15:10:42","slug":"ungaria-va-fi-plasata-sub-o-procedura-de-monitorizare-consolidata-din-cauza-problemelor-legate-de-statul-de-drept","status":"publish","type":"post","link":"https:\/\/hatarok-nelkul.com\/ro\/?p=6602","title":{"rendered":"Ungaria va fi plasat\u0103 sub o procedur\u0103 de monitorizare consolidat\u0103 din cauza &#8220;problemelor legate de statul de drept&#8221;"},"content":{"rendered":"<p>Adunarea Parlamentar\u0103 a Consiliului Europei (APCE) a votat miercuri s\u0103 plaseze Ungaria sub o procedur\u0103 de monitorizare consolidat\u0103 din cauza &#8220;problemelor legate de statul de drept&#8221;, care, \u00een opinia APCE, r\u0103m\u00e2n &#8220;f\u0103r\u0103 r\u0103spuns&#8221;, a anun\u0163at aceasta \u00eentr-un comunicat, noteaz\u0103 AFP, citat\u0103 de Agerpres.<\/p>\n<p>Parlamentarii Consiliului Europei, reuni\u0163i s\u0103pt\u0103m\u00e2na aceasta pentru sesiunea de toamn\u0103 a Adun\u0103rii sale, au votat (95 de voturi pentru, 25 \u00eempotriv\u0103, o ab\u0163inere) pentru demararea procedurii de monitorizare complet\u0103 (full monitoring procedure) \u00eempotriva Budapestei, potrivit comunicatului Adun\u0103rii.<\/p>\n<p>Aceast\u0103 procedur\u0103 &#8220;implic\u0103 vizite regulate ale doi raportori APCE, un dialog permanent cu autorit\u0103\u0163ile \u015fi evalu\u0103ri periodice ale m\u0103surii \u00een care un stat membru \u00ee\u015fi onoreaz\u0103 obliga\u0163iile \u015fi angajamentele fa\u0163\u0103 de Consiliul Europei&#8221;, a precizat APCE, potrivit c\u0103reia &#8220;problemele de lung\u0103 durat\u0103 legate de statul de drept \u015fi democra\u0163ia&#8221; din \u0163ar\u0103 &#8220;r\u0103m\u00e2n \u00een mare parte f\u0103r\u0103 r\u0103spuns&#8221;.<\/p>\n<p>Ungaria, unde premierul ultraconservator Viktor Orban este la putere din 2010, se al\u0103tur\u0103 altor zece state membre ale Consiliului Europei aflate \u00een prezent sub control similar: Albania, Armenia, Azerbaidjan, Bosnia \u015fi Her\u0163egovina, Georgia, Republica Moldova, Polonia, Serbia, Turcia \u015fi Ucraina, a detaliat APCE \u00een document.<\/p>\n<p>\u00centr-o rezolu\u0163ie bazat\u0103 pe un raport, Adunarea subliniaz\u0103 \u00een special &#8220;folosirea pe scar\u0103 larg\u0103 a legilor cardinale, care necesit\u0103 majorit\u0103\u0163i de dou\u0103 treimi&#8221; \u015fi care &#8220;restr\u00e2ng sever pluralismul politic, (&#8230;) marc\u0103 a unui sistem democratic&#8221;.<\/p>\n<p>\u00cen plus, cadrul electoral al Ungariei &#8220;nu garanteaz\u0103 condi\u0163ii echitabile care s\u0103 conduc\u0103 la alegeri corecte&#8221;, a afirmat APCE, men\u0163ion\u00e2nd, \u00een acela\u015fi timp, c\u0103, &#8220;luna trecut\u0103, au fost aduse o serie de 17 modific\u0103ri legilor existente care vizeaz\u0103 \u00eembun\u0103t\u0103\u0163irea func\u0163ion\u0103rii institu\u0163iilor democratice, consolidarea transparen\u0163ei \u015fi ( &#8230;) regulilor privind conflictele de interese&#8221;.<\/p>\n<p>APCE a invitat, de asemenea, &#8220;autorit\u0103\u0163ile ungare s\u0103 solicite expertiza organismelor competente ale Consiliului Europei cu privire la aceste schimb\u0103ri&#8221;, potrivit comunicatului citat de agen\u0163ia France Presse.<\/p>\n<p>Sursa: tvr.ro<\/p>\n<p>Foto: stiridiaspora.ro<\/p>\n","protected":false},"excerpt":{"rendered":"<p>Adunarea Parlamentar\u0103 a Consiliului Europei (APCE) a votat miercuri s\u0103 plaseze Ungaria sub o procedur\u0103 de monitorizare consolidat\u0103 din cauza &#8220;problemelor legate de <\/p>\n","protected":false},"author":1,"featured_media":6603,"comment_status":"open","ping_status":"open","sticky":false,"template":"","format":"standard","meta":{"footnotes":""},"categories":[29],"tags":[3940,3939,3938,3941,2116,36,40],"class_list":["post-6602","post","type-post","status-publish","format-standard","has-post-thumbnail","hentry","category-externe","tag-consolidata","tag-monitorizare","tag-plasat","tag-probleme-legate","tag-statul-de-drept","tag-stiri-fara-frontiere","tag-ungaria"],"_links":{"self":[{"href":"https:\/\/hatarok-nelkul.com\/ro\/index.php?rest_route=\/wp\/v2\/posts\/6602","targetHints":{"allow":["GET"]}}],"collection":[{"href":"https:\/\/hatarok-nelkul.com\/ro\/index.php?rest_route=\/wp\/v2\/posts"}],"about":[{"href":"https:\/\/hatarok-nelkul.com\/ro\/index.php?rest_route=\/wp\/v2\/types\/post"}],"author":[{"embeddable":true,"href":"https:\/\/hatarok-nelkul.com\/ro\/index.php?rest_route=\/wp\/v2\/users\/1"}],"replies":[{"embeddable":true,"href":"https:\/\/hatarok-nelkul.com\/ro\/index.php?rest_route=%2Fwp%2Fv2%2Fcomments&post=6602"}],"version-history":[{"count":1,"href":"https:\/\/hatarok-nelkul.com\/ro\/index.php?rest_route=\/wp\/v2\/posts\/6602\/revisions"}],"predecessor-version":[{"id":6604,"href":"https:\/\/hatarok-nelkul.com\/ro\/index.php?rest_route=\/wp\/v2\/posts\/6602\/revisions\/6604"}],"wp:featuredmedia":[{"embeddable":true,"href":"https:\/\/hatarok-nelkul.com\/ro\/index.php?rest_route=\/wp\/v2\/media\/6603"}],"wp:attachment":[{"href":"https:\/\/hatarok-nelkul.com\/ro\/index.php?rest_route=%2Fwp%2Fv2%2Fmedia&parent=6602"}],"wp:term":[{"taxonomy":"category","embeddable":true,"href":"https:\/\/hatarok-nelkul.com\/ro\/index.php?rest_route=%2Fwp%2Fv2%2Fcategories&post=6602"},{"taxonomy":"post_tag","embeddable":true,"href":"https:\/\/hatarok-nelkul.com\/ro\/index.php?rest_route=%2Fwp%2Fv2%2Ftags&post=6602"}],"curies":[{"name":"wp","href":"https:\/\/api.w.org\/{rel}","templated":true}]}}