{"id":6682,"date":"2022-12-11T07:51:43","date_gmt":"2022-12-11T05:51:43","guid":{"rendered":"https:\/\/hatarok-nelkul.com\/ro\/?p=6682"},"modified":"2022-12-11T07:52:28","modified_gmt":"2022-12-11T05:52:28","slug":"viva-magenta-culoarea-anului-2023","status":"publish","type":"post","link":"https:\/\/hatarok-nelkul.com\/ro\/?p=6682","title":{"rendered":"Viva Magenta &#8211; culoarea anului 2023!"},"content":{"rendered":"<p>Viva Magenta este o nuan\u021b\u0103 de magenta care creaz\u0103 un echilibru \u00eentre cald \u0219i rece. Potrivit companiei Pantone, cu sediul \u00een bastionul New York-ului, Carlstadt, aceasta este o nuan\u021b\u0103 neobi\u0219nuit\u0103 conceput\u0103 pentru vremuri neobi\u0219nuite.<\/p>\n<p>&#8220;Viva Magenta este o culoare curajoas\u0103 \u0219i ne\u00eenfricat\u0103, o culoare pulsatorie a c\u0103rei putere debordant\u0103 radiaz\u0103 optimism \u0219i bucurie. Este un ro\u0219u aprins puternic care d\u0103 putere \u015fi \u00eencurajeaz\u0103 la experimentare nelimitat\u0103 \u0219i exprimarea de sine. Aceast\u0103 nuan\u021b\u0103 nelimitat\u0103 pune \u00een mi\u015fcare pe toat\u0103 lumea&#8221;, se arat\u0103 \u00eentr-un comunicat, citat de CNN.<\/p>\n<p>Viva Magenta, numit\u0103 o culaore \u00eendr\u0103znea\u021b\u0103, plin\u0103 de spirit \u0219i incluziv\u0103 de c\u0103tre Pantone, este menit\u0103 s\u0103 reflecte &#8211; precum culorile anului precedent &#8211; cele mai recente tendin\u021be din anumite domenii, cum ar fi moda, frumuse\u021be, tehnologie, design \u0219i design interior.<\/p>\n<p>Nuantele sunt alese an de an pentru a capta spiritul vremurilor.<\/p>\n<p>\u00cen anii caracteriza\u021bi de incertitudini, aceasta \u00eenseamn\u0103 adesea o culoare care calmeaz\u0103 sau inspir\u0103.<\/p>\n<p>Sursa: infostart.hu<\/p>\n<p>Traducerea: P\u00e9terfy T\u00fcnde<\/p>\n<p>Foto: Infostart<\/p>\n","protected":false},"excerpt":{"rendered":"<p>Viva Magenta este o nuan\u021b\u0103 de magenta care creaz\u0103 un echilibru \u00eentre cald \u0219i rece. Potrivit companiei Pantone, cu sediul \u00een bastionul New <\/p>\n","protected":false},"author":1,"featured_media":6683,"comment_status":"open","ping_status":"open","sticky":false,"template":"","format":"standard","meta":{"footnotes":""},"categories":[1159],"tags":[4013,4012,36,4011],"class_list":["post-6682","post","type-post","status-publish","format-standard","has-post-thumbnail","hentry","category-caleidoscop","tag-anului-2023","tag-culoarea","tag-stiri-fara-frontiere","tag-viva-magenta"],"_links":{"self":[{"href":"https:\/\/hatarok-nelkul.com\/ro\/index.php?rest_route=\/wp\/v2\/posts\/6682","targetHints":{"allow":["GET"]}}],"collection":[{"href":"https:\/\/hatarok-nelkul.com\/ro\/index.php?rest_route=\/wp\/v2\/posts"}],"about":[{"href":"https:\/\/hatarok-nelkul.com\/ro\/index.php?rest_route=\/wp\/v2\/types\/post"}],"author":[{"embeddable":true,"href":"https:\/\/hatarok-nelkul.com\/ro\/index.php?rest_route=\/wp\/v2\/users\/1"}],"replies":[{"embeddable":true,"href":"https:\/\/hatarok-nelkul.com\/ro\/index.php?rest_route=%2Fwp%2Fv2%2Fcomments&post=6682"}],"version-history":[{"count":1,"href":"https:\/\/hatarok-nelkul.com\/ro\/index.php?rest_route=\/wp\/v2\/posts\/6682\/revisions"}],"predecessor-version":[{"id":6684,"href":"https:\/\/hatarok-nelkul.com\/ro\/index.php?rest_route=\/wp\/v2\/posts\/6682\/revisions\/6684"}],"wp:featuredmedia":[{"embeddable":true,"href":"https:\/\/hatarok-nelkul.com\/ro\/index.php?rest_route=\/wp\/v2\/media\/6683"}],"wp:attachment":[{"href":"https:\/\/hatarok-nelkul.com\/ro\/index.php?rest_route=%2Fwp%2Fv2%2Fmedia&parent=6682"}],"wp:term":[{"taxonomy":"category","embeddable":true,"href":"https:\/\/hatarok-nelkul.com\/ro\/index.php?rest_route=%2Fwp%2Fv2%2Fcategories&post=6682"},{"taxonomy":"post_tag","embeddable":true,"href":"https:\/\/hatarok-nelkul.com\/ro\/index.php?rest_route=%2Fwp%2Fv2%2Ftags&post=6682"}],"curies":[{"name":"wp","href":"https:\/\/api.w.org\/{rel}","templated":true}]}}