{"id":6750,"date":"2023-02-02T19:23:20","date_gmt":"2023-02-02T17:23:20","guid":{"rendered":"https:\/\/hatarok-nelkul.com\/ro\/?p=6750"},"modified":"2023-02-02T19:28:29","modified_gmt":"2023-02-02T17:28:29","slug":"multi-ofiteri-sunt-concediati-din-armata-ungariei-ce-se-afla-in-spatele-concedierilor-reforma-sau-de-nato-izare","status":"publish","type":"post","link":"https:\/\/hatarok-nelkul.com\/ro\/?p=6750","title":{"rendered":"Mul\u0163i ofi\u0163eri sunt concedia\u0163i din armata Ungariei. Ce se afl\u0103 \u00een spatele concedierilor: reform\u0103 sau \u201ede-NATO-izare\u201d?"},"content":{"rendered":"<p>Un nou decret guvernamental a permis ministrului ungar al Ap\u0103r\u0103rii, Krist\u00f3f Szalay-Bobrovniczky, s\u0103 pun\u0103 cap\u0103t unilateral contractelor de angajare a anumitor militari care au \u00eemplinit v\u00e2rsta de 45 de ani \u0219i au cel pu\u021bin 25 de ani de serviciu efectiv, cu un preaviz de dou\u0103 luni.<\/p>\n<p>\u00cen ultimele zile, publica\u021bia Telex a primit o mul\u021bime de informa\u021bii despre un num\u0103r mare de colonei \u0219i generali concedia\u021bi. Potrivit informa\u021biilor scurse, \u00eentre 100 \u0219i 200 de militari seniori au fost informa\u021bi p\u00e2n\u0103 acum c\u0103 vor pleca, dar se a\u0219teapt\u0103 ca acest num\u0103r s\u0103 creasc\u0103 \u0219i mai mult, spun unele surse.<\/p>\n<p>Telex a vorbit cu o serie de exper\u021bi respecta\u021bi, care au o perspectiv\u0103 asupra a ceea ce se \u00eent\u00e2mpl\u0103 \u00een armat\u0103. \u201eEste aproape imposibil s\u0103 ne apropiem de personalul general, deoarece, \u00een majoritatea cazurilor, ace\u0219ti oameni nu au voie s\u0103 vorbeasc\u0103 cu presa f\u0103r\u0103 permisiunea ministerului. \u00cen plus, mul\u021bi dintre ei au fost instrui\u021bi \u00een armat\u0103 \u00eenc\u0103 din adolescen\u021b\u0103, fiind obi\u0219nui\u021bi s\u0103 se supun\u0103 ordinelor primite de la superiorii lor \u0219i, chiar dac\u0103 consider\u0103 c\u0103 unele decizii sunt nedrepte, nu le pot critica, cu siguran\u021b\u0103 nu \u00een public\u201d, precizeaz\u0103 Telex.<\/p>\n<p>Solda\u021bii cu vechime vor continua s\u0103 primeasc\u0103 o parte din beneficiile lor \u0219i dup\u0103 ce vor fi trecu\u021bi \u00een rezerv\u0103, p\u00e2n\u0103 c\u00e2nd vor atinge v\u00e2rsta de pensionare.<\/p>\n<p><strong>Epurare politic\u0103?<\/strong><\/p>\n<p>Niciuna dintre persoanele pe care Telex le-a contacta nu a fost de acord s\u0103 vorbeasc\u0103 nici sub anonimat, iar unele nu au fost nici m\u0103car u\u0219or de contactat \u00een mod anonim. \u201eVoi fi concediat m\u00e2ine dac\u0103 fac o declara\u021bie\u201d, a spus o surs\u0103.<\/p>\n<p>Sursele care au stat de vorb\u0103 cu Telex pot fi \u00eemp\u0103r\u021bite practic \u00een dou\u0103 grupuri. Cele care au auzit c\u0103 are loc o epurare motivat\u0103 \u00een primul r\u00e2nd politic. Acestea nu v\u0103d nicio justificare pentru o astfel de reducere major\u0103 a efectivelor \u00een momentul unui r\u0103zboi de amploare \u00eentr-o \u021bar\u0103 vecin\u0103 \u0219i nu \u00een\u021beleg de ce schimbarea organic\u0103, caracteristic\u0103 for\u021belor de ap\u0103rare, nu este considerat\u0103 adecvat\u0103. La urma urmei, este evident c\u0103 tinerii continu\u0103 s\u0103 vin\u0103 \u00een armat\u0103, iar cei mai \u00een v\u00e2rst\u0103 p\u0103r\u0103sesc for\u021bele f\u0103r\u0103 un val de concedieri.<\/p>\n<p>Alte surse au auzit de oameni care au fost chema\u021bi acas\u0103 din misiuni NATO doar pentru a li se spune c\u0103 nu mai este nevoie de ei, chiar dac\u0103 \u00eenc\u0103 nu se \u0219tia cine \u00eei va \u00eenlocui. Exist\u0103, de asemenea, relat\u0103ri despre solda\u021bi seniori, \u201ecu o carier\u0103 de 20 sau 30 de ani\u201d, care se \u00eentreab\u0103 dac\u0103 ei vor fi urm\u0103torii. Potrivit unor relat\u0103ri, este u\u0219or s\u0103 \u201eajungi pe lista suspec\u021bilor\u201d dac\u0103 ai lucrat la un comandament NATO sau \u00een misiuni externe pentru o perioad\u0103 mai lung\u0103. \u00cen leg\u0103tur\u0103 cu concedierile, fostul secretar de stat pentru Ap\u0103rare, \u00c1gnes Vadai (DK), a vorbit anterior \u0219i despre \u201ede-NATO-izare\u201d.<\/p>\n<p><strong>Sau reform\u0103?<\/strong><\/p>\n<p>Mai multe surse spun c\u0103 nu este vorba nici de o epurare politic\u0103, nici de o \u201ede-NATO-izare\u201d. Potrivit acestora, reducerea de personal era a\u0219teptat\u0103 de ceva vreme, deoarece armata este \u201e\u00eenc\u0103rcat\u0103 la v\u00e2rf\u201d, \u0219tiindu-se c\u0103 for\u021bele de ap\u0103rare maghiare au un \u201enum\u0103r dispropor\u021bionat de mare de ofi\u021beri\u201d.<\/p>\n<p>De asemenea, sursele sus\u021bin c\u0103 achizi\u021bia de arme moderne justific\u0103 pozi\u021bionarea tinerei genera\u021bii. Dup\u0103 decenii de neglijen\u021b\u0103 serioas\u0103, for\u021bele armate primesc acum tancuri occidentale, tunuri autopropulsate, sisteme de ap\u0103rare aerian\u0103 \u0219i de ap\u0103rare cibernetic\u0103 pentru mii de miliarde de forin\u021bi, \u0219i chiar dac\u0103 manevrarea acestora nu este treaba unui ofi\u021ber, coordonarea \u0219i posibila lor utilizare opera\u021bional\u0103 necesit\u0103 un alt tip de cuno\u0219tin\u021be.<\/p>\n<p>Krist\u00f3f Szalay-Bobrovniczky a vorbit, de asemenea, despre \u00eentinerire ca fiind motivul reducerilor de personal, spun\u00e2nd c\u0103 trebuie deschis drumul pentru ascensiunea unei genera\u021bii tinere de comandan\u021bi.<\/p>\n<p>Declara\u021bia ministerului contrazice, de asemenea, punctul de vedere al celor care vorbesc despre \u201ede-NATO-izare\u201d, \u00eentruc\u00e2t ministerul urm\u0103re\u0219te \u00een mod special s\u0103 \u00eei pozi\u021bioneze mai bine pe cei cu experien\u021b\u0103 interna\u021bional\u0103. Acesta spune: \u201eUn cadru de ofi\u021beri \u0219i ofi\u021beri tineri bine preg\u0103ti\u021bi, cu experien\u021b\u0103 interna\u021bional\u0103, este indispensabil pentru aplicarea sistemelor de armament moderne, a procedurilor opera\u021bionale \u0219i de lupt\u0103, precum \u0219i a sarcinilor de instruire \u0219i exerci\u021bii asociate. Pentru a le permite tinerilor s\u0103 avanseze, este necesar\u0103 transformarea cadrelor de comandan\u021bi \u0219i ofi\u021beri.\u201d<\/p>\n<p>Potrivit surselor Telex, este adev\u0103rat de ceva vreme c\u0103 \u00een cadrul for\u021belor de ap\u0103rare \u201eanumite competen\u021be ar putea fi transferate \u00een jos, iar mai multe competen\u021be ar putea fi delegate c\u0103tre ofi\u021berii tineri\u201d.<\/p>\n<p>\u00cen acela\u0219i timp, unii se \u00eentreab\u0103 dac\u0103 reducerile actuale au fost planificate \u0219i preg\u0103tite \u00een mod corespunz\u0103tor. Unele surse au sugerat, de asemenea, c\u0103 cei care sunt \u00een rela\u021bii bune cu cercurile ministrului nu vor fi concedia\u021bi. Viteza reducerii de personal a st\u00e2rnit, de asemenea, \u00eendoieli \u00een r\u00e2ndul unora, deoarece, de\u0219i obiectivul ar putea fi acela de a aduce mai mul\u021bi tineri pe pia\u021ba muncii, a face armata mai atractiv\u0103 nu este o sarcin\u0103 u\u0219oar\u0103, iar for\u021bele armate duc lips\u0103 de personal \u00een multe domenii.<\/p>\n<p>De asemenea, este posibil s\u0103 existe \u0219i un motiv economic pentru aceste reduceri, deoarece o parte din salariile celor care sunt acum concedia\u021bi pot fi folosite pentru a \u00eembun\u0103t\u0103\u021bi salariile altora.<\/p>\n<p>Sursa: adevarul.ro<\/p>\n<p>Foto:telex.hu<\/p>\n","protected":false},"excerpt":{"rendered":"<p>Un nou decret guvernamental a permis ministrului ungar al Ap\u0103r\u0103rii, Krist\u00f3f Szalay-Bobrovniczky, s\u0103 pun\u0103 cap\u0103t unilateral contractelor de angajare a anumitor militari care <\/p>\n","protected":false},"author":1,"featured_media":6751,"comment_status":"open","ping_status":"open","sticky":false,"template":"","format":"standard","meta":{"footnotes":""},"categories":[29],"tags":[4087,3694,36,2243],"class_list":["post-6750","post","type-post","status-publish","format-standard","has-post-thumbnail","hentry","category-externe","tag-armata","tag-concedieri-masive","tag-stiri-fara-frontiere","tag-ungariei"],"_links":{"self":[{"href":"https:\/\/hatarok-nelkul.com\/ro\/index.php?rest_route=\/wp\/v2\/posts\/6750","targetHints":{"allow":["GET"]}}],"collection":[{"href":"https:\/\/hatarok-nelkul.com\/ro\/index.php?rest_route=\/wp\/v2\/posts"}],"about":[{"href":"https:\/\/hatarok-nelkul.com\/ro\/index.php?rest_route=\/wp\/v2\/types\/post"}],"author":[{"embeddable":true,"href":"https:\/\/hatarok-nelkul.com\/ro\/index.php?rest_route=\/wp\/v2\/users\/1"}],"replies":[{"embeddable":true,"href":"https:\/\/hatarok-nelkul.com\/ro\/index.php?rest_route=%2Fwp%2Fv2%2Fcomments&post=6750"}],"version-history":[{"count":2,"href":"https:\/\/hatarok-nelkul.com\/ro\/index.php?rest_route=\/wp\/v2\/posts\/6750\/revisions"}],"predecessor-version":[{"id":6753,"href":"https:\/\/hatarok-nelkul.com\/ro\/index.php?rest_route=\/wp\/v2\/posts\/6750\/revisions\/6753"}],"wp:featuredmedia":[{"embeddable":true,"href":"https:\/\/hatarok-nelkul.com\/ro\/index.php?rest_route=\/wp\/v2\/media\/6751"}],"wp:attachment":[{"href":"https:\/\/hatarok-nelkul.com\/ro\/index.php?rest_route=%2Fwp%2Fv2%2Fmedia&parent=6750"}],"wp:term":[{"taxonomy":"category","embeddable":true,"href":"https:\/\/hatarok-nelkul.com\/ro\/index.php?rest_route=%2Fwp%2Fv2%2Fcategories&post=6750"},{"taxonomy":"post_tag","embeddable":true,"href":"https:\/\/hatarok-nelkul.com\/ro\/index.php?rest_route=%2Fwp%2Fv2%2Ftags&post=6750"}],"curies":[{"name":"wp","href":"https:\/\/api.w.org\/{rel}","templated":true}]}}