{"id":680,"date":"2014-12-29T21:42:00","date_gmt":"2014-12-29T19:42:00","guid":{"rendered":"http:\/\/hatarok-nelkul.com\/ro\/?p=680"},"modified":"2014-12-29T21:45:07","modified_gmt":"2014-12-29T19:45:07","slug":"presedintele-autoritatii-nationale-vamale-si-fiscale-din-ungaria-l-a-denuntat-pe-insarcinatul-american-cu-afaceri-la-budapesta","status":"publish","type":"post","link":"https:\/\/hatarok-nelkul.com\/ro\/?p=680","title":{"rendered":"Pre\u015fedintele Autorit\u0103\u0163ii Na\u0163ionale Vamale \u015fi Fiscale din Ungaria l-a denun\u0163at pe \u00eens\u0103rcinatul american cu afaceri la Budapesta"},"content":{"rendered":"<figure id=\"attachment_683\" aria-describedby=\"caption-attachment-683\" style=\"width: 80px\" class=\"wp-caption alignleft\"><a href=\"https:\/\/hatarok-nelkul.com\/ro\/wp-content\/uploads\/2014\/12\/images2.jpg\"><img loading=\"lazy\" decoding=\"async\" class=\"size-full wp-image-683    \" title=\"Autoritatea Na\u0163ional\u0103 Vamal\u0103 \u015fi&lt;br \/&gt;Fiscal\u0103 a Ungariei   Sursa: www.mezokovesd.hu\" alt=\"images\" src=\"https:\/\/hatarok-nelkul.com\/ro\/wp-content\/uploads\/2014\/12\/images2.jpg\" width=\"80\" height=\"80\" \/><\/a><figcaption id=\"caption-attachment-683\" class=\"wp-caption-text\">ANVF a Ungariei<br \/>Sursa: www.mezokovesd.hu<\/figcaption><\/figure>\n<p style=\"text-align: justify;\">Avocatul pre\u015fedintelui Autorit\u0103\u0163ii Na\u0163ionale Vamale \u015fi Fiscale (NAV) din Ungaria a anun\u0163at c\u0103 Ildik\u00f3 Vida l-a denun\u0163at \u015fi a intentat un proces \u00eempotriva \u00eens\u0103rcinatului american cu afaceri la Budapesta, Andr\u00e9 Goodfriend. Avocatul Barnab\u00e1s Fut\u00f3 a precizat la Procuratura General\u0103, \u00een fa\u0163a unui numeros public, c\u0103 \u00eens\u0103rcinatul american a fost denun\u0163at din cauza calomniilor care au provocat daune serioase <!--more-->intereselor pre\u015fedintelui NAV. &#8220;\u00cen calitate de persoan\u0103 oficial\u0103, Andr\u00e9 Goodfriend l-a jignit pe pre\u015fedintele NAV. La Tribunalul Budapesta a fost demarat\u0103 o ac\u0163iune din cauza v\u0103t\u0103m\u0103rii reputa\u0163iei&#8221;, a subliniat avocatul. Barnab\u00e1s Fut\u00f3 a mai precizat c\u0103 denun\u0163ul a fost f\u0103cut \u00een urma unor afirma\u0163ii rostite recent \u00een cadrul interviului acordat de c\u0103tre diplomatul americanul s\u0103pt\u0103m\u00e2nalului ungar \u201eHeti V\u00e1lasz\u201d. \u00cen acest interviu Andr\u00e9 Goodfriend a declarat c\u0103 Statele Unite ale Americii au luat act de fraudele care exist\u0103 la NAV \u015fi, potrivit informa\u0163iilor pe care le de\u0163ine, \u00een aceste cazuri nu au fost demarate verific\u0103ri. La \u00eentrebarea dac\u0103 SUA are dovezi, Andr\u00e9 Goodfriend a r\u0103spuns: &#8220;Dispunem de acelea\u015fi dovezi care au fost trimise \u015fi Guvernului ungar&#8221;. La o alt\u0103 \u00eentrebare, dac\u0103 se refer\u0103 la cele dou\u0103 documente care au fost remise Ministerului ungar de Externe, diplomatul american a r\u0103spuns negativ, preciz\u00e2nd c\u0103 &#8220;acestea nu sunt dovezi&#8221;. Faptul c\u0103 unii nu au acces pe teritoriul SUA \u00eenseamn\u0103 c\u0103 &#8220;noi credem c\u0103 exist\u0103 anumi\u0163i angaja\u0163i guvernamentali care sunt implica\u0163i \u00een acte de corup\u0163ie&#8221;, a men\u0163ionat Goodfriend, f\u0103r\u0103 s\u0103 numeasc\u0103 \u00een mod concret persoanele \u00een cauz\u0103. Andr\u00e9 Goodfriend a precizat \u00eens\u0103 c\u0103 informa\u0163ia pe care s-a bazat restric\u0163ionarea accesului pe teritoriul SUA a unor persoane nu se refer\u0103 doar la faptul c\u0103 cei \u00een cauz\u0103 au depus prea pu\u0163ine eforturi pentru eradicarea fraudei. &#8220;Dac\u0103 cineva are inten\u0163ii bune, dar nu face suficient pentru \u00eempiedicarea comiterii fraudei, desigur aceasta nu reprezint\u0103 \u00een sine un act de corup\u0163ie&#8221;, a mai preciat \u00eens\u0103rcinatul american. Pe de alt\u0103 parte, premierul Victor Orban a declarat \u00een Parlamentul ungar c\u0103 \u00eens\u0103rcinatul american pentru afaceri la Budapesta sus\u0163ine c\u0103 prer\u015fedintele NAV a s\u0103v\u00e2r\u015fit personal acte de corup\u0163ie, a informat cotidianul ungar Magyar Hirlap.<\/p>\n<p style=\"text-align: justify;\">\u00a0Traducerea: Bal\u00e1zs Magdolna<\/p>\n","protected":false},"excerpt":{"rendered":"<p>Avocatul pre\u015fedintelui Autorit\u0103\u0163ii Na\u0163ionale Vamale \u015fi Fiscale (NAV) din Ungaria a anun\u0163at c\u0103 Ildik\u00f3 Vida l-a denun\u0163at \u015fi a intentat un proces \u00eempotriva <\/p>\n","protected":false},"author":1,"featured_media":0,"comment_status":"open","ping_status":"open","sticky":false,"template":"","format":"standard","meta":{"footnotes":""},"categories":[1],"tags":[],"class_list":["post-680","post","type-post","status-publish","format-standard","hentry","category-fara-categorie"],"_links":{"self":[{"href":"https:\/\/hatarok-nelkul.com\/ro\/index.php?rest_route=\/wp\/v2\/posts\/680","targetHints":{"allow":["GET"]}}],"collection":[{"href":"https:\/\/hatarok-nelkul.com\/ro\/index.php?rest_route=\/wp\/v2\/posts"}],"about":[{"href":"https:\/\/hatarok-nelkul.com\/ro\/index.php?rest_route=\/wp\/v2\/types\/post"}],"author":[{"embeddable":true,"href":"https:\/\/hatarok-nelkul.com\/ro\/index.php?rest_route=\/wp\/v2\/users\/1"}],"replies":[{"embeddable":true,"href":"https:\/\/hatarok-nelkul.com\/ro\/index.php?rest_route=%2Fwp%2Fv2%2Fcomments&post=680"}],"version-history":[{"count":2,"href":"https:\/\/hatarok-nelkul.com\/ro\/index.php?rest_route=\/wp\/v2\/posts\/680\/revisions"}],"predecessor-version":[{"id":685,"href":"https:\/\/hatarok-nelkul.com\/ro\/index.php?rest_route=\/wp\/v2\/posts\/680\/revisions\/685"}],"wp:attachment":[{"href":"https:\/\/hatarok-nelkul.com\/ro\/index.php?rest_route=%2Fwp%2Fv2%2Fmedia&parent=680"}],"wp:term":[{"taxonomy":"category","embeddable":true,"href":"https:\/\/hatarok-nelkul.com\/ro\/index.php?rest_route=%2Fwp%2Fv2%2Fcategories&post=680"},{"taxonomy":"post_tag","embeddable":true,"href":"https:\/\/hatarok-nelkul.com\/ro\/index.php?rest_route=%2Fwp%2Fv2%2Ftags&post=680"}],"curies":[{"name":"wp","href":"https:\/\/api.w.org\/{rel}","templated":true}]}}