{"id":6920,"date":"2023-06-08T10:21:42","date_gmt":"2023-06-08T07:21:42","guid":{"rendered":"https:\/\/hatarok-nelkul.com\/ro\/?p=6920"},"modified":"2023-06-09T10:14:49","modified_gmt":"2023-06-09T07:14:49","slug":"pentru-profesorii-din-judetul-bekes-merita-sa-predea-in-romania-din-cauza-salariului-mai-bun","status":"publish","type":"post","link":"https:\/\/hatarok-nelkul.com\/ro\/?p=6920","title":{"rendered":"Pentru profesorii din jude\u021bul B\u00e9k\u00e9s merit\u0103 s\u0103 predea \u00een Rom\u00e2nia datorit\u0103 salariului mai bun"},"content":{"rendered":"<p>Pre\u015fedintele proasp\u0103t ales al Organiza\u0163iei Sindicale a Pedagogilor, Tam\u00e1s Totyik, a declarat \u00eentr-un interviu acordat portalului P\u00e9nzcentrum c\u0103 \u201e\u00een Ungaria salariile profesorilor sunt at\u00e2t de mici \u00eenc\u00e2t exist\u0103 profesori \u00een jude\u021bul B\u00e9k\u00e9s care merg \u00een Rom\u00e2nia pentru a preda. Salariul profesorilor debutan\u0163i \u00een Rom\u00e2nia este cu 50 de euro net mai mult dec\u00e2t cel al colegilor lor ungari, iar pentru ace\u0219ti bani trebuie s\u0103 predea doar 18 ore pe s\u0103pt\u0103m\u00e2n\u0103.<\/p>\n<p>\u201eCu toate acestea acolo 150 de mii de profesori au ie\u015fit \u00een strad\u0103, ceea ce arat\u0103 c\u0103 exist\u0103 o problem\u0103 foarte grav\u0103. De asemenea, \u0219tim c\u0103 profesorii ungari din jude\u0163ul B\u00e9k\u00e9s merg \u00een jude\u021bul Arad pentru a preda, deoarece pentru ei merit\u0103 s\u0103 fac\u0103 acest efort&#8221;, a men\u0163ionat Tam\u00e1s Totyik.<\/p>\n<p>Pre\u015fedintele sindicatului a vorbit \u015fi despre motivul pentru care este at\u00e2t de dificil\u0103 mobilizarea comunit\u0103\u0163ii didactice din Ungaria. Dup\u0103 cum a spus, mul\u021bimea mobilizat\u0103 \u00een Rom\u00e2nia este de invidiat, \u00eens\u0103 a subliniat c\u0103 \u00een Rom\u00e2nia nu exist\u0103 nicio lege care s\u0103 restric\u021bioneze dreptul la grev\u0103. La \u00eentrebarea, dac\u0103 aceast\u0103 lege este \u00eentr-adev\u0103r cauza apatiei care predomin\u0103 \u00een Ungaria, a r\u0103spuns c\u0103 \u015fi legea grevei este un factor limitativ clar, dar, \u00een acela\u0219i timp, cel\u0103lat factor &#8211; despre care consider\u0103 c\u0103 Guvernul cunoa\u015fte forte bine &#8211; contribuie \u015fi mai mult \u00een sensul c\u0103, cu c\u00e2t a\u0219ezarea este mai mic\u0103, cu at\u00e2t este mai sc\u0103zut\u0103 disponibilitatea de a intra \u00een grev\u0103. &#8220;\u015ei exist\u0103 dou\u0103 motive:\u00a0 unul este c\u0103 \u00een aceste a\u015fez\u0103ri mici chiar \u0219i acest salariu mizerabil este un salariu r\u00e2vnit. Trebuie s\u0103 fii foarte hot\u0103r\u00e2t ca s\u0103 te al\u0103turi grevei, deoarece societatea local\u0103 are un dispre\u021b destul de serios. Cel\u0103lalt motiv este c\u0103 \u00een aceste a\u0219ez\u0103ri defavorizate ata\u0219amentul fa\u0163\u0103 de locul respectiv este st\u0103p\u00e2nul. Dac\u0103 colegii no\u0219tri \u0219i-ar vinde propriet\u0103\u021bile pentru a se muta la Budapesta sau la re\u0219edin\u021ba de jude\u021b, unde pia\u021ba muncii le ofer\u0103 oportunit\u0103\u021bi mai bune, pre\u021bul locuin\u0163ei lor v\u00e2ndute ar fi doar o cincime, o \u0219esime din pre\u021bul unei noi locuin\u0163e \u00een capital\u0103 sau \u00een ora\u015fele mai mari&#8221;, a explicat pre\u015fedintele sindicatului, care a amintit c\u0103 un alt factor este \u015fi faptul c\u0103, \u00een pofida actualei situa\u0163ii, anumi\u0163i pedagogi simpatizeaz\u0103 cu partidele de guvern\u0103m\u00e2nt \u015fi pentru ei nu conteaz\u0103 care sunt condi\u021biile de munc\u0103 \u0219i de via\u021b\u0103, ei accept\u0103 chiar statutul defavorizat de angajat \u0219i refuz\u0103 s\u0103 participe la mi\u015fc\u0103ri sindicale pentru ca gestul lor s\u0103 nu fie considerat drept o mi\u0219care antiguvernamental\u0103. \u00cen timp ce sindicatul pledeaz\u0103 doar pentru \u00eembun\u0103t\u0103\u0163irea politicii educa\u0163iei.<\/p>\n<p>\u00cen final, Tam\u00e1s Totyik a amintit \u015fi de un grup restr\u00e2ns al profesorilor care au parteneri mai \u00eenst\u0103ri\u0163i. &#8220;Divizarea este foarte puternic prezent\u0103 \u00een comunitatea didactic\u0103. Guvernul a folosit cu pricepere tehnica &#8216;\u00eemparte \u0219i st\u0103p\u00e2ne\u0219te'&#8221;, a conchis pre\u015fedintele Organiza\u0163iei Sindicale a Pedagogilor, Tam\u00e1s Totyik.<\/p>\n<p>Sursa: nepszava.hu<\/p>\n<p>Traducerea: Bal\u00e1zs Magdolna<\/p>\n<p>Foto: N\u00e9pszava<\/p>\n","protected":false},"excerpt":{"rendered":"<p>Pre\u015fedintele proasp\u0103t ales al Organiza\u0163iei Sindicale a Pedagogilor, Tam\u00e1s Totyik, a declarat \u00eentr-un interviu acordat portalului P\u00e9nzcentrum c\u0103 \u201e\u00een Ungaria salariile profesorilor sunt <\/p>\n","protected":false},"author":1,"featured_media":6921,"comment_status":"open","ping_status":"open","sticky":false,"template":"","format":"standard","meta":{"footnotes":""},"categories":[2740],"tags":[4224,4225,4223,33,36],"class_list":["post-6920","post","type-post","status-publish","format-standard","has-post-thumbnail","hentry","category-educatie","tag-judetul-bekes","tag-preda","tag-profesori","tag-romania","tag-stiri-fara-frontiere"],"_links":{"self":[{"href":"https:\/\/hatarok-nelkul.com\/ro\/index.php?rest_route=\/wp\/v2\/posts\/6920","targetHints":{"allow":["GET"]}}],"collection":[{"href":"https:\/\/hatarok-nelkul.com\/ro\/index.php?rest_route=\/wp\/v2\/posts"}],"about":[{"href":"https:\/\/hatarok-nelkul.com\/ro\/index.php?rest_route=\/wp\/v2\/types\/post"}],"author":[{"embeddable":true,"href":"https:\/\/hatarok-nelkul.com\/ro\/index.php?rest_route=\/wp\/v2\/users\/1"}],"replies":[{"embeddable":true,"href":"https:\/\/hatarok-nelkul.com\/ro\/index.php?rest_route=%2Fwp%2Fv2%2Fcomments&post=6920"}],"version-history":[{"count":2,"href":"https:\/\/hatarok-nelkul.com\/ro\/index.php?rest_route=\/wp\/v2\/posts\/6920\/revisions"}],"predecessor-version":[{"id":6926,"href":"https:\/\/hatarok-nelkul.com\/ro\/index.php?rest_route=\/wp\/v2\/posts\/6920\/revisions\/6926"}],"wp:featuredmedia":[{"embeddable":true,"href":"https:\/\/hatarok-nelkul.com\/ro\/index.php?rest_route=\/wp\/v2\/media\/6921"}],"wp:attachment":[{"href":"https:\/\/hatarok-nelkul.com\/ro\/index.php?rest_route=%2Fwp%2Fv2%2Fmedia&parent=6920"}],"wp:term":[{"taxonomy":"category","embeddable":true,"href":"https:\/\/hatarok-nelkul.com\/ro\/index.php?rest_route=%2Fwp%2Fv2%2Fcategories&post=6920"},{"taxonomy":"post_tag","embeddable":true,"href":"https:\/\/hatarok-nelkul.com\/ro\/index.php?rest_route=%2Fwp%2Fv2%2Ftags&post=6920"}],"curies":[{"name":"wp","href":"https:\/\/api.w.org\/{rel}","templated":true}]}}