{"id":7053,"date":"2023-09-07T19:20:14","date_gmt":"2023-09-07T16:20:14","guid":{"rendered":"https:\/\/hatarok-nelkul.com\/ro\/?p=7053"},"modified":"2023-09-07T19:21:31","modified_gmt":"2023-09-07T16:21:31","slug":"conferinta-prezbiteriana-a-eparhiei-reformate-de-piatra-craiului-din-oradea","status":"publish","type":"post","link":"https:\/\/hatarok-nelkul.com\/ro\/?p=7053","title":{"rendered":"Conferin\u0163a Prezbiterian\u0103 a Eparhiei Reformate de Piatra Craiului, din Oradea"},"content":{"rendered":"<p>La \u00eenceputul sezonului <em>P\u00e2inii Noi<\/em>, Asocia\u0163ia Prezbiterian\u0103 a Eparhiei Reformate de Piatra Craiului \u015fi-a organizat cea de-a 17-a conferin\u0163\u0103 \u00een Parisul de pe Pe\u0163ea, \u00een Biserica Reformat\u0103 din centrul ora\u0219ului. Evenimentul a fost deschis de c\u0103tre d-na preot paroh Herde\u00e1n Gy\u00f6ngyi, care a \u00eenceput cuv\u00e2ntarea sa pornind de la r\u00e2ndurile 1-12 din scrisoarea Apostolului Iacov: \u201eFra\u0163ii mei, s\u0103 nu fi\u0163i mul\u0163i \u00eenv\u0103\u0163\u0103tori, c\u0103ci sti\u0163i c\u0103 vom primi o judecat\u0103 mai aspr\u0103&#8230;\u201d, apoi au urmat cuvintele de salut.<\/p>\n<p>Andr\u00e1s T\u00f3th, pre\u0219edintele Asocia\u021biei Prezbiteriene a Eparhiei Reformate de Piatra Craiului, a salutat participan\u021bii la conferin\u021b\u0103 prin r\u00e2ndurile scrisorii \u00eent\u00e2i, versetele 2, 5 ale sf\u00e2ntului apostol Petru: \u201eVoi, \u00een\u015fiv\u0103 ca ni\u0219te pietre vii, zidi\u0163i-v\u0103 \u00eentr-o cas\u0103 spiritual\u0103, \u00eentr-o preo\u0163ie sf\u00e2nt\u0103, ca s\u0103 oferi\u021bi jertfe spirituale pl\u0103cute lui Dumnezeu prin Isus Hristos\u201d. \u2013 La construirea unei cl\u0103diri, totul decurge conform planului, iar apoi maestrul constructor decide ce \u0219i cum s\u0103 o implementeze \u00een practic\u0103. Prin urmare, membrii bisericii, dac\u0103 umbl\u0103 cu credin\u021b\u0103, Biblia spune c\u0103 sunt pietre vii, deoarece Dumnezeu \u00eei zide\u0219te prin cuv\u00e2ntul S\u0103u, iar apoi zide\u0219te \u015fi pe al\u021bii prin ei. Pentru aceasta, lini\u0219tea individual\u0103, citirea Bibliei \u0219i medita\u021bia asupra lucrurilor lui Dumnezeu sunt foarte importante. Dragii mei fra\u021bi \u0219i surori cu credin\u0163a \u00een Hristos, v\u0103 doresc ca to\u021bi s\u0103-L slujim pe Dumnezeul nostru din toat\u0103 inima \u0219i convingerile noastre, pentru ca exemplul nostru s\u0103 fie un exemplu de urmat pentru \u00eentreaga societate, a afirmat pre\u015fedintele.<\/p>\n<p>P\u00e1l Csaba T\u00f6r\u00f6k, membru al Consiliului de Administra\u021bie al Asocia\u021biei Prezbiteriene din Ungaria, \u0219i-a bazat g\u00e2ndurile pe versurile Psalmului 133 \u0219i pe cele 822 de imnuri din Caietul de c\u00e2ntece digital reformat, publicat \u00een 2021.<\/p>\n<p>\u201eO, ce frumos \u0219i ce splendid este \/ dac\u0103 fra\u021bii tr\u0103iesc \u00een armonie!&#8230;\u201d &#8211; Membrii Bisericii desprinse tr\u0103iesc \u00een dragoste, pace \u0219i armonie, \u00een pofida tututor greut\u0103\u0163ilor. Trebuie s\u0103 ne ajut\u0103m unul pe altul. Fiecare m\u00e2n\u0103 de ajutor \u00eentins\u0103 \u00eenseamn\u0103 o binecuv\u00e2ntare pentru fra\u021bi \u0219i congrega\u021bii &#8211; datorit\u0103 binecuv\u00e2nt\u0103rii, planului \u0219i voin\u021bei lui Dumnezeu.<\/p>\n<p>\u201cDac\u0103 cei slabi se poticnesc, s\u0103 ajute cel puternic\u2026 A\u0219a c\u0103 s\u0103 r\u0103m\u00e2nem \u00eempreun\u0103\/S\u0103 fim ultimii\/Lu\u0103m necazul pe umeri Prin aceast\u0103 via\u021b\u0103 p\u0103m\u00e2nteasc\u0103. \/ R\u00c921 822, 7\/<\/p>\n<p>Suntem slabi, doar ne poticnim, dar ajutorul este al\u0103turi de noi. \u00a0Trebuie s\u0103 observ\u0103m c\u0103 Dumnezeu a r\u00e2nduit mul\u021bi fra\u021bi l\u00e2ng\u0103 noi pentru a ajunge \u00eempreun\u0103 la scopul final. Lu\u00e2nd \u00een considerare \u00eenv\u0103\u021b\u0103tura \u0219i \u00eendrumarea lui Isus Hristos, trebuie s\u0103 ne baz\u0103m pe puterea \u0219i c\u0103l\u0103uzirea Duhului Sf\u00e2nt! S\u0103 dea Domnul s\u0103 fie a\u0219a! A Lui s\u0103 fie slava pentru toate, \u00eentotdeauna! \u2013 acestea au fost cuvintele oaspetelui din Ungaria.<\/p>\n<p>G\u00e1bor Erdei i-a salutat pe participan\u021bii conferin\u021bei de la Oradea \u00een numele Asocia\u0163iei Prezbiteriene \u00eenfr\u0103\u0163ite din jude\u0163ul B\u00e9k\u00e9s, pun\u00e2nd accent asupra rela\u0163iei-\u00eenfr\u0103\u0163ite de mai mul\u0163i ani.<\/p>\n<p>La conferin\u0163\u0103, participan\u021bii au urm\u0103rit dou\u0103 prezent\u0103ri. Prima prezentare a fost sus\u021binut\u0103 de pastorul Zsolt Farkas, consultant \u00een administra\u021bia public\u0103 a Eparhiei \u0219i preot paroh la Biserica Reformat\u0103 Io\u015fia din Oradea cu titlul \u201dPrincipiul prezbiter \u2013 Sinodal\u201d A doua prezentare a fost sus\u0163inut\u0103 de Attila Zsolt K\u00e1nya, pastor al Parohiei din Cam\u0103r, jude\u0163ul S\u0103laj, sub titlul \u201cTotu\u0219i, credin\u021ba vine prin auz, iar auzul este Cuv\u00e2ntul lui Dumnezeu\u201d.<\/p>\n<p>Publicul a g\u0103sit ambele prezent\u0103ri foarte valoroase \u0219i utile, mul\u021bumindu-le cu \u00eentreb\u0103ri \u0219i comentarii pozitive.<\/p>\n<p>Asocia\u021biile Prezbiteriene ale Eparhiilor Reformate din Ardeal \u0219i de Piatra Craiului colaboreaz\u0103 de dou\u0103 decenii, \u0219i ast\u0103zi \u00eentr-o dragoste fr\u0103\u021beasc\u0103 \u0219i \u00een fiecare an se cinstesc reciproc prin prezen\u021ba lor la marile conferin\u021be de var\u0103. \u00cen acest an, Asocia\u021bia Prezbiterian\u0103 a Bisericii Reformate din Ardeal, invitat\u0103 la aceast\u0103 conferin\u0163\u0103, a fost reprezentat\u0103 de \u00c9va Nagy, vicepre\u0219edinte al Asocia\u021biei Prezbiteriene a Protopopiatului Bra\u0219ovului (consilier al Secretariatului de Stat pentru Culte din Bucure\u0219ti \u0219i autorul acestor r\u00e2nduri), prin delegarea pre\u015fedintelui asocia\u0163iei, J\u00f3zsef P\u00e1lyi.<\/p>\n<p>\u00c9va Nagy a salutat participan\u021bii la conferin\u021b\u0103 cu versuri religioase \u0219i poetice, subliniind importan\u0163a p\u0103str\u0103rii \u015fi transmiterii credin\u0163ei \u015fi culturii noastre, \u00eentruc\u00e2t potrivit psalmului reformat \u201eDumnezeu este bastionul nostru puternic, cit\u00e2nd din versurile poetului Dezs\u0151 Kosztol\u00e1nyi: \u201eLimba este bastionul nostru puternic\u201d.<\/p>\n<p>Da, limba noastr\u0103 matern\u0103 \u0219i credin\u021ba noastr\u0103 se \u00eempletesc mereu, iar \u201eOmul adev\u0103rat tr\u0103ie\u0219te prin credin\u021b\u0103&#8230;\u201d Credin\u021ba d\u0103 na\u0219tere responsabilit\u0103\u0163ii fa\u0163\u0103 de na\u0163iune. Aceast\u0103 \u00eent\u00e2lnire \u0219i slujire, dincolo de rolul s\u0103u ecleziastic, are \u015fi rolul de formare a comunit\u0103\u0163ii \u015fi este o punte \u00eentre comunit\u0103\u0163i, o leg\u0103tur\u0103 sufleteasc\u0103\/spiritual\u0103 \u00eentre participan\u021bi, \u0219i serve\u0219te \u00eembog\u0103\u021birii \u0219i re\u00eenc\u0103rc\u0103rii spirituale a tuturor, cu scopul ca fiecare s\u0103 r\u0103sp\u00e2ndeasc\u0103 esen\u021ba \u0219i mesajul liturghiilor \u0219i a prelegerilor \u00een propria sa congrega\u021bie \u0219i familie, Cu aceste g\u00e2nduri, a salutat comunit\u0103\u021biile Eparhiei Reformate de Piatra Craiului pentru ca tot mai mul\u021bi enoria\u0219i s\u0103 deschid\u0103 por\u021bile propriilor biserici, precum \u0219i faptul c\u0103 fiecare pas pe care \u00eel fac, s\u0103 contribuie la d\u0103inuirea credin\u021bei \u0219i a limbii noastre materne \u0219i a culturii noastre. Domnul s\u0103 ne dea o colaborare reu\u0219it\u0103 \u0219i rodnic\u0103 \u00eentre cele dou\u0103 eparhii din Rom\u00e2nia \u015fi eparhiile din Bazinul Carpatic, \u00eentre asocia\u021biile prezbiteriene. S\u0103 ne \u00eencredem \u00een Dumnezeu, \u00een noi \u00een\u0219ine, \u00een semenii no\u0219tri \u0219i \u201etoate treburile voastre s\u0103 fie f\u0103cute \u00een dragoste\u201d, deoarece \u201edragostea nu va pieri niciodat\u0103\u201d.<\/p>\n<p>dr.\u00c9va Nagy<\/p>\n","protected":false},"excerpt":{"rendered":"<p>La \u00eenceputul sezonului P\u00e2inii Noi, Asocia\u0163ia Prezbiterian\u0103 a Eparhiei Reformate de Piatra Craiului \u015fi-a organizat cea de-a 17-a conferin\u0163\u0103 \u00een Parisul de pe <\/p>\n","protected":false},"author":1,"featured_media":7054,"comment_status":"open","ping_status":"open","sticky":false,"template":"","format":"standard","meta":{"footnotes":""},"categories":[125],"tags":[4323,3317,1519,4324,36],"class_list":["post-7053","post","type-post","status-publish","format-standard","has-post-thumbnail","hentry","category-interne","tag-conferinta-prezbiteriana","tag-eparhia-reformata","tag-oradea","tag-piatra-craiului","tag-stiri-fara-frontiere"],"_links":{"self":[{"href":"https:\/\/hatarok-nelkul.com\/ro\/index.php?rest_route=\/wp\/v2\/posts\/7053","targetHints":{"allow":["GET"]}}],"collection":[{"href":"https:\/\/hatarok-nelkul.com\/ro\/index.php?rest_route=\/wp\/v2\/posts"}],"about":[{"href":"https:\/\/hatarok-nelkul.com\/ro\/index.php?rest_route=\/wp\/v2\/types\/post"}],"author":[{"embeddable":true,"href":"https:\/\/hatarok-nelkul.com\/ro\/index.php?rest_route=\/wp\/v2\/users\/1"}],"replies":[{"embeddable":true,"href":"https:\/\/hatarok-nelkul.com\/ro\/index.php?rest_route=%2Fwp%2Fv2%2Fcomments&post=7053"}],"version-history":[{"count":1,"href":"https:\/\/hatarok-nelkul.com\/ro\/index.php?rest_route=\/wp\/v2\/posts\/7053\/revisions"}],"predecessor-version":[{"id":7055,"href":"https:\/\/hatarok-nelkul.com\/ro\/index.php?rest_route=\/wp\/v2\/posts\/7053\/revisions\/7055"}],"wp:featuredmedia":[{"embeddable":true,"href":"https:\/\/hatarok-nelkul.com\/ro\/index.php?rest_route=\/wp\/v2\/media\/7054"}],"wp:attachment":[{"href":"https:\/\/hatarok-nelkul.com\/ro\/index.php?rest_route=%2Fwp%2Fv2%2Fmedia&parent=7053"}],"wp:term":[{"taxonomy":"category","embeddable":true,"href":"https:\/\/hatarok-nelkul.com\/ro\/index.php?rest_route=%2Fwp%2Fv2%2Fcategories&post=7053"},{"taxonomy":"post_tag","embeddable":true,"href":"https:\/\/hatarok-nelkul.com\/ro\/index.php?rest_route=%2Fwp%2Fv2%2Ftags&post=7053"}],"curies":[{"name":"wp","href":"https:\/\/api.w.org\/{rel}","templated":true}]}}