{"id":7095,"date":"2023-09-29T18:34:49","date_gmt":"2023-09-29T15:34:49","guid":{"rendered":"https:\/\/hatarok-nelkul.com\/ro\/?p=7095"},"modified":"2023-09-29T18:35:56","modified_gmt":"2023-09-29T15:35:56","slug":"premiul-fuen-de-anul-acesta-a-fost-decernat-fostului-reprezentant-al-minoritatilor-renate-schnack","status":"publish","type":"post","link":"https:\/\/hatarok-nelkul.com\/ro\/?p=7095","title":{"rendered":"Premiul FUEN de anul acesta a fost decernat fostului reprezentant al minorit\u0103\u0163ilor,  Renate Schnack"},"content":{"rendered":"<h1>\u00cen perioada 7-10 septembrie 2023 la P\u00e9cs (Ungaria) a avut loc cel de-al 67-lea congres al FUEN (Uniunea Federal\u0103 a Na\u021bionalit\u0103\u021bilor Europene). Partenerul de organizare \u0219i gazda evenimentului din acest an a fost Autoguvernarea pe \u0162ar\u0103 a Germanilor din Ungaria.<\/h1>\n<h1>\u00cen cadrul congresului a avut loc \u015fi ceremonia de decernare a premierului FUEN din acest an, care a fost acordat politicianului \u015fi fostului reprezentant al minorit\u0103\u0163ii, Renate Schnack, din landul german Schleswig-Holstein, \u00een semn de recunoa\u015ftere pentru munca sa dedicat\u0103 \u00een interesul minorit\u0103\u021bilor na\u021bionale autohtone \u0219i al grupurilor lingvistice din Europa.<\/h1>\n<h1>\u201eNu sunte\u021bi doar pentru noi un model de urmat, ci \u015fi pentru Europa\u201d cu aceste cuvinte i-a \u00eenm\u00e2nat vicepre\u0219edintelui FUEN, G\u00f6sta Toft, premiul organiza\u0163iei de anul acesta Renatei Schnack, la evenimentul care s-a desf\u0103\u015furat recent, la P\u00e9cs.<\/h1>\n<h1>Schnack a folosit discursul s\u0103u de salut pentru a-i avertiza pe politicienii prezen\u021bi: \u201eSociet\u0103\u021bile deschise, plurale \u0219i decente nu se creeaz\u0103 de la sine. Acestea\u00a0 trebuie planificate \u00een fiecare zi \u0219i pretutindeni. Este foarte important ca majoritatea societ\u0103\u021bii s\u0103 devin\u0103 activ\u0103 \u0219i s\u0103 vrea \u015fi s\u0103 \u00ee\u0219i doreasc\u0103 ca toat\u0103 lumea s\u0103 participe la procesele \u0219i evolu\u021biile sociale\u201d, a subliniat, cer\u00e2nd tuturor s\u0103 fac\u0103 totul pentru a asigura \u00een continuare drepturile minorit\u0103\u021bilor. Mai ales dac\u0103 exist\u0103 o reform\u0103 a dreptului interna\u021bional\u201d.<\/h1>\n<h1>\u201eRenate Schnack este \u00eenainte de toate un model de urmat atunci c\u00e2nd vine vorba de implementarea obiectivelor \u0219i strategiilor de politic\u0103 minoritar\u0103. Cum abordeaz\u0103 ea aceast\u0103 chestiune? Este empatic\u0103, are bune abilit\u0103\u0163i de ascultare \u0219i diplomatice \u2013 \u0219i nu renun\u021b\u0103 niciodat\u0103!\u201d, a spus \u00een elogiul s\u0103u Toft.<\/h1>\n<h1>Fostul reprezentant al minorit\u0103\u021bii din landul Schleswig-Holstein \u201eeste \u015fi azi angajat pentru diversitate \u0219i multilingvism, \u015fi acest angajament face parte, pur \u015fi simplu, din ADN-ul s\u0103u. Ne bucur\u0103m foare mult de acesta la FUEN\u201d, a subliniat Toft.<\/h1>\n<h1>Secretarul Partidului Schleswig o cunoa\u0219te pe Schnack de mult timp, deaorece au lucrat \u00eempreun\u0103 ani lungi \u00een politica minoritar\u0103 din regiunea de frontier\u0103 \u0219i din Europa.<\/h1>\n<h1>Schnack a l\u0103sat o amprent\u0103 clar\u0103 asupra politicii minorit\u0103\u021bilor \u00een timpul ei, a spus Toft, care a ad\u0103ugat: A reu\u0219it s\u0103 \u00eembun\u0103t\u0103\u021beasc\u0103 oportunit\u0103\u021bile educa\u021bionale pentru copiii romi printr-un model de mediator \u0219i s\u0103 demareze un proiect de locuin\u021be prin care mul\u021bi romi \u0219i-au g\u0103sit un c\u0103min.<\/h1>\n<h1>Ea a fost, de asemenea, o figur\u0103 cheie pentru cooperarea minorit\u0103\u021bilor din regiunea de frontier\u0103 germano-danez\u0103, a fondat \u201eForumul de Dialog de Nord\u201d \u0219i, prin urmare, un model de cooperare care ar putea fi inovator pentru multe minorit\u0103\u021bi din Europa.<\/h1>\n<h1>Schnack l-a criticat pe Orb\u00e1n, dar \u015fi Ungaria<\/h1>\n<h1>\u201eDac\u0103 o \u021bar\u0103 nu mai ader\u0103 la regulile UE \u0219i cet\u0103\u021benii UE din acea \u021bar\u0103 nu se mai pot bucura de drepturile lor, atunci aceasta nu este doar o problem\u0103 care afecteaz\u0103 \u021bara respectiv\u0103, ci este o problem\u0103 care ne afecteaz\u0103 pe noi to\u0163i\u201d, a subliniat Renate Schnack, care\u00a0 a vorbit clar la congresul din Ungaria, \u201e\u00een fa\u021ba ochilor \u0219i urechilor reprezentan\u021bilor Guvernului ungar\u201d.<\/h1>\n<h1>Potrivit lui Wolfgang Mayr de la blogul pentru drepturile omului \u201eVOICES\u201d al Societ\u0103\u021bii pentru Popoarele Amenin\u021bate (STP), aceste declara\u0163ii \u00een care este u\u0219or de recunoscut critica la adresa lui Orb\u00e1n \u015fi la adresa Ungariei, \u201eau provocat o reac\u021bie rece, chiar dispre\u021buitoare din partea secretarilor de stat \u0219i a altor demnitari de stat prezen\u021bi\u201d.<\/h1>\n<h1>Dup\u0103 cum scrie Mayr \u00een comentariul s\u0103u, acest discurs al c\u00e2\u0219tig\u0103toarei premiului, Renate Schnack, este important pentru FUEN. Sunt multe \u00een joc pentru aceast\u0103 organiza\u021bie minoritar\u0103. \u201eReputa\u021bia lor pe plan extern \u015fi coeziunea lor pe plan intern. S\u0103 ne amintim doar de faptul c\u0103 \u00een urm\u0103 cu un an, la Berlin, a provocat un scandal declara\u0163ia pre\u015fedintelui maghiar din Rom\u00e2nia al FUEN, Lor\u00e1nt Vincze, care a vorbit, printre altele, despre o \u201ev\u00e2n\u0103toare de vr\u0103jitoare\u201d \u00eempotriva lui Orb\u00e1n\u201d, a spus Mayr, men\u0163ion\u00e2nd:<\/h1>\n<h1>P\u00e2n\u0103 ast\u0103zi, Pre\u0219edin\u021bia FUEN nu a reu\u0219it s\u0103 se exprime pe un ton critic fa\u021b\u0103 de Ungaria, care se pretinde a fi o \u201edemocra\u021bie iliberal\u0103. Acum Renate Schnack a f\u0103cut-o \u00een locul Pre\u015fedin\u0163iei.<\/h1>\n<h1>De men\u0163ionat c\u0103 Ungaria este, al\u0103turi de Germania, cel mai mare sus\u021bin\u0103tor financiar individual al FUEN.<\/h1>\n<h1>Sursa: Der Nordschleswiger<\/h1>\n<p><strong>Foto: Der Nordschleswiger<\/strong><\/p>\n","protected":false},"excerpt":{"rendered":"<p>\u00cen perioada 7-10 septembrie 2023 la P\u00e9cs (Ungaria) a avut loc cel de-al 67-lea congres al FUEN (Uniunea Federal\u0103 a Na\u021bionalit\u0103\u021bilor Europene). Partenerul <\/p>\n","protected":false},"author":1,"featured_media":7096,"comment_status":"open","ping_status":"open","sticky":false,"template":"","format":"standard","meta":{"footnotes":""},"categories":[29],"tags":[4359,4360,4358,4361,36],"class_list":["post-7095","post","type-post","status-publish","format-standard","has-post-thumbnail","hentry","category-externe","tag-congres","tag-pecs","tag-premiul-fuen-2023","tag-renata-schnack","tag-stiri-fara-frontiere"],"_links":{"self":[{"href":"https:\/\/hatarok-nelkul.com\/ro\/index.php?rest_route=\/wp\/v2\/posts\/7095","targetHints":{"allow":["GET"]}}],"collection":[{"href":"https:\/\/hatarok-nelkul.com\/ro\/index.php?rest_route=\/wp\/v2\/posts"}],"about":[{"href":"https:\/\/hatarok-nelkul.com\/ro\/index.php?rest_route=\/wp\/v2\/types\/post"}],"author":[{"embeddable":true,"href":"https:\/\/hatarok-nelkul.com\/ro\/index.php?rest_route=\/wp\/v2\/users\/1"}],"replies":[{"embeddable":true,"href":"https:\/\/hatarok-nelkul.com\/ro\/index.php?rest_route=%2Fwp%2Fv2%2Fcomments&post=7095"}],"version-history":[{"count":1,"href":"https:\/\/hatarok-nelkul.com\/ro\/index.php?rest_route=\/wp\/v2\/posts\/7095\/revisions"}],"predecessor-version":[{"id":7097,"href":"https:\/\/hatarok-nelkul.com\/ro\/index.php?rest_route=\/wp\/v2\/posts\/7095\/revisions\/7097"}],"wp:featuredmedia":[{"embeddable":true,"href":"https:\/\/hatarok-nelkul.com\/ro\/index.php?rest_route=\/wp\/v2\/media\/7096"}],"wp:attachment":[{"href":"https:\/\/hatarok-nelkul.com\/ro\/index.php?rest_route=%2Fwp%2Fv2%2Fmedia&parent=7095"}],"wp:term":[{"taxonomy":"category","embeddable":true,"href":"https:\/\/hatarok-nelkul.com\/ro\/index.php?rest_route=%2Fwp%2Fv2%2Fcategories&post=7095"},{"taxonomy":"post_tag","embeddable":true,"href":"https:\/\/hatarok-nelkul.com\/ro\/index.php?rest_route=%2Fwp%2Fv2%2Ftags&post=7095"}],"curies":[{"name":"wp","href":"https:\/\/api.w.org\/{rel}","templated":true}]}}