{"id":71,"date":"2012-11-06T13:27:00","date_gmt":"2012-11-06T11:27:00","guid":{"rendered":"http:\/\/hatarok-nelkul.com\/ro\/?p=71"},"modified":"2012-11-06T13:27:00","modified_gmt":"2012-11-06T11:27:00","slug":"sapte-tineri-adepti-ai-hvim-retinuti-de-politia-din-novi-sad-arme-si-munitii-descoperite-in-urma-perchezitiei-la-domiciliul-unuia-dintre-acestia","status":"publish","type":"post","link":"https:\/\/hatarok-nelkul.com\/ro\/?p=71","title":{"rendered":"\u015eapte tineri adep\u0163i ai HVIM re\u0163inu\u0163i de Poli\u0163ia din Novi Sad &#8211; arme \u015fi muni\u0163ii descoperite \u00een urma perchezi\u0163iei la domiciliul unuia dintre ace\u015ftia &#8211;"},"content":{"rendered":"<p><!--[if gte mso 9]><xml> <w:WordDocument>  <w:View>Normal<\/w:View>  <w:Zoom>0<\/w:Zoom>  <w:HyphenationZone>21<\/w:HyphenationZone>  <w:Compatibility>   <w:BreakWrappedTables\/>   <w:SnapToGridInCell\/>   <w:ApplyBreakingRules\/>   <w:WrapTextWithPunct\/>   <w:UseAsianBreakRules\/>   <w:UseFELayout\/>  <\/w:Compatibility>  <w:BrowserLevel>MicrosoftInternetExplorer4<\/w:BrowserLevel> <\/w:WordDocument><\/xml><![endif]--><br \/><!--[if gte mso 10]>\n\n<style> \/* Style Definitions *\/  table.MsoNormalTable  {mso-style-name:\"Table Normal\";  mso-tstyle-rowband-size:0;  mso-tstyle-colband-size:0;  mso-style-noshow:yes;  mso-style-parent:\"\";  mso-padding-alt:0cm 5.4pt 0cm 5.4pt;  mso-para-margin:0cm;  mso-para-margin-bottom:.0001pt;  mso-pagination:widow-orphan;  font-size:10.0pt;  font-family:\"Times New Roman\";} <\/style>\n\n<![endif]--><\/p>\n<div><span>Poli\u0163ia din ora\u015ful s\u00e2rbesc Novi Sad a re\u0163inut \u015fapte tineri maghiari suspecta\u0163i de s\u0103v\u00e2r\u015firea unor infrac\u0163iuni motivate de ur\u0103 na\u0163ional\u0103, rasial\u0103 \u015fi religioas\u0103 \u2013 datorit\u0103 unui incident care a avut loc \u00een localitatea Temerin, informeaz\u0103 portalul de \u015ftiri Vajdasag.ma, citat de ziarul ungar N\u00e9pszabads\u00e1g.<br \/>\u00a0\u00a0\u00a0 Potrivit unui comunicat al Poli\u0163iei de la Novi Sad, citat de sursa amintit\u0103, tinerii sunt suspecta\u0163i de faptul c\u0103 \u00een data de 21 octombrie 2012, \u00een incinta unei cafenele, s-au salutat cu salutul nazist \u015fi au scandat lozinci de acela\u015fi fel, motiv pentru care au fost da\u0163i afar\u0103 din local. \u00cen fa\u0163a localului, cei \u00een cauz\u0103 au atacat \u015fi maltratat fizic doi tineri din Temerin, provoc\u00e2ndu-le leziuni corporale u\u015foare. Suspec\u0163ii purtau pe haine insigna Mi\u015fc\u0103rii de Tineret 64 de Comitate (HVIM).<br \/>\u00a0\u00a0\u00a0 <b>\u00cen locuin\u0163a unuia dintre cei re\u0163inu\u0163i poli\u0163ia a g\u0103sit o arm\u0103 automat\u0103 de foc, o pu\u015fc\u0103 cu aer comprimat, dezmembrat\u0103, un pistol de start, zece cartu\u015fe, un cu\u0163it de t\u0103iat vegeta\u0163ie \u015fi materiale de propagand\u0103 ale HVIM. Sub acuza\u0163ia de de\u0163inere ilegal\u0103 de material explozibil \u015fi de arme, \u00eempotriva respectivului va fi declan\u015fat\u0103 procedura penal\u0103<\/b>.<br \/>\u00a0\u00a0\u00a0 Suspec\u0163ii au fost re\u0163inu\u0163i pentru 48 de ore. Ei vor fi audia\u0163i de judec\u0103torul de instruc\u0163ie al Tribunalului Suprem din Novi Sad, se mai arat\u0103 \u00een comunicatul Poli\u0163iei.<b> \u00cen urma incidentului, Liga Social-Democrat\u0103 din Vojvodina (LSV), condus\u0103 de Nenad Canak, a solicitat scoaterea organiza\u0163iei HVIM \u00een afara legii.<\/b><br \/>\u00a0\u00a0\u00a0 Potrivit Agen\u0163iei ungare de pres\u0103 \u2013 MTI, Liga Social-Democrat\u0103 din Vojvodina a anun\u0163at c\u0103 \u201clupt\u0103 \u00eempotriva oric\u0103rei forme a fascismului, independent de semnele na\u0163ionale ale fenomenului\u201d. <b>HVIM trebuie interzis\u0103, a\u015fa cum au fost scoase \u00een afara legii, \u00een urm\u0103 cu c\u00e2teva luni, organiza\u0163ia extremist\u0103 s\u00e2rb\u0103 \u201cObraz\u201d \u015fi organiza\u0163ia noe-fascist\u0103 \u201cO\u015ftile Na\u0163ionale\u201d(\u201cNacionalni Stroj\u201d)<\/b>, a subliniat LSV, preciz\u00e2nd c\u0103 \u00een asemenea cazuri, mass-media trebuie s\u0103 fie mai precaut\u0103 \u00een a oferi informa\u0163ii potrivit c\u0103rora \u00een ora\u015f numero\u015fi tineri sunt adep\u0163ii HVIM, pentru c\u0103 faptul, pe de o parte, nu este adev\u0103rat, iar pe de alt\u0103 parte, nu serve\u015fte \u00eentre\u0163inerii unor rela\u0163ii bune \u00eentre cet\u0103\u0163enii de diferite etnii \u015fi na\u0163ionalit\u0103\u0163i.<br \/>\u00a0\u00a0\u00a0 MTI mai men\u0163ioneaz\u0103 c\u0103 HVIM s-a revoltat profund din cauza solicit\u0103rii LSV. \u00cen acest sens, pre\u015fedintele mi\u015fc\u0103rii, Laszlo Toroczkai, a solicitat o rectificare din partea presei, subliniind : \u201cTinerii re\u0163inu\u0163i la sf\u00e2r\u015fitul s\u0103pt\u0103m\u00e2nii trecute la Temerin nu sunt membri ai organiza\u0163iei noastre \u015fi nu avem nicio leg\u0103tur\u0103 cu cele \u00eent\u00e2mplate. \u00cen ultimii ani mass-media s\u00e2rb\u0103 \u015fi autorit\u0103\u0163ile s-au lansat \u00eentr-o campanie de def\u0103imare \u00eempotriva noastr\u0103, f\u0103r\u0103 nici o baz\u0103 \u00eentemeiat\u0103. Dac\u0103 un s\u00e2rb alunec\u0103 pe o coaj\u0103 de banan\u0103 undeva \u00een Serbia, imediat este acuzat\u0103 Mi\u015fcarea de Tineret 64 de Comitate \u2013 HVIM. Ne-am bucura foarte mult dac\u0103 \u015fi mass-media s\u00e2rb\u0103 \u015fi autorit\u0103\u0163ile i-ar persecuta tot at\u00e2t de vehement \u015fi pe f\u0103pturitorii s\u00e2rbi ai agresiunilor antimaghiare&#8230; Dac\u0103 \u00eent\u00e2mpl\u0103tor c\u00e2\u015ftig\u0103m \u00een Serbia un proces intentat de noi \u00eempotriva ziari\u015ftilor \u015fovini s\u00e2rbi sau \u00eempotriva ziari\u015ftilor de origine maghiar\u0103, dar care servesc interesele s\u00e2rbilor, respectivii ziari\u015fti sunt amnistia\u0163i de c\u0103tre pre\u015fedintele republicii, precum s-a \u00eent\u00e2mplat \u00een aceast\u0103 var\u0103.\u201d<br \/>\u00a0\u00a0\u00a0 Primarul ora\u015fului Temerin, Vladimir Capik, a declarat cotidianului de limb\u0103 maghiar\u0103 din Vojvodina, Magyar Sz\u00f3, c\u0103 mass-media numai atunci \u00ee\u015fi \u00eendreapt\u0103 aten\u0163ia c\u0103tre Temerin, dac\u0103 se isc\u0103 o b\u0103taie. \u201cAdministra\u0163ia local\u0103 condamn\u0103 orice fel de incident. Poli\u0163ia a identificat f\u0103ptuitorii, \u00eens\u0103 ancheta este \u00een curs de desf\u0103\u015furare, de aceea nu trebuie s\u0103 facem mare v\u00e2lv\u0103 degeaba. Ceea ce pot s\u0103 v\u0103 spun este c\u0103 f\u0103ptuitorii nu sunt din Temerin, ci din localit\u0103\u0163ile Becej \u015fi Ada. Sunt sigur, \u00eens\u0103, c\u0103 dac\u0103 b\u0103taia ar fi avut loc la Topola sau Subotica, nu ar fi avut un asemenea ecou \u00een mass-media. La Temerin, chiar \u015fi o singur\u0103 palm\u0103 este o senza\u0163ie. \u00cen tot cazul, s\u0103 l\u0103s\u0103m poli\u0163ia s\u0103 \u00ee\u015fi fac\u0103 datoria\u201d, a spus primarul ora\u015fului Temerin cotidianului Magyar Sz\u00f3 din Serbia.<\/span><\/div>\n","protected":false},"excerpt":{"rendered":"<p>Poli\u0163ia din ora\u015ful s\u00e2rbesc Novi Sad a re\u0163inut \u015fapte tineri maghiari suspecta\u0163i de s\u0103v\u00e2r\u015firea unor infrac\u0163iuni motivate de ur\u0103 na\u0163ional\u0103, rasial\u0103 \u015fi religioas\u0103 <\/p>\n","protected":false},"author":1,"featured_media":0,"comment_status":"open","ping_status":"open","sticky":false,"template":"","format":"standard","meta":{"footnotes":""},"categories":[1],"tags":[],"class_list":["post-71","post","type-post","status-publish","format-standard","hentry","category-fara-categorie"],"_links":{"self":[{"href":"https:\/\/hatarok-nelkul.com\/ro\/index.php?rest_route=\/wp\/v2\/posts\/71","targetHints":{"allow":["GET"]}}],"collection":[{"href":"https:\/\/hatarok-nelkul.com\/ro\/index.php?rest_route=\/wp\/v2\/posts"}],"about":[{"href":"https:\/\/hatarok-nelkul.com\/ro\/index.php?rest_route=\/wp\/v2\/types\/post"}],"author":[{"embeddable":true,"href":"https:\/\/hatarok-nelkul.com\/ro\/index.php?rest_route=\/wp\/v2\/users\/1"}],"replies":[{"embeddable":true,"href":"https:\/\/hatarok-nelkul.com\/ro\/index.php?rest_route=%2Fwp%2Fv2%2Fcomments&post=71"}],"version-history":[{"count":0,"href":"https:\/\/hatarok-nelkul.com\/ro\/index.php?rest_route=\/wp\/v2\/posts\/71\/revisions"}],"wp:attachment":[{"href":"https:\/\/hatarok-nelkul.com\/ro\/index.php?rest_route=%2Fwp%2Fv2%2Fmedia&parent=71"}],"wp:term":[{"taxonomy":"category","embeddable":true,"href":"https:\/\/hatarok-nelkul.com\/ro\/index.php?rest_route=%2Fwp%2Fv2%2Fcategories&post=71"},{"taxonomy":"post_tag","embeddable":true,"href":"https:\/\/hatarok-nelkul.com\/ro\/index.php?rest_route=%2Fwp%2Fv2%2Ftags&post=71"}],"curies":[{"name":"wp","href":"https:\/\/api.w.org\/{rel}","templated":true}]}}