{"id":7189,"date":"2023-12-23T06:47:49","date_gmt":"2023-12-23T04:47:49","guid":{"rendered":"https:\/\/hatarok-nelkul.com\/ro\/?p=7189"},"modified":"2023-12-23T06:52:23","modified_gmt":"2023-12-23T04:52:23","slug":"vechii-aliati-il-ataca-nemilos-pe-viktor-orban-pentru-una-dintre-politicile","status":"publish","type":"post","link":"https:\/\/hatarok-nelkul.com\/ro\/?p=7189","title":{"rendered":"Vechii alia\u0163i \u00eel atac\u0103 nemilos pe Viktor Orb\u00e1n, pentru una dintre politicile duse"},"content":{"rendered":"<p>Viktor Orb\u00e1n lucreaz\u0103 pentru Vladimir Putin, a declarat europarlamentarul lituanian Rasa Juknevi\u010dien\u0117, unul dintre vicepre\u0219edin\u021bii Partidului Popular European, ad\u0103ug\u00e2nd c\u0103 premierul ungar ar trebui s\u0103 fie privat de dreptul de vot \u00een Uniunea European\u0103. Cel care a relatat primul despre \u00a0afirma\u0163ia politicianului lituanian a fost portalul ungar Index.<\/p>\n<p>Rasa Juknevi\u010dien\u0117 a afirmat \u00eentr-un videoclip publicat pe 17 decembrie de \u00a0grupul Partidului Popular European (PPE) pe re\u0163eaua de socializare X, cunoscut\u0103 anterior ca Twitter: &#8220;Pentru cine lucreaz\u0103 Orb\u00e1n? Pentru Putin. De ce UE nu face nimic pentru a-l opri? Nu vede\u0163i c\u0103 UE se distruge din interior? Din p\u0103cate, instrumentele sunt prea slabe pentru a-l opri. Acest r\u0103spuns este dezam\u0103gitor, deoarece oamenii vor s\u0103 vad\u0103 o UE eficient\u0103. Nu se poate continua a\u0219a&#8221;.<\/p>\n<p>Potrivit europarlamentarului, trebuie g\u0103site mijloace legale pentru a-l priva pe Viktor Orb\u00e1n de dreptul de vot.<\/p>\n<p>Nu cred c\u0103 na\u021biunea maghiar\u0103, care d\u0103 un exemplu pentru toat\u0103 lumea \u00eenc\u0103 din 1956, vrea ca Rusia s\u0103 c\u00e2\u0219tige, a declarat Rasa Juknevi\u010dien\u0117, subliniind c\u0103 s\u0103pt\u0103m\u00e2na viitoare va fi dificil\u0103 pentru to\u021bi membrii UE, dar &#8220;trebuie f\u0103cut fa\u0163\u0103 tuturor testelor existen\u0163iale&#8221;. &#8220;Un du\u015fman care amenin\u021b\u0103 nu numai Ucraina, ci \u0219i alte \u021b\u0103ri europene nu poate c\u00e2\u0219tiga&#8221;, a conchis Rasa Juknevi\u010dien\u0117.<\/p>\n<p>Sursa: nepszava.hu<\/p>\n<p>Traducerea: Sz\u00e9kely D\u00e9nes<\/p>\n<p><strong>Foto: Ellensz\u00e9l<\/strong><\/p>\n","protected":false},"excerpt":{"rendered":"<p>Viktor Orb\u00e1n lucreaz\u0103 pentru Vladimir Putin, a declarat europarlamentarul lituanian Rasa Juknevi\u010dien\u0117, unul dintre vicepre\u0219edin\u021bii Partidului Popular European, ad\u0103ug\u00e2nd c\u0103 premierul ungar ar <\/p>\n","protected":false},"author":1,"featured_media":7190,"comment_status":"open","ping_status":"open","sticky":false,"template":"","format":"standard","meta":{"footnotes":""},"categories":[29],"tags":[4424,4425,4426,36,76],"class_list":["post-7189","post","type-post","status-publish","format-standard","has-post-thumbnail","hentry","category-externe","tag-atacat-nemilos","tag-europarlamentarul","tag-lituanian","tag-stiri-fara-frontiere","tag-viktor-orban"],"_links":{"self":[{"href":"https:\/\/hatarok-nelkul.com\/ro\/index.php?rest_route=\/wp\/v2\/posts\/7189","targetHints":{"allow":["GET"]}}],"collection":[{"href":"https:\/\/hatarok-nelkul.com\/ro\/index.php?rest_route=\/wp\/v2\/posts"}],"about":[{"href":"https:\/\/hatarok-nelkul.com\/ro\/index.php?rest_route=\/wp\/v2\/types\/post"}],"author":[{"embeddable":true,"href":"https:\/\/hatarok-nelkul.com\/ro\/index.php?rest_route=\/wp\/v2\/users\/1"}],"replies":[{"embeddable":true,"href":"https:\/\/hatarok-nelkul.com\/ro\/index.php?rest_route=%2Fwp%2Fv2%2Fcomments&post=7189"}],"version-history":[{"count":2,"href":"https:\/\/hatarok-nelkul.com\/ro\/index.php?rest_route=\/wp\/v2\/posts\/7189\/revisions"}],"predecessor-version":[{"id":7192,"href":"https:\/\/hatarok-nelkul.com\/ro\/index.php?rest_route=\/wp\/v2\/posts\/7189\/revisions\/7192"}],"wp:featuredmedia":[{"embeddable":true,"href":"https:\/\/hatarok-nelkul.com\/ro\/index.php?rest_route=\/wp\/v2\/media\/7190"}],"wp:attachment":[{"href":"https:\/\/hatarok-nelkul.com\/ro\/index.php?rest_route=%2Fwp%2Fv2%2Fmedia&parent=7189"}],"wp:term":[{"taxonomy":"category","embeddable":true,"href":"https:\/\/hatarok-nelkul.com\/ro\/index.php?rest_route=%2Fwp%2Fv2%2Fcategories&post=7189"},{"taxonomy":"post_tag","embeddable":true,"href":"https:\/\/hatarok-nelkul.com\/ro\/index.php?rest_route=%2Fwp%2Fv2%2Ftags&post=7189"}],"curies":[{"name":"wp","href":"https:\/\/api.w.org\/{rel}","templated":true}]}}