{"id":72,"date":"2012-11-05T12:38:00","date_gmt":"2012-11-05T10:38:00","guid":{"rendered":"http:\/\/hatarok-nelkul.com\/ro\/?p=72"},"modified":"2012-11-05T12:38:00","modified_gmt":"2012-11-05T10:38:00","slug":"revolutia-devorandu-si-fiii-csanad-szegedi-denuntat-de-jobbik","status":"publish","type":"post","link":"https:\/\/hatarok-nelkul.com\/ro\/?p=72","title":{"rendered":"&quot;Revolu\u0163ia&quot; devor\u00e2ndu-\u015fi fiii &#8211; Csan\u00e1d Szegedi, denun\u0163at de Jobbik"},"content":{"rendered":"<div><a href=\"http:\/\/1.bp.blogspot.com\/-jqwYBU5L_mA\/UPmNeRLrl4I\/AAAAAAAAAEA\/234IEK2jh00\/s1600\/SzegediCsanadszuper.jpg\" imageanchor=\"1\"><img loading=\"lazy\" decoding=\"async\" border=\"0\" height=\"240\" src=\"http:\/\/1.bp.blogspot.com\/-jqwYBU5L_mA\/UPmNeRLrl4I\/AAAAAAAAAEA\/234IEK2jh00\/s320\/SzegediCsanadszuper.jpg\" width=\"320\"><\/a><\/div>\n<p><!--[if gte mso 9]><xml> <w:WordDocument>  <w:View>Normal<\/w:View>  <w:Zoom>0<\/w:Zoom>  <w:HyphenationZone>21<\/w:HyphenationZone>  <w:Compatibility>   <w:BreakWrappedTables\/>   <w:SnapToGridInCell\/>   <w:ApplyBreakingRules\/>   <w:WrapTextWithPunct\/>   <w:UseAsianBreakRules\/>   <w:UseFELayout\/>  <\/w:Compatibility>  <w:BrowserLevel>MicrosoftInternetExplorer4<\/w:BrowserLevel> <\/w:WordDocument><\/xml><![endif]--><br \/><!--[if gte mso 10]>\n\n<style> \/* Style Definitions *\/  table.MsoNormalTable  {mso-style-name:\"Table Normal\";  mso-tstyle-rowband-size:0;  mso-tstyle-colband-size:0;  mso-style-noshow:yes;  mso-style-parent:\"\";  mso-padding-alt:0cm 5.4pt 0cm 5.4pt;  mso-para-margin:0cm;  mso-para-margin-bottom:.0001pt;  mso-pagination:widow-orphan;  font-size:10.0pt;  font-family:\"Times New Roman\";} <\/style>\n\n<![endif]--><\/p>\n<div><span>Doi deputa\u0163i \u00een Legislativul ungar l-au denun\u0163at pe fostul membru al Jobbik, Csan\u00e1d Szegedi, sub acuza\u0163ia de <b>trafic de influen\u0163\u0103 \u015fi abuz \u00een serviciu<\/b>, informeaz\u0103 <i>postul ungar de radio Inforadio.<\/i> <\/span><span lang=\"EN-US\">\u00centr-un comunicat remis Agen\u0163iei ungare de pres\u0103 MTI, Bal\u00e1zs Lenhardt &#8211; care a semnat denun\u0163ul \u00eempreun\u0103 cu Gergely Kulcs\u00e1r &#8211; a amintit c\u0103 Csan\u00e1d Szegedi a fost exclus din organiza\u0163ia Jobbik \u00een vara anului 2012 din cauza &#8220;minciunilor \u015fi a \u00eencerc\u0103rilor de mituire&#8221;. &#8220;Atunci s-a descoperit \u015fi adev\u0103rul despre originea sa evreiasc\u0103, iar de atunci europarlamentarul a trecut printr-o metamorfoz\u0103 interesant\u0103: dintr-un radical a devenit ecoul celei mai extremiste pozi\u0163ii sioniste&#8221;, scrie \u00een comunicatul s\u0103u Bal\u00e1zs Lenhardt. Potrivit politicianului de opozi\u0163ie, Szegedi &#8220;uzurpeaz\u0103 mandatul de europarlamentar, ob\u0163inut pe listele Jobbik&#8221;, astfel c\u0103 partidul trebuie s\u0103 fac\u0103 tot posibilul ca &#8220;tr\u0103d\u0103torul s\u0103 renun\u0163e la acest mandat&#8221;. Potrivit Jobbik, &#8220;exist\u0103 suspiciuni \u00eentemeiate cu privire la s\u0103v\u00e2r\u015firea unor grave infrac\u0163iuni \u00een leg\u0103tur\u0103 cu activitatea lui Csan\u00e1d Szegedi desf\u0103\u015furat\u0103 la Bruxelles&#8221;.<\/span><\/div>\n<div><span lang=\"EN-US\">Csan\u00e1d Szedegi a renun\u0163at la statutul de membru al Jobbik pe 30 iulie a.c., iar \u00eenainte de aceasta a renun\u0163at la toate func\u0163iile \u00eendeplinite \u00een cadrul acestei mi\u015fc\u0103ri. El a anun\u0163at, totodat\u0103, c\u0103 dore\u015fte s\u0103-\u015fi continue ativitatea ca europarlamentar.<span>\u00a0<\/span><\/span><\/p>\n<div><a href=\"http:\/\/3.bp.blogspot.com\/-REPc6MoOzy0\/UPmNnQCY5AI\/AAAAAAAAAEI\/QOAz4f38zGQ\/s1600\/cronos-devorandu-si-fiii.jpeg\" imageanchor=\"1\"><img loading=\"lazy\" decoding=\"async\" border=\"0\" height=\"320\" src=\"http:\/\/3.bp.blogspot.com\/-REPc6MoOzy0\/UPmNnQCY5AI\/AAAAAAAAAEI\/QOAz4f38zGQ\/s320\/cronos-devorandu-si-fiii.jpeg\" width=\"174\"><\/a><\/div>\n<\/div>\n","protected":false},"excerpt":{"rendered":"<p>Doi deputa\u0163i \u00een Legislativul ungar l-au denun\u0163at pe fostul membru al Jobbik, Csan\u00e1d Szegedi, sub acuza\u0163ia de trafic de influen\u0163\u0103 \u015fi abuz \u00een <\/p>\n","protected":false},"author":1,"featured_media":0,"comment_status":"open","ping_status":"open","sticky":false,"template":"","format":"standard","meta":{"footnotes":""},"categories":[1],"tags":[],"class_list":["post-72","post","type-post","status-publish","format-standard","hentry","category-fara-categorie"],"_links":{"self":[{"href":"https:\/\/hatarok-nelkul.com\/ro\/index.php?rest_route=\/wp\/v2\/posts\/72","targetHints":{"allow":["GET"]}}],"collection":[{"href":"https:\/\/hatarok-nelkul.com\/ro\/index.php?rest_route=\/wp\/v2\/posts"}],"about":[{"href":"https:\/\/hatarok-nelkul.com\/ro\/index.php?rest_route=\/wp\/v2\/types\/post"}],"author":[{"embeddable":true,"href":"https:\/\/hatarok-nelkul.com\/ro\/index.php?rest_route=\/wp\/v2\/users\/1"}],"replies":[{"embeddable":true,"href":"https:\/\/hatarok-nelkul.com\/ro\/index.php?rest_route=%2Fwp%2Fv2%2Fcomments&post=72"}],"version-history":[{"count":0,"href":"https:\/\/hatarok-nelkul.com\/ro\/index.php?rest_route=\/wp\/v2\/posts\/72\/revisions"}],"wp:attachment":[{"href":"https:\/\/hatarok-nelkul.com\/ro\/index.php?rest_route=%2Fwp%2Fv2%2Fmedia&parent=72"}],"wp:term":[{"taxonomy":"category","embeddable":true,"href":"https:\/\/hatarok-nelkul.com\/ro\/index.php?rest_route=%2Fwp%2Fv2%2Fcategories&post=72"},{"taxonomy":"post_tag","embeddable":true,"href":"https:\/\/hatarok-nelkul.com\/ro\/index.php?rest_route=%2Fwp%2Fv2%2Ftags&post=72"}],"curies":[{"name":"wp","href":"https:\/\/api.w.org\/{rel}","templated":true}]}}