{"id":7344,"date":"2024-03-06T20:29:47","date_gmt":"2024-03-06T18:29:47","guid":{"rendered":"https:\/\/hatarok-nelkul.com\/ro\/?p=7344"},"modified":"2024-03-06T20:30:17","modified_gmt":"2024-03-06T18:30:17","slug":"congres-ppe-la-bucuresti-2-000-de-delegati-din-44-de-tari","status":"publish","type":"post","link":"https:\/\/hatarok-nelkul.com\/ro\/?p=7344","title":{"rendered":"Congres PPE la Bucure\u0219ti: 2.000 de delega\u021bi din 44 de \u021b\u0103ri"},"content":{"rendered":"<p>Evenimentul politic se desf\u0103\u015foar\u0103 la centrul expozi\u021bional Romexpo, \u00een zilele de 6 \u0219i 7 martie. Cele mai importante puncte de pe ordinea de zi a Congresului Partidului Popular European (PPE) sunt preg\u0103tirea \u0219i strategia pentru alegerile pentru Parlamentul European, precum \u0219i votul privind nominalizarea Ursulei von der Leyen pentru func\u021bia de pre\u0219edinte al Comisiei Europene. Evenimentul este g\u0103zduit de Partidul Na\u021bional Liberal (PNL).<\/p>\n<p>La congresul de dou\u0103 zile al Partidului Popular European \u00a0particip\u0103 peste 2.000 de delega\u021bi din patruzeci de \u021b\u0103ri. Sunt prezen\u021bi pre\u0219edintele Comisiei Europene (CE) \u0219i pre\u015fedintele Parlamentului European (PE), precum \u0219i mai mul\u021bi \u0219efi de stat \u0219i de guvern, pre\u0219edin\u021bi de partide \u0219i comisari UE apar\u021bin\u00e2nd acestei familii politice.<\/p>\n<p>Congresul a \u00eenceput cu discursul de salut al pre\u0219edintelui Partidului Na\u021bional Liberal, Nicolae Ciuc\u0103, al pre\u0219edintelui UDMR, Hunor Kelemen, \u0219i al pre\u0219edintelui PPE, Manfred Weber. Dup\u0103 care a urmat o dezbatere pe tema \u201evocile satelor, ora\u0219elor \u0219i regiunilor\u201d, precum \u015fi discu\u021bii de grup axate pe trei teme: securitate \u0219i ap\u0103rare; solidaritate \u00eentre genera\u021bii; economie si locuri de munc\u0103.<\/p>\n<p>\u201eRom\u00e2nia merit\u0103 s\u0103 fie membr\u0103 cu drepturi depline al spa\u021biului Schengen\u201d, a declarat pre\u0219edintele Partidului Na\u021bional Liberal, Nicolae Ciuc\u0103, la deschiderea Congresului Partidului Popular European.<\/p>\n<p>Politicianul a explicat c\u0103 cet\u0103\u021benii rom\u00e2ni consider\u0103 extrem de important\u0103 aderarea deplin\u0103 la Spa\u0163iul Schengen a \u021b\u0103rii lor. Potrivit acestuia, Rom\u00e2nia poate garanta securitatea frontierelor UE \u0219i NATO, ceea ce confer\u0103 \u021b\u0103rii statutul de membru cu drepturi depline \u00een Spa\u021biul Schengen.<\/p>\n<p>\u00cen opinia pre\u015fedintelui PNL, \u201epericolul destabiliz\u0103rii Uniunii Europene este mai mare ca niciodat\u0103, ceea ce este alimentat de partidele extremiste, populiste. La alegeri trebuie s\u0103 lupt\u0103m \u00eempotriva acestor mi\u0219c\u0103ri anti-europene. Nu \u00eei putem l\u0103sa s\u0103 r\u0103sp\u00e2ndeasc\u0103 dezinformarea. \u00cens\u0103, pentru aceasta trebuie s\u0103 ac\u021bion\u0103m hot\u0103r\u00e2t \u0219i unit\u201d. Nicolae Ciuc\u0103 a mai subliniat: O Europ\u0103 puternic\u0103 are nevoie de o economie puternic\u0103, iar Partidul Popular European trebuie s\u0103 fac\u0103 fa\u021b\u0103 provoc\u0103rilor noii revolu\u021bii industriale. Viitorul Parlament European trebuie s\u0103 g\u0103seasc\u0103 o solu\u021bie care s\u0103 sus\u021bin\u0103 cercetarea \u0219tiin\u021bific\u0103, eficientizarea acesteia \u0219i \u00eembun\u0103t\u0103\u021birea calit\u0103\u0163ii vie\u0163ii \u00een toate regiunile europene.<\/p>\n<p>\u201ePartidul Popular European \u00a0\u00a0sus\u021bine aderarea deplin\u0103 a Rom\u00e2niei la Spa\u0163iul Schengen pentru c\u0103 \u021bara \u00eendepline\u0219te toate criteriile de aderare\u201d, a declarat Manfred Weber, la congresul PPE, care a numit drept o \u201eprovocare\u201d faptul c\u0103 Partidul Popular Austriac (\u00d6VP) adopt\u0103 o pozi\u021bie diferit\u0103 fa\u0163\u0103 de PPE \u00een problema ader\u0103rii Rom\u00e2niei la Spa\u0163iul Schengen.<\/p>\n<p>\u201e\u015ei \u00een familia politic\u0103 a PPE trebuie spus clar c\u0103 tangoul politic \u00een jurul ader\u0103rii la Spa\u0163iul Schengen este inacceptabil\u201d, a declarat pre\u015fedintele UDMR, Hunor Kelemen, men\u0163ion\u00e2nd: Rom\u00e2nia este capabil\u0103 \u0219i poate proteja frontierele externe ale Uniunii Europene. \u201ePot fi inventate tot felul de scuze \u0219i pretexte pentru a am\u00e2na aderarea deplin\u0103 la Spa\u0163iul Schengen, dar acest\u0103 am\u00e2nare provoac\u0103 pagube enorme chiar \u0219i pe termen scurt. De aceea, \u00eei rog pe to\u021bi cei care au avut rezerve p\u00e2n\u0103 acum cu privire la aderarea Rom\u00e2niei la Spa\u0163iul Schengen s\u0103 acorde prioritate intereselor comune pe termen mediu \u0219i lung \u00een locul c\u00e2\u0219tigului politic imediat\u201d, a afirmat Kelemen Hunor.<\/p>\n<p>Pe de alt\u0103 parte, pre\u015fedintele UDMR a precizat: Oric\u00e2t de greu ar fi de acceptat pentru unele state membre, Uniunea European\u0103 trebuie s\u0103 asigure respectarea drepturilor minorit\u0103\u021bilor na\u021bionale autohtone europene.<\/p>\n<p>\u201eUniunea Democrat\u0103 Maghiar\u0103 din Rom\u00e2nia este cea mai veche organiza\u021bie membr\u0103 a Partidului Popular European din Rom\u00e2nia, care reprezint\u0103 o comunitate etnic\u0103 de 1,2 milioane. Din primul moment dup\u0103 c\u0103derea dictaturii comuniste, comunitatea mea a m\u0103rturisit c\u0103 locul \u0163\u0103rii noastre este \u00een Uniunea European\u0103, care \u00een vremea aceea era numit\u0103 Uniunea Economic\u0103 European\u0103, precum \u015fi \u00een Alian\u021ba Nord-Atlantic\u0103\u201d, a mai spus Kelemen Hunor.<\/p>\n<p>\u200bPartidul Popular European a fost \u00eenfiin\u021bat \u00een 1976 \u0219i a reunit ini\u021bial partidele care reprezentau valorile cre\u0219tin-democrate europene. Ulterior, \u00een 1999, form\u00e2nd o frac\u021biune comun\u0103 cu conservatorii, a devenit cel mai mare grup reprezentativ din Parlamentul European. Sub conducerea lui Joseph Daul (2007 \u2013 2014), organiza\u021bia paneuropean\u0103 a manifestat deschidere \u00een continuare c\u0103tre partidele liberale de dreapta (\u00een 2014 fiind absorbit \u0219i Partidul Na\u021bional Liberal). Cu toate acestea, exist\u0103 o linie pe care PPE nu a dep\u0103\u0219it-o niciodat\u0103 \u0219i aceasta este extremismul. Oricine a condus aceast\u0103 familie de partid s-a opus \u00een mod constant aspira\u021biilor de extrem\u0103 dreapt\u0103.<\/p>\n<p>Sursa: maszol.ro\/Telex.ro<\/p>\n<p>Traducerea: Bal\u00e1zs Magdolna<\/p>\n<p>Foto: Maszol<\/p>\n","protected":false},"excerpt":{"rendered":"<p>Evenimentul politic se desf\u0103\u015foar\u0103 la centrul expozi\u021bional Romexpo, \u00een zilele de 6 \u0219i 7 martie. Cele mai importante puncte de pe ordinea de <\/p>\n","protected":false},"author":1,"featured_media":7345,"comment_status":"open","ping_status":"open","sticky":false,"template":"","format":"standard","meta":{"footnotes":""},"categories":[125],"tags":[351,4527,36],"class_list":["post-7344","post","type-post","status-publish","format-standard","has-post-thumbnail","hentry","category-interne","tag-bucuresti","tag-congres-ppe","tag-stiri-fara-frontiere"],"_links":{"self":[{"href":"https:\/\/hatarok-nelkul.com\/ro\/index.php?rest_route=\/wp\/v2\/posts\/7344","targetHints":{"allow":["GET"]}}],"collection":[{"href":"https:\/\/hatarok-nelkul.com\/ro\/index.php?rest_route=\/wp\/v2\/posts"}],"about":[{"href":"https:\/\/hatarok-nelkul.com\/ro\/index.php?rest_route=\/wp\/v2\/types\/post"}],"author":[{"embeddable":true,"href":"https:\/\/hatarok-nelkul.com\/ro\/index.php?rest_route=\/wp\/v2\/users\/1"}],"replies":[{"embeddable":true,"href":"https:\/\/hatarok-nelkul.com\/ro\/index.php?rest_route=%2Fwp%2Fv2%2Fcomments&post=7344"}],"version-history":[{"count":1,"href":"https:\/\/hatarok-nelkul.com\/ro\/index.php?rest_route=\/wp\/v2\/posts\/7344\/revisions"}],"predecessor-version":[{"id":7346,"href":"https:\/\/hatarok-nelkul.com\/ro\/index.php?rest_route=\/wp\/v2\/posts\/7344\/revisions\/7346"}],"wp:featuredmedia":[{"embeddable":true,"href":"https:\/\/hatarok-nelkul.com\/ro\/index.php?rest_route=\/wp\/v2\/media\/7345"}],"wp:attachment":[{"href":"https:\/\/hatarok-nelkul.com\/ro\/index.php?rest_route=%2Fwp%2Fv2%2Fmedia&parent=7344"}],"wp:term":[{"taxonomy":"category","embeddable":true,"href":"https:\/\/hatarok-nelkul.com\/ro\/index.php?rest_route=%2Fwp%2Fv2%2Fcategories&post=7344"},{"taxonomy":"post_tag","embeddable":true,"href":"https:\/\/hatarok-nelkul.com\/ro\/index.php?rest_route=%2Fwp%2Fv2%2Ftags&post=7344"}],"curies":[{"name":"wp","href":"https:\/\/api.w.org\/{rel}","templated":true}]}}