{"id":74,"date":"2012-11-01T01:00:00","date_gmt":"2012-10-31T23:00:00","guid":{"rendered":"http:\/\/hatarok-nelkul.com\/ro\/?p=74"},"modified":"2012-11-01T01:00:00","modified_gmt":"2012-10-31T23:00:00","slug":"csanad-szegedi-israelul-le-a-oferit-pacea-si-libertatea-oamenilor","status":"publish","type":"post","link":"https:\/\/hatarok-nelkul.com\/ro\/?p=74","title":{"rendered":"Csan\u00e1d Szegedi: Israelul le-a oferit pacea \u015fi libertatea oamenilor"},"content":{"rendered":"<p><!--[if gte mso 9]><xml> <w:WordDocument>  <w:View>Normal<\/w:View>  <w:Zoom>0<\/w:Zoom>  <w:HyphenationZone>21<\/w:HyphenationZone>  <w:Compatibility>   <w:BreakWrappedTables\/>   <w:SnapToGridInCell\/>   <w:ApplyBreakingRules\/>   <w:WrapTextWithPunct\/>   <w:UseAsianBreakRules\/>   <w:UseFELayout\/>  <\/w:Compatibility>  <w:BrowserLevel>MicrosoftInternetExplorer4<\/w:BrowserLevel> <\/w:WordDocument><\/xml><![endif]--><br \/><!--[if gte mso 10]>\n\n<style> \/* Style Definitions *\/  table.MsoNormalTable  {mso-style-name:\"Table Normal\";  mso-tstyle-rowband-size:0;  mso-tstyle-colband-size:0;  mso-style-noshow:yes;  mso-style-parent:\"\";  mso-padding-alt:0cm 5.4pt 0cm 5.4pt;  mso-para-margin:0cm;  mso-para-margin-bottom:.0001pt;  mso-pagination:widow-orphan;  font-size:10.0pt;  font-family:\"Times New Roman\";} <\/style>\n\n<![endif]--><\/p>\n<div><span>\u00cen urm\u0103 cu c\u00e2teva luni Csan\u00e1d Szegedi \u00eenc\u0103 mai era cel mai important politician \u00een cadrul mi\u015fc\u0103rii de extrem\u0103-dreapta Jobbik. Era cunoscut pentru declara\u0163iile sale antisemite. \u00cens\u0103, via\u0163a \u015fi cariera sa s-au schimbat brusc, \u00een luna iunie, c\u00e2nd a<span>\u00a0 <\/span>descoperit c\u0103 bunicii din partea mamei erau evrei. Din cauza originii sale evreie\u015fti el renun\u0163\u0103 la statutul de membru al mi\u015fc\u0103rii Jobbik, f\u0103r\u0103 s\u0103 demisioneze din func\u0163ia de europarlamentar. <\/span><\/div>\n<div><span>Potrivit site-lui ungar <i>barikad.hu<\/i>, nici nu a trecut o jum\u0103tate de an \u015fi Csan\u00e1d Szegedi ajunge de pe pozi\u0163ia antisionist\u0103 la cea pro-israelian\u0103, fapt demonstrat \u015fi prin participarea sa la reuniunea Parlamentului European din 23 octombrie a.c., la care a pledat \u2013 \u00een interven\u0163ia sa \u2013 pentru consolidarea rela\u0163iilor statului evreiesc \u015fi a Uniunii Europene. \u201eIsraelul ne-a dat un exemplu \u00een cea mai instabil\u0103 regiune a Globului, demonstr\u00e2nd c\u0103 statul evreiesc le-a oferit pacea \u015fi libertatea oamenilor \u00eentr-o zon\u0103 \u00een care se construie\u015fte dictatura \u015fi se instig\u0103 la ur\u0103\u201d, a spus Szegedi, men\u0163ion\u00e2nd: \u201eEste obliga\u0163ia moral\u0103 a Parlamentului European de a sprijini oricare demers menit s\u0103 apropie Israelul de UE. <span>\u00a0<\/span>Israelul este un stat care d\u0103 dovad\u0103 de maturitate \u00een domeniul respect\u0103rii drepturilor omului; UE ar tebui s\u0103 evite implicarea \u00een treburile interne ale Israelului\u201d. \u00cen opinia lui Szegedi, \u201dUE sus\u0163ine gre\u015fit c\u0103 <span>\u00a0<\/span>Ierusalimul de Est \u015fi Malul vestic al Iordanului este un teritoriu palestinian ocupat&#8230; Pe parcursul istoriei, Palestina nu a existat niciodat\u0103, iar popula\u0163ia palestinian\u0103 este o proiec\u0163ie politic\u0103, c\u0103reia \u00eei lipesc bazele etnice. Singura posibilitate pentru f\u0103urirea statului palestinian ar fi, dac\u0103 Organiza\u0163ia pentru Eliberarea Palestinei ar ajunge la un acord cu Israelul\u201d.<\/span><\/div>\n<div><span>Site-ul ungar <i>barikad.hu<\/i> admite posibilitatea c\u0103 aceste cuvinte rostite de Csan\u00e1d Szegedi au fost scrise de evetualii s\u0103i consilieri israelieni, dar dincolo de aceasta este evident c\u0103 Csan\u00e1d Szegedi este unul din cei mai importan\u0163i slujitori ai intereselor israeliene.<\/span><br \/><span><a href=\"http:\/\/hirekhataroknelkul.blogspot.ro\/2012_10_01_archive.html\" target=\"_blank\">magyarul<\/a>\u00a0<\/span><span lang=\"HU\"><\/span><\/div>\n","protected":false},"excerpt":{"rendered":"<p>\u00cen urm\u0103 cu c\u00e2teva luni Csan\u00e1d Szegedi \u00eenc\u0103 mai era cel mai important politician \u00een cadrul mi\u015fc\u0103rii de extrem\u0103-dreapta Jobbik. Era cunoscut pentru <\/p>\n","protected":false},"author":1,"featured_media":0,"comment_status":"open","ping_status":"open","sticky":false,"template":"","format":"standard","meta":{"footnotes":""},"categories":[1],"tags":[],"class_list":["post-74","post","type-post","status-publish","format-standard","hentry","category-fara-categorie"],"_links":{"self":[{"href":"https:\/\/hatarok-nelkul.com\/ro\/index.php?rest_route=\/wp\/v2\/posts\/74","targetHints":{"allow":["GET"]}}],"collection":[{"href":"https:\/\/hatarok-nelkul.com\/ro\/index.php?rest_route=\/wp\/v2\/posts"}],"about":[{"href":"https:\/\/hatarok-nelkul.com\/ro\/index.php?rest_route=\/wp\/v2\/types\/post"}],"author":[{"embeddable":true,"href":"https:\/\/hatarok-nelkul.com\/ro\/index.php?rest_route=\/wp\/v2\/users\/1"}],"replies":[{"embeddable":true,"href":"https:\/\/hatarok-nelkul.com\/ro\/index.php?rest_route=%2Fwp%2Fv2%2Fcomments&post=74"}],"version-history":[{"count":0,"href":"https:\/\/hatarok-nelkul.com\/ro\/index.php?rest_route=\/wp\/v2\/posts\/74\/revisions"}],"wp:attachment":[{"href":"https:\/\/hatarok-nelkul.com\/ro\/index.php?rest_route=%2Fwp%2Fv2%2Fmedia&parent=74"}],"wp:term":[{"taxonomy":"category","embeddable":true,"href":"https:\/\/hatarok-nelkul.com\/ro\/index.php?rest_route=%2Fwp%2Fv2%2Fcategories&post=74"},{"taxonomy":"post_tag","embeddable":true,"href":"https:\/\/hatarok-nelkul.com\/ro\/index.php?rest_route=%2Fwp%2Fv2%2Ftags&post=74"}],"curies":[{"name":"wp","href":"https:\/\/api.w.org\/{rel}","templated":true}]}}