{"id":746,"date":"2015-02-04T10:47:56","date_gmt":"2015-02-04T08:47:56","guid":{"rendered":"http:\/\/hatarok-nelkul.com\/ro\/?p=746"},"modified":"2015-02-04T10:48:09","modified_gmt":"2015-02-04T08:48:09","slug":"interviu-cu-europarlamentarul-csaba-sogor","status":"publish","type":"post","link":"https:\/\/hatarok-nelkul.com\/ro\/?p=746","title":{"rendered":"Interviu cu europarlamentarul Csaba S\u00f3gor"},"content":{"rendered":"<figure id=\"attachment_747\" aria-describedby=\"caption-attachment-747\" style=\"width: 150px\" class=\"wp-caption alignleft\"><a href=\"https:\/\/hatarok-nelkul.com\/ro\/wp-content\/uploads\/2015\/02\/images.jpg\"><img loading=\"lazy\" decoding=\"async\" class=\"size-thumbnail wp-image-747 \" alt=\"images\" src=\"https:\/\/hatarok-nelkul.com\/ro\/wp-content\/uploads\/2015\/02\/images-150x150.jpg\" width=\"150\" height=\"150\" \/><\/a><figcaption id=\"caption-attachment-747\" class=\"wp-caption-text\">Sursa: ro.wikipedia.org<\/figcaption><\/figure>\n<p style=\"text-align: justify;\">La recenta reuniune a Comisiei pentru libert\u0103\u0163i civile, justi\u0163ie \u015fi afaceri interne (LIBE) a Parlamentului European, europarlamentarul UDMR, Csaba Sog\u00f3r, l-a \u00eentrebat pe prim-vicepre\u015fedintele Comisei Europene, Frans Timmermans, dac\u0103 \u201e\u00een opinia domniei sale ar fi necesar ca \u0163\u0103rile membre ale UE s\u0103 fie trase la r\u0103spundere \u015fi ulterior \u2013 nu numai \u00een momentul ader\u0103rii \u2013\u00a0 de respectarea &lt;Criteriilor de la Copenhaga&gt;? Potrivit politicianului UDMR, aplicarea unui asemenea mecanism de verificare ar asigura respectarea de c\u0103tre statele membre \u2013 a\u015fa cum prevede \u015fi Acordul privind Uniunea European\u0103 \u2013 a diversit\u0103\u0163ii reprezentate de minorit\u0103\u0163ile na\u0163ionale autohtone care tr\u0103iesc \u00een UE.<!--more--><\/p>\n<p style=\"text-align: justify;\">Frans Timmermans astfel a r\u0103spuns la \u00eentrebarea europarlamentarului Csaba S\u00f3gor: \u201eTrebuie s\u0103 acord\u0103m aten\u0163ie minorit\u0103\u0163ilor, deoarece modul \u00een care le trat\u0103m pe ele, reflect\u0103 \u00een ce m\u0103sur\u0103 ne respect\u0103m unii pe al\u0163ii \u00een cadrul societ\u0103\u0163ii noastre\u201d.<\/p>\n<p style=\"text-align: justify;\">Dat fiind faptul c\u0103 r\u0103spunsul vicepre\u015fedintelui Comisiei Europene, mai exact \u201etrebuie s\u0103 acord\u0103m aten\u0163ie minorit\u0103\u0163ilor\u201d nu ne-a fost foarte clar, pentru mai multe detalii ne-am adresat europarlamentarului Csaba S\u00f3gor, care ne-a oferit explica\u0163ii suplimentare, foarte utile pentru noi:<\/p>\n<p style=\"text-align: justify;\">\u201eAceast\u0103 \u00eentrebare noi am adresat-o \u015fi \u00een cadrul Comisiei anterioare \u015fi \u00een general r\u0103spunsul a fost c\u0103 respectiva chestiune \u0163ine de competen\u0163a statelor membre, c\u0103 nu pot s\u0103 intervin\u0103 \u015fi nu dispun de mijloacele necesare. \u00cen ultima perioad\u0103, mai cu seam\u0103 \u00een cazul Ungariei, dar \u015fi \u00een cazul Cehiei \u015fi Rom\u00e2niei, au existat anumite \u00eendoieli. \u00cen discu\u0163iile referitoare la Ungaria, s-a pus problema efectu\u0103rii unei verific\u0103ri cu privire la garantarea respect\u0103rii statului de drept. Iar, dac\u0103 \u00een cazul Ungariei s-a pus aceast\u0103 problem\u0103, am propus \u2013 \u015fi nu numai eu \u2013 s\u0103 fie aplicat\u0103 aceea\u015fi procedur\u0103 \u015fi \u00een cazul celorlalte state membre ale UE, deoarece \u2013 dup\u0103 cuno\u015ftin\u0163ele noastre \u2013 nu numai \u00een Ungaria sunt probleme cu respectarea drepturilor minorit\u0103\u0163ilor, ba mai mult, problemele sunt mai mari \u00een Slovacia, Rom\u00e2nia, Grecia \u015fi Fran\u0163a. Dac\u0103 \u00een cazul Ungariei, <b>pentru <\/b>comisarii europeni recomand\u0103rile Consiliului European, Acordul cadru privind protec\u0163ia minorit\u0103\u0163ilor na\u0163ionale sau Carta european\u0103 a limbilor regionale sau minoritare erau liter\u0103 de lege, atunci \u015fi \u00een cazul fiec\u0103rei \u0163\u0103ri membre s\u0103 se verifice c\u00e2t de \u00een serios a fost luat\u0103 aceast\u0103 recomandare, \u00een condi\u0163iile \u00een care aceste documente nici nu au fost ratificate de Grecia \u015fi Fran\u0163a. Toate partidele politice au fost de acord c\u0103 este necesar un mecanism de verificare, a\u015fa cum exist\u0103 \u015fi \u00een domeniul financiar sau economic. A\u015fa cum statele membre trebuie s\u0103 respecte austeritatea bugetar\u0103, la fel s\u0103 fie stabilit un minim european \u015fi \u00een domeniul respect\u0103rii drepturilor fundamentale ale omului \u015fi al drepturilor minorit\u0103\u0163ilor.<\/p>\n<p style=\"text-align: justify;\">Acum situa\u0163ia s-a schimbat doar at\u00e2t c\u0103 avem o nou\u0103 Comisie European\u0103, iar noul pre\u015fedinte al acestei comisii r\u0103spunde exclusiv de acest domeniu. \u015etim deja c\u0103 Grupul liberalilor din Parlamentul European a \u00eenainat o propunere, intitulat\u0103 \u201eInstrument pentru m\u0103surarea gradului de democra\u0163ie\u201d, care se refer\u0103 la domeniile \u015fi statele membre \u00een cazul c\u0103rora trebuie impus mecanismul de verificare. La crearea acestei situa\u0163ii a contribuit \u015fi criza, deoarece din cauza crizei economice \u015fi politice mondiale a crescut rata migra\u0163iei \u00een cadrul Europei: mai multe milioane de cet\u0103\u0163eni din Europa de Est au migrat \u00een Occident. La angajare, au fost \u00eenc\u0103lcate drepturile imigran\u0163ilor sau ale cet\u0103\u0163enilor europeni. Agen\u0163ia pentru Drepturile Fundamentale ale Uniunii Europene, cu sediul la Viena, a realizat, pentru prima oar\u0103, un studiu cu privire la respectarea drepturilor cet\u0103\u0163enilor care lucreaz\u0103 \u00eentr-o alt\u0103 \u0163ar\u0103 a Uniunii Europene.<\/p>\n<p style=\"text-align: justify;\">\u015ei nu \u00een ultimul r\u00e2nd, situa\u0163ia s-a schimbat \u00een sensul c\u0103 \u2013 dincolo de disputele referitoare la Ungaria \u015fi criza economic\u0103 \u2013\u00a0 din 2009, \u00een UE este \u00een vigoare Tratatul de la Lisabona, potrivit c\u0103ruia nu numai c\u0103 este interzis\u0103 discriminarea indivizilor apar\u0163in\u0103tori minorit\u0103\u0163ilor, dar trebuie s\u0103 beneficieze de protec\u0163ie, deoarece diversitatea lingvistic\u0103 \u015fi cultural\u0103 este o valoare european\u0103. P\u00e2n\u0103 c\u00e2nd aceast\u0103 Constitu\u0163ie va fi transpus\u0103 \u00een practic\u0103 sub forma unei legi, va trece mult timp. \u00cen Constitu\u0163ia Rom\u00e2niei a fost inclus \u00een 2003 dreptul de folosire a limbii materne, \u00eens\u0103 dup\u0103 cum se poate observa p\u00e2n\u0103 la aplicarea bilingvismului, drumul este foarte lung, fie c\u0103 vorbim despre Universitatea de Medicin\u0103 \u015fi Farmacie din T\u00e2rgu Mure\u015f, fie de administra\u0163ia local\u0103.<\/p>\n<p style=\"text-align: justify;\">\u00cen domeniul drepturilor minorit\u0103\u0163ilor putem distinge patru categorii de state membre ale UE: \u00cen prima categorie fac parte \u0163\u0103rile &#8211; ca s\u0103 \u00eencepem cu exemplul cel bun \u2013 \u00een care nu numai c\u0103 exist\u0103 legi bune, dar sunt \u015fi respectate, cum ar fi, de exemplu, \u00een Finlanda, \u00een Italia sau chiar \u00een Germania, \u00een cazul minorit\u0103\u0163ii daneze. Sunt \u0163\u0103ri, de exemplu Slovacia, unde minorit\u0103\u0163ile nu numai c\u0103 nu sunt ap\u0103rate de legi, dar sunt atacate, \u00eentr-un mod mai ascuns. Noi, Rom\u00e2nia, facem parte din cea de-a treia categorie, unde exist\u0103 legisla\u0163ie, dar este deficitar\u0103, de exemplu, Legea minorit\u0103\u0163ilor. Iar din cea de a patra categorie fac parte Grecia \u015fi Fran\u0163a, unde nu exist\u0103 legi ale minorit\u0103\u0163ilor, nu exist\u0103 protec\u0163ia minorit\u0103\u0163ilor, care de fapt nici nu sunt recunoscute, astfel c\u0103 aceste \u0163\u0103ri nici nu trebuie s\u0103 respecte vreo lege. Sarcina acestei comisii, a domnului Frans Timmermans, este, fie c\u0103 va urma, de exemplu, drumul ales \u00een cazul strategiei romilor, respectiv va fi elaborat\u0103 o strategie cadru care va asigura respectarea drepturilor tuturor minorit\u0103\u0163ilor na\u0163ionale din Europa pe care Comisia European\u0103 \u015fi-o va \u00eensu\u015fi \u015fi va determina statele membre ale UE s\u0103 elaboreze propria strategie. Fie ca recomand\u0103rile Consiliului Europei vor fi ridicate la rangul dreptului european. Acum exist\u0103 aceast\u0103 posibilitate, deorece UE a dob\u00e2ndit personalitate juridic\u0103 \u015fi mai devreme sau mai t\u00e2rziu va adera la Conven\u0163ia european\u0103 pentru ap\u0103rarea drepturilor \u015fi libert\u0103\u0163ilor fundamentale.<\/p>\n<p style=\"text-align: justify;\">Referitor la audierea privind minorit\u0103\u0163ile na\u0163ionale tradi\u0163ionale, care va avea loc pe 22 aprilie \u00een Parlamentul European, Csaba S\u00f3gor a precizat:<\/p>\n<p style=\"text-align: justify;\">\u201eO asemenea audiere se refer\u0103, \u00een general, la posibilit\u0103\u0163ile de natur\u0103 juridic\u0103. Dintre europarlamentarii maghiari din PPE va fi prezent \u015fi P\u00e1l Cs\u00e1ky \u015fi eu personal. Va fi prezent \u015fi vicepre\u015fedintele Comisiei pentru libert\u0103\u021bi civile, justi\u021bie \u0219i afaceri interne, Kinga G\u00e1l. Ca invita\u0163i, vor fi prezen\u0163i speciali\u015fti de mare renume, \u00eens\u0103 vor participa prea pu\u0163in maghiari, deoarece nu este o chestiune strict maghiar\u0103, ci va fi vorba despre chestiuni privind minorit\u0103\u0163ile. La o asemenea audiere particip\u0103, de regul\u0103, speciali\u015fti, dar, desigur, l-am invitat \u015fi pe vicepre\u015fedintele Frans Timmermans. Dup\u0103 asemenea audieri, \u00een general, se adreseaz\u0103 o \u00eentrebare c\u0103tre Comisia European\u0103, ceea ce poate s\u0103 se \u00eencheie cu o dezbatere \u00een Parlamentul European.\u00a0 \u00cen acest sens nu exist\u0103 \u015fanse prea mari, dar noi vom \u00eencerca ca dup\u0103 adresarea \u00eentreb\u0103rii s\u0103 urmeze \u015fi o dezbatere \u00een PE. Din p\u0103cate, facem progrese cu pa\u015fi m\u0103run\u0163i \u015fi aici l-a\u015f cita pe \u015feful statului rom\u00e2n, care a spus &lt;pas cu pas&gt;, a\u015fadar, trebuie s\u0103 lupt\u0103m cu perseveren\u0163\u0103 p\u00e2n\u0103 vom ob\u0163ine rezultate.<\/p>\n<p style=\"text-align: justify;\">\u00a0Interviu realizat de: Bal\u00e1zs Magdolna<\/p>\n<p>&nbsp;<\/p>\n","protected":false},"excerpt":{"rendered":"<p>La recenta reuniune a Comisiei pentru libert\u0103\u0163i civile, justi\u0163ie \u015fi afaceri interne (LIBE) a Parlamentului European, europarlamentarul UDMR, Csaba Sog\u00f3r, l-a \u00eentrebat pe <\/p>\n","protected":false},"author":1,"featured_media":0,"comment_status":"open","ping_status":"open","sticky":false,"template":"","format":"standard","meta":{"footnotes":""},"categories":[1],"tags":[],"class_list":["post-746","post","type-post","status-publish","format-standard","hentry","category-fara-categorie"],"_links":{"self":[{"href":"https:\/\/hatarok-nelkul.com\/ro\/index.php?rest_route=\/wp\/v2\/posts\/746","targetHints":{"allow":["GET"]}}],"collection":[{"href":"https:\/\/hatarok-nelkul.com\/ro\/index.php?rest_route=\/wp\/v2\/posts"}],"about":[{"href":"https:\/\/hatarok-nelkul.com\/ro\/index.php?rest_route=\/wp\/v2\/types\/post"}],"author":[{"embeddable":true,"href":"https:\/\/hatarok-nelkul.com\/ro\/index.php?rest_route=\/wp\/v2\/users\/1"}],"replies":[{"embeddable":true,"href":"https:\/\/hatarok-nelkul.com\/ro\/index.php?rest_route=%2Fwp%2Fv2%2Fcomments&post=746"}],"version-history":[{"count":2,"href":"https:\/\/hatarok-nelkul.com\/ro\/index.php?rest_route=\/wp\/v2\/posts\/746\/revisions"}],"predecessor-version":[{"id":749,"href":"https:\/\/hatarok-nelkul.com\/ro\/index.php?rest_route=\/wp\/v2\/posts\/746\/revisions\/749"}],"wp:attachment":[{"href":"https:\/\/hatarok-nelkul.com\/ro\/index.php?rest_route=%2Fwp%2Fv2%2Fmedia&parent=746"}],"wp:term":[{"taxonomy":"category","embeddable":true,"href":"https:\/\/hatarok-nelkul.com\/ro\/index.php?rest_route=%2Fwp%2Fv2%2Fcategories&post=746"},{"taxonomy":"post_tag","embeddable":true,"href":"https:\/\/hatarok-nelkul.com\/ro\/index.php?rest_route=%2Fwp%2Fv2%2Ftags&post=746"}],"curies":[{"name":"wp","href":"https:\/\/api.w.org\/{rel}","templated":true}]}}