{"id":7485,"date":"2024-05-30T20:42:34","date_gmt":"2024-05-30T17:42:34","guid":{"rendered":"https:\/\/hatarok-nelkul.com\/ro\/?p=7485"},"modified":"2024-05-30T20:42:49","modified_gmt":"2024-05-30T17:42:49","slug":"guvernul-va-finanta-in-premiera-programul-rabla-pentru-tractoare","status":"publish","type":"post","link":"https:\/\/hatarok-nelkul.com\/ro\/?p=7485","title":{"rendered":"Guvernul va finan\u021ba \u00een premier\u0103 programul \u201eRabla pentru tractoare\u201d"},"content":{"rendered":"<p>Premierul Marcel Ciolacu a anun\u021bat, joi, c\u0103 Guvernul va finan\u021ba, \u00een premier\u0103, programul \u201eRabla pentru tractoare\u201d, prin Fondul pentru mediu. \u00cen cadrul acestuia, micii fermieri pot s\u0103 primeasc\u0103 un sprijin nerambursabil de p\u00e2n\u0103 la 20.000 de euro.<\/p>\n<p>\u201e\u00cen premier\u0103, finan\u021b\u0103m prin Fondul pentru mediu, programul Rabla pentru tractoare. Sus\u021binem produc\u021bia intern\u0103 de tractoare \u0219i ajut\u0103m mai ales micii fermieri cu acest program prin care primesc un sprijin nerambursabil de p\u00e2n\u0103 la 20.000 de euro. Bugetul alocat este de 500 milioane lei, iar mecanismul va fi unul cu minim de birocra\u021bie.\u201d, a declarat premierul. \u00cen cadrul \u0219edin\u021bei Executivului, premierul Marcel Ciolacu a anun\u021bat c\u0103 programul \u201eRabla pentru tractoare\u201d va avea un buget alocat de 500 de milioane de lei.<\/p>\n<p>Sursa: digi24.ro<\/p>\n<p>Foto: Romania TV<\/p>\n","protected":false},"excerpt":{"rendered":"<p>Premierul Marcel Ciolacu a anun\u021bat, joi, c\u0103 Guvernul va finan\u021ba, \u00een premier\u0103, programul \u201eRabla pentru tractoare\u201d, prin Fondul pentru mediu. \u00cen cadrul acestuia, <\/p>\n","protected":false},"author":1,"featured_media":7487,"comment_status":"open","ping_status":"open","sticky":false,"template":"","format":"standard","meta":{"footnotes":""},"categories":[393],"tags":[529,4671,36],"class_list":["post-7485","post","type-post","status-publish","format-standard","has-post-thumbnail","hentry","category-economic","tag-program","tag-rabla-pentru-tractoare","tag-stiri-fara-frontiere"],"_links":{"self":[{"href":"https:\/\/hatarok-nelkul.com\/ro\/index.php?rest_route=\/wp\/v2\/posts\/7485","targetHints":{"allow":["GET"]}}],"collection":[{"href":"https:\/\/hatarok-nelkul.com\/ro\/index.php?rest_route=\/wp\/v2\/posts"}],"about":[{"href":"https:\/\/hatarok-nelkul.com\/ro\/index.php?rest_route=\/wp\/v2\/types\/post"}],"author":[{"embeddable":true,"href":"https:\/\/hatarok-nelkul.com\/ro\/index.php?rest_route=\/wp\/v2\/users\/1"}],"replies":[{"embeddable":true,"href":"https:\/\/hatarok-nelkul.com\/ro\/index.php?rest_route=%2Fwp%2Fv2%2Fcomments&post=7485"}],"version-history":[{"count":1,"href":"https:\/\/hatarok-nelkul.com\/ro\/index.php?rest_route=\/wp\/v2\/posts\/7485\/revisions"}],"predecessor-version":[{"id":7486,"href":"https:\/\/hatarok-nelkul.com\/ro\/index.php?rest_route=\/wp\/v2\/posts\/7485\/revisions\/7486"}],"wp:featuredmedia":[{"embeddable":true,"href":"https:\/\/hatarok-nelkul.com\/ro\/index.php?rest_route=\/wp\/v2\/media\/7487"}],"wp:attachment":[{"href":"https:\/\/hatarok-nelkul.com\/ro\/index.php?rest_route=%2Fwp%2Fv2%2Fmedia&parent=7485"}],"wp:term":[{"taxonomy":"category","embeddable":true,"href":"https:\/\/hatarok-nelkul.com\/ro\/index.php?rest_route=%2Fwp%2Fv2%2Fcategories&post=7485"},{"taxonomy":"post_tag","embeddable":true,"href":"https:\/\/hatarok-nelkul.com\/ro\/index.php?rest_route=%2Fwp%2Fv2%2Ftags&post=7485"}],"curies":[{"name":"wp","href":"https:\/\/api.w.org\/{rel}","templated":true}]}}