{"id":7607,"date":"2024-09-27T18:04:26","date_gmt":"2024-09-27T15:04:26","guid":{"rendered":"https:\/\/hatarok-nelkul.com\/ro\/?p=7607"},"modified":"2024-09-27T18:05:36","modified_gmt":"2024-09-27T15:05:36","slug":"si-maghiarii-vor-putea-beneficia-de-posibila-crestere-a-sprijinului-de-stat-la-cumpararea-de-vehicule-electrice","status":"publish","type":"post","link":"https:\/\/hatarok-nelkul.com\/ro\/?p=7607","title":{"rendered":"\u015ei maghiarii vor putea beneficia de posibila cre\u015ftere a sprijinului de stat la cump\u0103rarea de vehicule electrice"},"content":{"rendered":"<p>Ministrul Mediului, Mircea Fechet, a declarat miercuri c\u0103 decizia de a diminua cuantumul tichetului pentru Rabla Plus apar\u0163ine Ministerului Finan\u0163elor \u015fi \u015fi-a exprimat convingerea c\u0103, dup\u0103 ce vom trage linie la sf\u00e2r\u015fitul anului \u015fi vom vedea \u00een ce m\u0103sur\u0103 aceast\u0103 decizie a afectat v\u00e2nzarea de ma\u015fini electrice, pragul va fi ajustat, transmite News.ro.<\/p>\n<p>Ministrul Mediului a fost \u00eentrebat dac\u0103, av\u00e2nd \u00een vedere sc\u0103derea v\u00e2nz\u0103rilor de ma\u015fini electrice, ia \u00een calcul revenirea la subven\u0163ia de dinainte.<\/p>\n<p>\u201dDecizia de a diminua cuantumul tichetului pentru Rabla Plus este o decizie care apar\u0163ine Ministerului Finan\u0163elor Publice\u201d, a precizat Fechet.<\/p>\n<p>\u201dNoi am propus \u00eenc\u0103 de atunci o valoare superioar\u0103 pragului pe care \u00eel avem ast\u0103zi respectiv de 5.000 de euro \u015fi sunt convins c\u0103 dup\u0103 ce vom trage linie la sf\u00e2r\u015fitul anului \u015fi vom vedea \u00een ce m\u0103sur\u0103 diminuarea acestui voucher a afectat v\u00e2nzarea de ma\u015fini electrice \u00een Rom\u00e2nia, sunt convins c\u0103 pentru anul 2025 acest prag va fi ajustat \u00een consecin\u0163\u0103\u201d, a spus ministrul Mediului.<\/p>\n<p>Sursa: g4media.ro<\/p>\n<p>Foto:G4Media.ro<\/p>\n","protected":false},"excerpt":{"rendered":"<p>Ministrul Mediului, Mircea Fechet, a declarat miercuri c\u0103 decizia de a diminua cuantumul tichetului pentru Rabla Plus apar\u0163ine Ministerului Finan\u0163elor \u015fi \u015fi-a exprimat <\/p>\n","protected":false},"author":1,"featured_media":7608,"comment_status":"open","ping_status":"open","sticky":false,"template":"","format":"standard","meta":{"footnotes":""},"categories":[125],"tags":[4794,4790,4795,4793,36,4792,4791],"class_list":["post-7607","post","type-post","status-publish","format-standard","has-post-thumbnail","hentry","category-interne","tag-apartine","tag-diminuarea","tag-ministerului-de-finante","tag-rabla-plus","tag-stiri-fara-frontiere","tag-tichetului","tag-valoarea"],"_links":{"self":[{"href":"https:\/\/hatarok-nelkul.com\/ro\/index.php?rest_route=\/wp\/v2\/posts\/7607","targetHints":{"allow":["GET"]}}],"collection":[{"href":"https:\/\/hatarok-nelkul.com\/ro\/index.php?rest_route=\/wp\/v2\/posts"}],"about":[{"href":"https:\/\/hatarok-nelkul.com\/ro\/index.php?rest_route=\/wp\/v2\/types\/post"}],"author":[{"embeddable":true,"href":"https:\/\/hatarok-nelkul.com\/ro\/index.php?rest_route=\/wp\/v2\/users\/1"}],"replies":[{"embeddable":true,"href":"https:\/\/hatarok-nelkul.com\/ro\/index.php?rest_route=%2Fwp%2Fv2%2Fcomments&post=7607"}],"version-history":[{"count":1,"href":"https:\/\/hatarok-nelkul.com\/ro\/index.php?rest_route=\/wp\/v2\/posts\/7607\/revisions"}],"predecessor-version":[{"id":7609,"href":"https:\/\/hatarok-nelkul.com\/ro\/index.php?rest_route=\/wp\/v2\/posts\/7607\/revisions\/7609"}],"wp:featuredmedia":[{"embeddable":true,"href":"https:\/\/hatarok-nelkul.com\/ro\/index.php?rest_route=\/wp\/v2\/media\/7608"}],"wp:attachment":[{"href":"https:\/\/hatarok-nelkul.com\/ro\/index.php?rest_route=%2Fwp%2Fv2%2Fmedia&parent=7607"}],"wp:term":[{"taxonomy":"category","embeddable":true,"href":"https:\/\/hatarok-nelkul.com\/ro\/index.php?rest_route=%2Fwp%2Fv2%2Fcategories&post=7607"},{"taxonomy":"post_tag","embeddable":true,"href":"https:\/\/hatarok-nelkul.com\/ro\/index.php?rest_route=%2Fwp%2Fv2%2Ftags&post=7607"}],"curies":[{"name":"wp","href":"https:\/\/api.w.org\/{rel}","templated":true}]}}