{"id":7620,"date":"2024-10-08T18:38:15","date_gmt":"2024-10-08T15:38:15","guid":{"rendered":"https:\/\/hatarok-nelkul.com\/ro\/?p=7620"},"modified":"2024-10-08T18:45:32","modified_gmt":"2024-10-08T15:45:32","slug":"ministerul-economiei-nationale-din-ungaria-explica-scaderea-productiei-industriale-prin-slabirea-economiei-germane","status":"publish","type":"post","link":"https:\/\/hatarok-nelkul.com\/ro\/?p=7620","title":{"rendered":"Ministerul Economiei Na\u0163ionale din Ungaria explic\u0103 sc\u0103derea produc\u0163iei industriale prin sl\u0103birea economiei germane"},"content":{"rendered":"<p>Performan\u021ba \u00eentregii noastre produc\u021bii industriale continu\u0103 s\u0103 fie fr\u00e2nat\u0103 de performan\u021ba slab\u0103 a celei mai importante pie\u021be externe a noastr\u0103, economia german\u0103, a subliniat ministerul de resort, ad\u0103ug\u00e2nd c\u0103, potrivit datelor recente publicate de Oficiul Central de Statistic\u0103 (KSH), unele sectoare ale economiei ungare au \u00eenregistrat rezultate mai bune, iar altele mai slabe, dar economia intern\u0103 \u00een ansamblu este \u00een cre\u0219tere.<\/p>\n<p>\u00cen ceea ce prive\u015fte cre\u015fterea economic\u0103, Ungaria ocup\u0103 locul 11 dintre cele 27 de state membre ale Uniunii Europene, cre\u015fterea fiind de 1,5 ori mai mare dec\u00e2t media UE &#8211; a precizat Ministerul ungar al Economiei Na\u0163ionale, \u00een comunicatul privind cel mai nou raport de statistic\u0103 industrial\u0103.<\/p>\n<p>Potrivit a\u015ftept\u0103rilor, \u00een august 2024 volumul produc\u0163iei industriale a reu\u015fit s\u0103 \u00eenregistreze o cre\u015ftere \u00een mai multe ramuri ale produc\u0163iei, cum ar fi produc\u0163ia de energie electric\u0103, de produse farmaceutice \u015fi de produse chimice, \u00een timp ce produc\u0163ia de alimente a putut \u00eenregistra o cre\u015ftere \u015fi datorit\u0103 expansiunii comer\u0163ului cu am\u0103nuntul, a explicat ministerul de resort.<\/p>\n<p>Cu toate acestea, performan\u0163a \u00eentregii produc\u0163ii industriale este tras\u0103 \u00een jos, \u015fi \u00een continuare, de performan\u0163a slab\u0103 a economiei germane, Germania fiind cea mai important\u0103 pia\u0163\u0103 extern\u0103 a Ungariei, se subliniaz\u0103 \u00een comunicat.<\/p>\n<p>Cit\u00e2nd prima estimare a KSH, ministerul de resort a afirmat c\u0103 pe baza datelor ajustate \u00een func\u021bie de calendar, \u00een august 2024 volumul produc\u0163iei industriale a sc\u0103zut cu 4,1% fa\u0163\u0103 de aceea\u015fi perioad\u0103 a anului precedent, iar fa\u0163\u0103 de luna precedent\u0103, cu 0,5%, \u00een primul r\u00e2nd din cauza reducerii cererii din industria german\u0103 a automobilelor \u015fi a problemelor de competitivitate ale economiei germane.<\/p>\n<p>Economia ungar\u0103 dominat\u0103 de exporturi este izolat\u0103 de pie\u0163e \u015fi de oportunit\u0103\u0163i de investi\u0163ii din cauza form\u0103rii unor blocuri ca \u00een R\u0103zboiul Rece. R\u0103spunsul ungar la aceast\u0103 problem\u0103 este neutralitatea economic\u0103, care permite o expansiune economic\u0103 mult mai dinamic\u0103 \u015fi mai rapid\u0103, pentru ca economia ungar\u0103 s\u0103 ating\u0103 o cre\u015ftere de peste 3% \u00een 2025. Pentru ca Ungaria s\u0103 poat\u0103 profita de aceast\u0103 oportunitate, Guvernul ungar se concentreaz\u0103 pe trei domenii-cheie: asigurarea unor locuin\u0163e la pre\u0163uri accesibile \u015fi cre\u015fteri rapide ale salariilor bazate pe cre\u015fterea economic\u0103, precum \u015fi promovarea cre\u015fterii \u00eentreprinderilor mici \u015fi mijlocii, a confirmat Ministerul Economiei Na\u0163ionale. \u00cen acest sens, cre\u015fterea economic\u0103 va fi sprijinit\u0103 \u015fi de planuri de ac\u0163iune, pa\u015fii concre\u0163i urm\u00e2nd s\u0103 fie inclu\u015fi \u00een bugetul de pace pentru 2025, dup\u0103 deciziile Guvernului, a preciyzat ministerul de resort.<\/p>\n<p>Sursa: hirado.hu<\/p>\n<p>Forditotta: Sz\u00e9kely D\u00e9nes<\/p>\n<p>Foto: Hir Tv<\/p>\n","protected":false},"excerpt":{"rendered":"<p>Performan\u021ba \u00eentregii noastre produc\u021bii industriale continu\u0103 s\u0103 fie fr\u00e2nat\u0103 de performan\u021ba slab\u0103 a celei mai importante pie\u021be externe a noastr\u0103, economia german\u0103, a <\/p>\n","protected":false},"author":1,"featured_media":7621,"comment_status":"open","ping_status":"open","sticky":false,"template":"","format":"standard","meta":{"footnotes":""},"categories":[393],"tags":[4198,4807,4805,4804,4803,4806,36,40],"class_list":["post-7620","post","type-post","status-publish","format-standard","has-post-thumbnail","hentry","category-economic","tag-din-cauza","tag-economiei-germane","tag-industriale","tag-productiei","tag-scaderea","tag-slabirii","tag-stiri-fara-frontiere","tag-ungaria"],"_links":{"self":[{"href":"https:\/\/hatarok-nelkul.com\/ro\/index.php?rest_route=\/wp\/v2\/posts\/7620","targetHints":{"allow":["GET"]}}],"collection":[{"href":"https:\/\/hatarok-nelkul.com\/ro\/index.php?rest_route=\/wp\/v2\/posts"}],"about":[{"href":"https:\/\/hatarok-nelkul.com\/ro\/index.php?rest_route=\/wp\/v2\/types\/post"}],"author":[{"embeddable":true,"href":"https:\/\/hatarok-nelkul.com\/ro\/index.php?rest_route=\/wp\/v2\/users\/1"}],"replies":[{"embeddable":true,"href":"https:\/\/hatarok-nelkul.com\/ro\/index.php?rest_route=%2Fwp%2Fv2%2Fcomments&post=7620"}],"version-history":[{"count":2,"href":"https:\/\/hatarok-nelkul.com\/ro\/index.php?rest_route=\/wp\/v2\/posts\/7620\/revisions"}],"predecessor-version":[{"id":7623,"href":"https:\/\/hatarok-nelkul.com\/ro\/index.php?rest_route=\/wp\/v2\/posts\/7620\/revisions\/7623"}],"wp:featuredmedia":[{"embeddable":true,"href":"https:\/\/hatarok-nelkul.com\/ro\/index.php?rest_route=\/wp\/v2\/media\/7621"}],"wp:attachment":[{"href":"https:\/\/hatarok-nelkul.com\/ro\/index.php?rest_route=%2Fwp%2Fv2%2Fmedia&parent=7620"}],"wp:term":[{"taxonomy":"category","embeddable":true,"href":"https:\/\/hatarok-nelkul.com\/ro\/index.php?rest_route=%2Fwp%2Fv2%2Fcategories&post=7620"},{"taxonomy":"post_tag","embeddable":true,"href":"https:\/\/hatarok-nelkul.com\/ro\/index.php?rest_route=%2Fwp%2Fv2%2Ftags&post=7620"}],"curies":[{"name":"wp","href":"https:\/\/api.w.org\/{rel}","templated":true}]}}