{"id":7699,"date":"2024-12-10T18:12:28","date_gmt":"2024-12-10T16:12:28","guid":{"rendered":"https:\/\/hatarok-nelkul.com\/ro\/?p=7699"},"modified":"2024-12-10T18:13:23","modified_gmt":"2024-12-10T16:13:23","slug":"cartierul-pentru-justitie-planificat-sa-fie-construit-in-bucuresti","status":"publish","type":"post","link":"https:\/\/hatarok-nelkul.com\/ro\/?p=7699","title":{"rendered":"\u201eCartierul pentru Justi\u021bie\u201d, planificat s\u0103 fie construit \u00een Bucure\u015fti"},"content":{"rendered":"<p>Ministerul Justi\u021biei a lansat un proiect de hot\u0103r\u00e2re de guvern pentru expropieri \u0219i preg\u0103tirea terenului din zona Bulevardului Unirii pe care ar urma s\u0103 se construiasc\u0103 cl\u0103dirile \u00een care ar urma s\u0103 se mute cele mai importante institu\u021bii \u0219i instan\u021be din Capital\u0103. De la Direc\u021bia Na\u021bional\u0103 Anticorup\u021bie \u0219i p\u00e2n\u0103 la judec\u0103toriile de sector sau la institu\u021biile destinate avoca\u021bilor, toate vor avea sedii \u00een noul \u201eCartier pentru Justi\u021bie\u201d, scrie Termene.ro.<\/p>\n<p>Potrivit documentului, \u201eCartierul pentru Justi\u021bie\u201d reprezint\u0103 un proiect de investi\u021bii de mare anvergur\u0103 \u0219i complexitate, care are ca finalitate crearea condi\u021biilor optime de infrastructur\u0103 pentru desf\u0103\u0219urarea activit\u0103\u021bii a 23 de institu\u021bii incluse \u00een Cartierul pentru Justi\u021bie, respectiv:<\/p>\n<p>1) Ministerul Justi\u021biei;<\/p>\n<p>2) Curtea de Apel Bucure\u015fti;<\/p>\n<p>3) Tribunalul Bucure\u015fti;<\/p>\n<p>4) \u2013 9) Judec\u0103toriile Sectoarelor 1 \u2013 6 \u2013 \u00een total 6 judec\u0103torii;<\/p>\n<p>10) Consiliul Superior al Magistraturii;<\/p>\n<p>11) \u015ecoala Na\u0163ional\u0103 de Grefieri;<\/p>\n<p>12) Institutul Na\u0163ional al Magistraturii;<\/p>\n<p>13) Inspec\u0163ia Judiciar\u0103;<\/p>\n<p>14) Parchetul General<\/p>\n<p>15) DNA;<\/p>\n<p>16) Parchetul de pe l\u00e2ng\u0103 Curtea de Apel Bucure\u015fti;<\/p>\n<p>17-23) Parchetul de pe l\u00e2ng\u0103 Tribunalul Bucure\u015fti \u015fi Parchetele de pe l\u00e2ng\u0103 cele 6 judec\u0103torii de Sector, scrie Termene.ro.<\/p>\n<p>\u00cen ini\u021biativa legislativ\u0103 se propune \u201eDesfiin\u021barea construc\u021biei existente pe teren \u0219i construirea obiectivului de utilitate public\u0103 \u201eCartierul pentru Justi\u021bie\u201d. Este vorba despre construc\u021bii de anexe tehnice, parcaje auto, accese auto \u0219i pietonale, racordare la drumurile publice, drumuri auto \u0219i alei \u00een incint\u0103, rampe auto, pasarele pietonale\/auto, zone de promenad\u0103, f\u00e2nt\u00e2ni arteziene, pia\u021bete, spa\u021bii verzi, gr\u0103dini, scuaruri, amenajare incint\u0103, re\u021bele interioare, \u00eemprejmuire teren \u0219i organizarea execu\u021biei lucr\u0103rilor, potrivit Termene.ro.<\/p>\n<p>Pentru realizarea obiectivului de investi\u0163ii \u201eCartierul pentru Justi\u0163ie\u201d este necesar\u0103 exproprierea imobilelor proprietate privat\u0103 aflate pe coridorul de expropriere \u00een conformitate cu prevederile Legii nr. 255\/2010. Din zona public\u0103, au terenuri \u00een zon\u0103: Prim\u0103ria Municipiului Bucure\u015fti, Ministerului Dezvolt\u0103rii, Lucr\u0103rilor Publice \u015fi Administra\u0163iei \u0219i Ministerul Transporturilor, Construc\u021biilor \u0219i Turismului, scrie Termene.ro.<\/p>\n<p>Sursa: economica.net<\/p>\n<p>Foto: HotNews<\/p>\n","protected":false},"excerpt":{"rendered":"<p>Ministerul Justi\u021biei a lansat un proiect de hot\u0103r\u00e2re de guvern pentru expropieri \u0219i preg\u0103tirea terenului din zona Bulevardului Unirii pe care ar urma <\/p>\n","protected":false},"author":1,"featured_media":7700,"comment_status":"open","ping_status":"open","sticky":false,"template":"","format":"standard","meta":{"footnotes":""},"categories":[125],"tags":[4881,4880,2539,1526,36,4834],"class_list":["post-7699","post","type-post","status-publish","format-standard","has-post-thumbnail","hentry","category-interne","tag-bulevardul","tag-cartierul-pentru-justitie","tag-construit","tag-la-bucuresti","tag-stiri-fara-frontiere","tag-unirii"],"_links":{"self":[{"href":"https:\/\/hatarok-nelkul.com\/ro\/index.php?rest_route=\/wp\/v2\/posts\/7699","targetHints":{"allow":["GET"]}}],"collection":[{"href":"https:\/\/hatarok-nelkul.com\/ro\/index.php?rest_route=\/wp\/v2\/posts"}],"about":[{"href":"https:\/\/hatarok-nelkul.com\/ro\/index.php?rest_route=\/wp\/v2\/types\/post"}],"author":[{"embeddable":true,"href":"https:\/\/hatarok-nelkul.com\/ro\/index.php?rest_route=\/wp\/v2\/users\/1"}],"replies":[{"embeddable":true,"href":"https:\/\/hatarok-nelkul.com\/ro\/index.php?rest_route=%2Fwp%2Fv2%2Fcomments&post=7699"}],"version-history":[{"count":1,"href":"https:\/\/hatarok-nelkul.com\/ro\/index.php?rest_route=\/wp\/v2\/posts\/7699\/revisions"}],"predecessor-version":[{"id":7701,"href":"https:\/\/hatarok-nelkul.com\/ro\/index.php?rest_route=\/wp\/v2\/posts\/7699\/revisions\/7701"}],"wp:featuredmedia":[{"embeddable":true,"href":"https:\/\/hatarok-nelkul.com\/ro\/index.php?rest_route=\/wp\/v2\/media\/7700"}],"wp:attachment":[{"href":"https:\/\/hatarok-nelkul.com\/ro\/index.php?rest_route=%2Fwp%2Fv2%2Fmedia&parent=7699"}],"wp:term":[{"taxonomy":"category","embeddable":true,"href":"https:\/\/hatarok-nelkul.com\/ro\/index.php?rest_route=%2Fwp%2Fv2%2Fcategories&post=7699"},{"taxonomy":"post_tag","embeddable":true,"href":"https:\/\/hatarok-nelkul.com\/ro\/index.php?rest_route=%2Fwp%2Fv2%2Ftags&post=7699"}],"curies":[{"name":"wp","href":"https:\/\/api.w.org\/{rel}","templated":true}]}}