{"id":7706,"date":"2024-12-13T17:31:07","date_gmt":"2024-12-13T15:31:07","guid":{"rendered":"https:\/\/hatarok-nelkul.com\/ro\/?p=7706"},"modified":"2024-12-13T17:32:06","modified_gmt":"2024-12-13T15:32:06","slug":"in-romania-de-la-1-ianuarie-va-fi-obligatorie-si-colectarea-selectiva-a-deseurilor-textile","status":"publish","type":"post","link":"https:\/\/hatarok-nelkul.com\/ro\/?p=7706","title":{"rendered":"\u00cen Rom\u00e2nia, de la 1 ianuarie va fi obligatorie \u0219i colectarea selectiv\u0103 a de\u0219eurilor textile"},"content":{"rendered":"<p>P\u00e2n\u0103 la 1 ianuarie 2025, Rom\u00e2nia, ca stat membru al UE, trebuia s\u0103 introduc\u0103 colectarea separat\u0103 \u0219i pentru textile, potrivit Directivei privind de\u0219eurilor ( (UE) 2018\/851 din 30 mai 2018). \u00cen momentul de fa\u021b\u0103 \u00eens\u0103, la nivel local, nu exist\u0103 infrastructura necesar\u0103 pentru o astfel de colectare, iar\u00a0 Asocia\u021bia Rom\u00e2n\u0103 pentru Reutilizare \u0219i Reciclare Textile (ARETEX), o entitate constituit\u0103 \u00een 2023 din companii active \u00een industria de colectare, sortare, reutilizare si reciclare a textilelor, sus\u021bine c\u0103 \u201edeocamdat\u0103, obligativitatea de a colecta separat la care trebuie s\u0103 se conformeze \u021bara noastr\u0103 poate avea un efect nedorit, prin \u00eempingerea unor de\u0219euri textile contaminate sau nerefolosibile c\u0103tre containerele stradale pentru haine reutilizabile\u201d.<\/p>\n<p>Colectarea separat\u0103 a de\u0219eurilor textile presupune utilizarea unor containere separate, curate, care s\u0103 nu permit\u0103 umezeal\u0103 sau contaminare. Este recomandat ca cei care vor dona hainele uzate \u00een aceste containere s\u0103 le spele \u00een prealabil, s\u0103 le \u00eempacheteze \u00een pungi \u0219i apoi s\u0103 le depun\u0103 \u00een containerele speciale. Apoi, firmele specializate \u00een preluarea acestora de la container s\u0103 le protejeze de contaminare \u00een timpul manipul\u0103rii \u0219i transportului c\u0103tre centrele de sortare specializate, folosind ma\u0219ini dedicate, nu acelea\u0219i care sunt folosite pentru alte tipuri de de\u0219euri.<\/p>\n<p>\u201dOrice colectare care distruge valoare din perspectiva reutiliz\u0103rii trebuie reg\u00e2ndit\u0103, este cea mai important\u0103 premis\u0103 \u00een piramida zero-de\u0219euri. Scopul colect\u0103rii este extrem de important, cu prec\u0103dere dac\u0103 prioritatea lui este reutilizarea. Rom\u00e2nia are suficiente centre cu scop sortare pentru reutilizare, \u00eens\u0103 capacitatea lor trebuie m\u0103rit\u0103. Problema principal\u0103 a industriei de reciclare textile este dificultatea de a avea de\u0219eul textil sortat pe compozi\u021bie \u0219i tip de \u021bes\u0103tur\u0103 \u0219i faptul c\u0103 tehnologiile de reciclare nu sunt suficient dezvoltate sau nu sunt competitive din punct de vedere financiar si vor trebui sustinute. Avem nevoie de investi\u021bii \u00een tehnologii de sortare \u0219i reciclare avansate, dar \u0219i \u00een infrastructura de containere de colectare\u201d, declar\u0103 Zolt\u00e1n Gu\u0308ndisch, Pre\u0219edinte ARETEX<\/p>\n<p>Consiliul European a adoptat, \u00een iunie 2024, o pozi\u021bie (\u201eabordare general\u0103\u201d) cu privire la revizuirea specific\u0103 a Directivei-cadru privind de\u0219eurile, cu accent pe de\u0219eurile alimentare \u0219i textile.<\/p>\n<p>Propunerea de revizuire a Directivei-cadru privind de\u0219eurile prevede sisteme armonizate de r\u0103spundere extins\u0103 a produc\u0103torilor (REP), care ar impune m\u0103rcilor de mod\u0103 \u0219i produc\u0103torilor de textile s\u0103 pl\u0103teasc\u0103 taxe pentru a contribui la finan\u021barea costurilor de colectare \u0219i tratare a de\u0219eurilor textile. Aceste sisteme vor fi instituite \u00een termen de 30 luni de la intrarea \u00een vigoare a prezentei directive, iar mini\u0219trii au convenit s\u0103 includ\u0103 micro\u00eentreprinderile \u00een domeniul lor de aplicare.<\/p>\n<p>Potrivit ARETEX, legisla\u021bia centrat\u0103 pe Responsabilitatea Extins\u0103 a Produc\u0103torului (REP), \u00eenc\u0103 \u00een curs de dezvoltare la nivelul Uniunii Europene, este o m\u0103sur\u0103 necesar\u0103 \u0219i pentru gestionarea textilelor post-consum din Rom\u00e2nia. Aceasta ar trebui s\u0103 sprijine financiar activit\u0103\u021bile de colectare conform\u0103, respectiv investi\u021biile substan\u021biale \u00een infrastructura de sortare \u0219i reciclare, av\u00e2nd \u00een vedere c\u0103 \u00een prezent rom\u00e2nii colecteaz\u0103 0,5 \u2013 0,7 kg de persoan\u0103, fa\u021b\u0103 de media \u021b\u0103rilor vestice, de p\u00e2n\u0103 la 16 kg de persoan\u0103 anual.<\/p>\n<p>Datele ARETEX arat\u0103 c\u0103 \u00een Rom\u00e2nia se arunc\u0103, anual, circa 160.000 tone de de\u0219euri textile, iar din totalul de\u0219eurilor textile generate, reciclabil ar fi \u00een jur de 6-10%, \u00een condi\u021biile legislative \u0219i de pia\u021b\u0103 existente.<\/p>\n<p>Potrivit sursei citate, pentru o implementare sustenabil\u0103 a directivei europene privind colectarea separat\u0103 a textilelor utilizate este necesar\u0103 sus\u021binerea financiar\u0103 a dezvolt\u0103rii infrastructurii de colectare, cu containere speciale pentru textile, dezvoltarea unui program de finan\u021bare a investi\u021biilor \u00een tehnologii de sortare cu scop de reutilizare \u0219i reciclare, dar \u0219i \u00een tehnologii de reciclare.<\/p>\n<p>Conform exper\u021bilor ARETEX, este nevoie de un dialog sus\u021binut cu factorii de decizie, autorit\u0103\u021bi locale responsabile de implementare \u0219i sectorul privat, al\u0103turi de un efort comun de educare a popula\u021biei \u00een vederea unui proces corect de colectare a de\u0219eurilor.<\/p>\n<p>Fondat\u0103 \u00een aprilie 2023, ARETEX este o asocia\u021bie format\u0103 din companii active \u00een industria de colectare, sortare, reutilizare si reciclare a textilelor, care cumuleaz\u0103 \u00een prezent o cifr\u0103 de afaceri de peste 50 milioane euro \u0219i peste 1000 de angaja\u021bi angrena\u021bi \u00een \u00eentr-un domeniu aliniat la principiile economiei circulare.<\/p>\n<p>Sursa: economica.net<\/p>\n<p>Foto: Cuget Liber<\/p>\n","protected":false},"excerpt":{"rendered":"<p>P\u00e2n\u0103 la 1 ianuarie 2025, Rom\u00e2nia, ca stat membru al UE, trebuia s\u0103 introduc\u0103 colectarea separat\u0103 \u0219i pentru textile, potrivit Directivei privind de\u0219eurilor <\/p>\n","protected":false},"author":1,"featured_media":7707,"comment_status":"open","ping_status":"open","sticky":false,"template":"","format":"standard","meta":{"footnotes":""},"categories":[496],"tags":[4887,4886,4885,36,4888],"class_list":["post-7706","post","type-post","status-publish","format-standard","has-post-thumbnail","hentry","category-mediu","tag-deseuri","tag-selectiva","tag-solectare","tag-stiri-fara-frontiere","tag-textile"],"_links":{"self":[{"href":"https:\/\/hatarok-nelkul.com\/ro\/index.php?rest_route=\/wp\/v2\/posts\/7706","targetHints":{"allow":["GET"]}}],"collection":[{"href":"https:\/\/hatarok-nelkul.com\/ro\/index.php?rest_route=\/wp\/v2\/posts"}],"about":[{"href":"https:\/\/hatarok-nelkul.com\/ro\/index.php?rest_route=\/wp\/v2\/types\/post"}],"author":[{"embeddable":true,"href":"https:\/\/hatarok-nelkul.com\/ro\/index.php?rest_route=\/wp\/v2\/users\/1"}],"replies":[{"embeddable":true,"href":"https:\/\/hatarok-nelkul.com\/ro\/index.php?rest_route=%2Fwp%2Fv2%2Fcomments&post=7706"}],"version-history":[{"count":1,"href":"https:\/\/hatarok-nelkul.com\/ro\/index.php?rest_route=\/wp\/v2\/posts\/7706\/revisions"}],"predecessor-version":[{"id":7708,"href":"https:\/\/hatarok-nelkul.com\/ro\/index.php?rest_route=\/wp\/v2\/posts\/7706\/revisions\/7708"}],"wp:featuredmedia":[{"embeddable":true,"href":"https:\/\/hatarok-nelkul.com\/ro\/index.php?rest_route=\/wp\/v2\/media\/7707"}],"wp:attachment":[{"href":"https:\/\/hatarok-nelkul.com\/ro\/index.php?rest_route=%2Fwp%2Fv2%2Fmedia&parent=7706"}],"wp:term":[{"taxonomy":"category","embeddable":true,"href":"https:\/\/hatarok-nelkul.com\/ro\/index.php?rest_route=%2Fwp%2Fv2%2Fcategories&post=7706"},{"taxonomy":"post_tag","embeddable":true,"href":"https:\/\/hatarok-nelkul.com\/ro\/index.php?rest_route=%2Fwp%2Fv2%2Ftags&post=7706"}],"curies":[{"name":"wp","href":"https:\/\/api.w.org\/{rel}","templated":true}]}}