{"id":7799,"date":"2025-02-13T13:27:46","date_gmt":"2025-02-13T11:27:46","guid":{"rendered":"https:\/\/hatarok-nelkul.com\/ro\/?p=7799"},"modified":"2025-02-13T13:28:52","modified_gmt":"2025-02-13T11:28:52","slug":"fara-modificarea-constitutiei-nu-poate-exista-o-reorganizare-teritorial-administrativa-dar-nu-se-pot-lua-nici-decizii-care-sa-le-schimbe-viata-oamenilor-si-sa-i-afecteze-radical-fara-consultarea-aces","status":"publish","type":"post","link":"https:\/\/hatarok-nelkul.com\/ro\/?p=7799","title":{"rendered":"F\u0103r\u0103 modificarea Constitu\u0163iei nu poate exista o reorganizare teritorial-administrativ\u0103, dar nu se pot lua nici decizii care s\u0103 le schimbe via\u021ba oamenilor \u0219i s\u0103-i afecteze radical f\u0103r\u0103 consultarea acestora \u2013 interviu cu Roz\u00e1lia Bir\u00f3, deputat\u0103"},"content":{"rendered":"<p>Reorganizarea teritorial-administrativ\u0103 este din nou pe ordinea de zi \u00een Rom\u00e2nia. L-am \u00eentrebat pe deputatul parlamentar al UDMR, Roz\u00e1lia Bir\u00f3, cum vede Uniunea comasarea jude\u021belor ora\u015felor, comunelor, ce pa\u0219i trebuie \u00eentreprin\u0219i \u0219i dac\u0103 exist\u0103 vreo \u0219ans\u0103 ca aceasta s\u0103 fie implementat\u0103 \u00een viitorul apropiat?<\/p>\n<p>Problema reorganiz\u0103rii administrativ-teritoriale este \u00eenv\u00e2rtit\u0103 de un partid politic sau altul \u00eenc\u0103 din 2011. Cel mai recent, Uniunea Salva\u021bi Rom\u00e2nia (USR) a \u00eencercat, dar \u0219i-a retras proiectul de lege la cererea UDMR Acum, pre\u0219edintele Partidului Social Democrat a vorbit despre aceast\u0103 chestiune \u015fi \u00een cadrul partidului a fost constituit\u0103 o comisie, care va elabora proiectul de reorganizare \u00een \u0219ase luni. Pozi\u021bia UDMR este foarte clar\u0103, plec\u0103m de la principiile de baz\u0103 pe care UDMR le-a spus mereu, \u0219i anume c\u0103 este nevoie de descentralizare \u015fi de diminuarea birocra\u0163iei. Trebuie s\u0103 \u021binem cont de legile noastre aflate \u00een vigoare \u0219i de Legea fundamental\u0103 a \u0163\u0103rii, \u00eentruc\u00e2t nu poate exista o reorganizare teritorial-administrativ\u0103 f\u0103r\u0103 o modificare a Consitu\u0163iei, deoarece articolul 3 prevede c\u0103 unit\u0103\u021bile administrativ-teritoriale ale Rom\u00e2niei \u00een prezent sunt comunele, ora\u0219ele \u0219i jude\u021bele. A\u015fadar, aceasta este latura juridic\u0103, iar \u00een ceea ce prive\u0219te procesul \u00een sine, trebuie precizat: f\u0103r\u0103 consultarea oamenilor nu se pot lua decizii care s\u0103 le schimbe via\u021ba, care s\u0103-i afecteze radical. Dar pot spune asta \u0219i despre o a\u015fezare. Destinul unei a\u0219ez\u0103ri \u2013 fie c\u0103 este ora\u0219, sat sau re\u0219edin\u021b\u0103 de jude\u021b \u2013 nu se poate decide f\u0103r\u0103 organizarea unui referendum asupra a ceea ce \u00ee\u0219i doresc locuitorii. Aceasta este pozi\u021bia de baz\u0103 de la care porne\u0219te UDMR. Cre\u0219terea eficien\u021bei sistemului presupune un proces \u00eendelungat, \u00een care trebuie pus accent pe dialogul constant cu p\u0103r\u021bile interesate \u0219i pe preg\u0103tirea de studii. \u00cen Polonia, de exemplu, reorganizarea administrativ-teritorial\u0103 a fost implementat\u0103 ca urmare a unui proces care a durat mai mul\u021bi ani. Putem \u00eenv\u0103\u021ba oric\u00e2nd dintr-un exemplu bun. Nu este o solu\u021bie c\u0103 o forma\u0163iune politic\u0103 vine cu o propunere \u00een \u0219ase luni, iar noi s\u0103 \u00eencerc\u0103m s\u0103 o \u00eempeticim, s\u0103 o modific\u0103m, deoarece obiectivele de baz\u0103 trebuie stabilite, iar obiectivul de baz\u0103 este descentralizarea \u015fi eliminarea birocra\u021biei pentru ca a\u0219ez\u0103rile \u0219i comunit\u0103\u021bile s\u0103 aib\u0103 o via\u021b\u0103 mai bun\u0103. Apoi urmeaz\u0103 dezbaterea politic\u0103 \u0219i negocierile \u015fi a\u015fa se formeaz\u0103 un plan na\u021bional. Aceasta este concep\u0163ia UDMR-ului. Prioritatea pentru UDMR este p\u0103strarea comunit\u0103\u0163ii noastre, utilizarea limbii noastre materne \u0219i re\u021belele noastre culturale \u0219i educa\u021bionale Acesta este cel mai fundamental obiectiv pe care Uniunea \u00eel consider\u0103 propriu \u0219i pentru care lucreaz\u0103 din 1989.<\/p>\n<p><em>La \u00eentrebarea noastr\u0103, dac\u0103 exist\u0103 idei sau opinii cu privire la reorganizarea administrativ-teritorial\u0103 din partea altor organiza\u021bii maghiare &#8211; de exemplu, Asocia\u021bia Maghiar\u0103 din Transilvania &#8211; \u0219i dac\u0103 au f\u0103cut propuneri \u00een acest sens, Roz\u00e1lia Bir\u00f3 a subliniat:<\/em><\/p>\n<p>Nu este vorba despre exprimarea unei opinii, ci este nevoie de dialog, precum \u015fi de studii bine \u00eentemeiate, \u015fi pe acestea trebuie s\u0103 ne baz\u0103m. Atunci va fi orice reorganizare viabil\u0103, dac\u0103 \u021binem cont de structurile existente \u00een prezent, dac\u0103 \u021binem cont de faptul c\u0103 cel mai important lucru pentru comunitatea maghiar\u0103 din Rom\u00e2nia este p\u0103strarea folosirii limbii materne \u0219i a institu\u021biilor comunitare &#8211; \u00een educa\u021bie \u0219i cultur\u0103 &#8211; \u0219i conform acestui deziderat trebuie construit\u0103 o idee viabil\u0103 care, odat\u0103 implementat\u0103 s\u0103 ne ajute s\u0103 ne p\u0103str\u0103m toate valorile comunitare pe care le de\u021binem. Solu\u021bia nu este ceea ce spune unul sau altul, deoarece nu se pot lua decizii despre oameni \u0219i comunit\u0103\u021bi f\u0103r\u0103 consultarea acestora.<\/p>\n<p><em>La \u00eentrebarea, \u00een ce m\u0103sur\u0103 afecteaz\u0103 m\u0103surile de austeritate bugetar\u0103 institu\u021biile cu interese maghiare din cadrul aparatului de stat, precum Departamentul pentru Rela\u021bii Interetnice sau Institutul pentru Studierea Minorit\u0103\u021bilor Na\u021bionale, Roz\u00e1lia Bir\u00f3 ne-a explicat:<\/em><\/p>\n<p>Dac\u0103 analiz\u0103m bugetul, punctul nostru de pornire trebuie s\u0103 fie ceea ce am mo\u0219tenit, iar acesta nu este altceva dec\u00e2t un deficit bugetar de 8,5%. Deci, acesta a fost punctul de plecare. Pe l\u00e2ng\u0103 acesta trebuie s\u0103 a\u015fez\u0103m angajamentul nostru de a reduce acest deficit la 3% \u00een termen de \u0219apte ani. La elaborarea bugetului am pornit de la obiectivele de baz\u0103 pe care le-a stabilit UDMR \u0219i de la care nu ne putem abate. Unul dintre obiectivele de baz\u0103 a fost s\u0103 nu lu\u0103m bani de la oameni, cel\u0103lalt a fost continuarea dezvolt\u0103rii, iar al treilea a fost construirea unui buget responsabil. \u0218i pe baza acestuia a fost elaborat bugetul, ale c\u0103rui pietre de temelie sunt o cre\u0219tere economic\u0103 de 2,5%, o infla\u021bie de 4,4% p\u00e2n\u0103 \u00een 2025 \u0219i un deficit bugetar de 7%. \u00cen acela\u0219i timp, este important \u0219i angajamentul pe care l-am asumat \u00een campania electoral\u0103, anul trecut, dar \u0219i acum, potrivit c\u0103ruia nu vom cre\u0219te TVA-ul, vom pl\u0103ti pensiile \u0219i salariile. Lu\u00e2nd \u00een calcul nivelul din 2024, acum vedem c\u0103 pensiile acoper\u0103 9,6% din produsul intern brut din acest an, iar aici, ceea ce am prev\u0103zut, \u015fi este o prevedere, este acea c\u0103 pensionarii cu veniturile mici vor primi \u00eentr-o singur\u0103 tran\u015f\u0103 o sum\u0103 de bani la sf\u00e2r\u0219itul anului, ceea ce ar fi un fel de a 13-a pensie, un sprijin financiar. \u00cen ceea ce prive\u0219te salariile: salariul mediu net va cre\u0219te cu 6,1%, ceea ce \u00eenseamn\u0103 c\u0103, dac\u0103 infla\u021bia este de 4,4%, nu numai c\u0103 \u00ee\u0219i va men\u021bine valoarea real\u0103, dar va cre\u0219te, ceea ce reprezint\u0103 \u00een buget un total de 5355 miliarde de lei. \u00cen acela\u0219i timp, se poate spune c\u0103 bugetul nostru este cu adev\u0103rat un buget \u00eentemeiat pe o cre\u0219tere economic\u0103 bazat\u0103 pe investi\u021bii, \u00eentruc\u00e2t prevede 7,8% din produsul intern brut pentru investi\u021bii, ceea ce este practic o investi\u021bie de viitor, deoarece \u00eenseamn\u0103 c\u0103 vor continua investi\u021biile \u00een infrastructur\u0103, precum autostr\u0103zi, construc\u021bia de spitale regionale de urgen\u021b\u0103 \u0219i deschiderea a 75 de noi cre\u0219e. De asemenea, \u00een Programul Na\u021bional de Investi\u021bii Anghel Saligny sunt alocate 15 miliarde de lei pentru programe de stimulare a antreprenoriatului. \u0218i ceea ce este foarte important \u0219i se \u00eent\u00e2mpl\u0103 cu adev\u0103rat pentru prima dat\u0103, de care ne bucur\u0103m foarte mult, \u00eenfiin\u021barea unui Fond Na\u021bional de Solidaritate, ceea ce \u00eenseamn\u0103 c\u0103 fiecare localitate va vira 14% din impozitul pe venitul personal \u00een Fondul de Solidaritate. Aceast\u0103 ini\u0163iativ\u0103 a fost deja par\u0163ial implementat\u0103 \u00een ultimii ani, dar nu s-a \u00eent\u00e2mplat niciodat\u0103 ca acest lucru s\u0103 fie valabil \u0219i pentru Bucure\u0219ti. Acum \u0219i Bucure\u0219tiul contribuie cu 14%, iar aceast\u0103 sum\u0103 va fi redistribuit\u0103 la nivel na\u021bional, \u015fi foarte important c\u0103 acum redistribuirea se va face exclusiv conform datelor recens\u0103m\u00e2ntului, deoarece acestea arat\u0103 o imagine realist\u0103. \u00cen ceea ce prive\u0219te institu\u021biile, ne-am str\u0103duit s\u0103 men\u021binem nivelul din 2024 \u00een toate cazurile \u0219i s\u0103 cre\u0219tem \u00een acele domenii care sunt foarte importante. Astfel, bugetul Ministerului S\u0103n\u0103t\u0103\u021bii este cu 30 la sut\u0103 mai mare, bugetul Ministerului Transporturilor cu 20%, bugetul Ministerului Dezvolt\u0103rii cu 5,6%, \u00een timp ce cele dou\u0103 institu\u021bii despre care m-a\u021bi \u00eentrebat \u0219i care se refer\u0103 la noi, r\u0103m\u00e2n la nivelul similar anului 2024 \u0219i, ocazional, \u00eencerc\u0103m s\u0103 le cre\u0219tem bugetele din alte surse, de exemplu din surse UE, pentru a ob\u021bine mai multe rezultate, dar\u00a0 acest lucru este posibil doar dac\u0103 \u00een 2025 reducem drastic nivelul ne\u00eencasat al TVA-ului, care \u00een prezent este\u00a0 de peste 30% &#8211; din p\u0103cate cel mai mare procent din UE. \u00cen acela\u0219i timp, trebuie creat un stat mai suplu, ceea ce \u00eenseamn\u0103 c\u0103 reducem salariile la stat \u0219i la administra\u021biile publice locale, dar nu prin diminuarea salariilor, ci a num\u0103rului de angaja\u021bi. Noi deja am \u00eentreprins, respectiv vom \u00eentreprinde \u00een continuare acest demers pentru reducerea num\u0103rului de angaja\u021bi \u00een Camera Deputa\u0163ilor cu 7%, \u00een Senat cu 5%, la Administra\u0163ia Preziden\u0163ial\u0103 cu 10%, \u00een cazul ministerelor cu 5%, \u0219i evident c\u0103 trebuie f\u0103cute reduceri similare \u015fi \u00een companiile \u0219i agen\u021biile de stat. Suntem hot\u0103r\u00e2\u021bi s\u0103 r\u0103m\u00e2nem la aceste cifre cheie, astfel \u00eenc\u00e2t s\u0103 putem men\u021bine infla\u021bia sub control \u0219i deficitul bugetar la 7%.<\/p>\n<p><em>Av\u00e2nd \u00een vedere c\u0103 Roz\u00e1lia Bir\u00f3 este \u0219i vice-pre\u0219edinta Comisiei pentru Afaceri Europene a Camerei Deputa\u0163ilor, am \u00eentrebat-o ce impact ar putea avea posibila sc\u0103dere a popularit\u0103\u021bii FIDESZ \u00een Ungaria asupra intereselor \u0219i planurilor minorit\u0103\u021bii maghiare din Rom\u00e2nia, deoarece potrivit sondajelor de opinie public\u0103 din Ungaria, P\u00e9ter Magyar \u0219i partidul s\u0103u, Partidul Tisza, devin tot mai puternici \u00een compara\u021bie cu FIDESZ.<\/em><\/p>\n<p>Comunit\u0103\u021bile maghiare din Rom\u00e2nia, dar putem spune \u0219i altfel, respectiv c\u0103 maghiarii din Bazinul Carpatic, care tr\u0103iesc ca\u00a0 minoritate na\u021bional\u0103, au mare nevoie de o patrie-mam\u0103 puternic\u0103 \u0219i stabil\u0103. \u00cen acela\u0219i timp, este foarte important ca \u0219i rela\u021biile bilaterale dintre \u021b\u0103rile noastre s\u0103 fie bune, diverse \u0219i stabile. Acest lucru este \u00een interesul nostru. Suntem observatori externi ai schimb\u0103rilor politice interne din Ungaria, nu putem \u0219i nu avem dreptul s\u0103 avem un cuv\u00e2nt de spus \u00een leg\u0103tur\u0103 cu aceste schimb\u0103ri. Am convingerea c\u0103 trebuie folosit\u0103 orice oportunitate \u2013 \u0219i m\u0103 refer aici, fie la nivel local, fie la nivel na\u021bional \u2013 pentru a construi \u0219i consolida aceste rela\u021bii. Cred, ca un polician care consider\u0103 construirea comunit\u0103\u021bii foarte important\u0103, c\u0103 formarea de re\u021bele \u0219i comunit\u0103\u021bi transfrontaliere este o prioritate pe care trebuie s\u0103 ne concentr\u0103m, \u0219i voi da unul sau dou\u0103 exemple pentru a fi mai clar: \u00een ultimii trei-patru ani, re\u021beaua cluburilor de pensionari maghiari din Transilvania este construit\u0103 cu sprijinul Organiza\u021biei de Femei a UDMR, la fel, anul trecut am \u00eenceput construirea re\u021belei de familii monoparentale \u015fi a\u015f putea s\u0103 continui cu exemple. Trebuie s\u0103 ne concentr\u0103m \u00een primul r\u00e2nd asupra acestui lucru \u0219i, \u00een acela\u0219i timp, s\u0103 folosim cu responsabilitate sprijinul \u0219i parteneriatele pe care le-am primit din partea Ungariei \u0219i a Guvernului ungar \u00een ultimii ani, care au contribuit \u00een mod semnificativ la consolidarea comunit\u0103\u021bilor noastre na\u021bionale. Nu a\u0219 vrea s\u0103 vorbesc aici despre comunitatea na\u021bional\u0103 maghiar\u0103 din Transcarpatia &#8211; care este un exemplu foarte dificil din cauza r\u0103zboiului -, din Slovacia sau din Moravia, ci doar despre comunitatea maghiar\u0103 din Transilvania, \u0219i s\u0103 spun c\u0103 programele, parteneriatele, proiectele pe care le-am putut realiza, implementa, cu sprijinul Guvernului ungar, au fost deosebit de importante comunit\u0103\u021bilor noastre, deoarece au asigurat noi posibilit\u0103\u0163i \u015fi condi\u0163ii de via\u0163\u0103, datorit\u0103 c\u0103rora nu numai maghiarii care tr\u0103iesc \u00een zone dispersate, dar \u015fi maghiarii ai c\u0103ror num\u0103r este mare \u00eentr-o zon\u0103 dat\u0103, se consolideaz\u0103. Cel mai important obiectiv al nostru este p\u0103strarea comunit\u0103\u0163ii noastre, iar pentru aceasta trebuie s\u0103 putem oferi condi\u021bii bune de via\u021b\u0103, educa\u021bie la nivel \u00eenalt pentru copiii no\u0219tri \u0219i securitate pentru pensionari, iar apoi putem spune c\u0103 am f\u0103cut ceva pentru a ne conserva comunitatea, a conchis deputatul Roz\u00e1lia Bir\u00f3.<\/p>\n<p>Interviu realizat de: Bal\u00e1zs Magdolna<\/p>\n","protected":false},"excerpt":{"rendered":"<p>Reorganizarea teritorial-administrativ\u0103 este din nou pe ordinea de zi \u00een Rom\u00e2nia. L-am \u00eentrebat pe deputatul parlamentar al UDMR, Roz\u00e1lia Bir\u00f3, cum vede Uniunea <\/p>\n","protected":false},"author":1,"featured_media":7800,"comment_status":"open","ping_status":"open","sticky":false,"template":"","format":"standard","meta":{"footnotes":""},"categories":[9],"tags":[4995,4997,4996,689,4993,33,36,4994],"class_list":["post-7799","post","type-post","status-publish","format-standard","has-post-thumbnail","hentry","category-interviuri","tag-administrativ","tag-constitutiei","tag-modificarea","tag-referendum","tag-reorganizarea","tag-romania","tag-stiri-fara-frontiere","tag-teritorial"],"_links":{"self":[{"href":"https:\/\/hatarok-nelkul.com\/ro\/index.php?rest_route=\/wp\/v2\/posts\/7799","targetHints":{"allow":["GET"]}}],"collection":[{"href":"https:\/\/hatarok-nelkul.com\/ro\/index.php?rest_route=\/wp\/v2\/posts"}],"about":[{"href":"https:\/\/hatarok-nelkul.com\/ro\/index.php?rest_route=\/wp\/v2\/types\/post"}],"author":[{"embeddable":true,"href":"https:\/\/hatarok-nelkul.com\/ro\/index.php?rest_route=\/wp\/v2\/users\/1"}],"replies":[{"embeddable":true,"href":"https:\/\/hatarok-nelkul.com\/ro\/index.php?rest_route=%2Fwp%2Fv2%2Fcomments&post=7799"}],"version-history":[{"count":1,"href":"https:\/\/hatarok-nelkul.com\/ro\/index.php?rest_route=\/wp\/v2\/posts\/7799\/revisions"}],"predecessor-version":[{"id":7801,"href":"https:\/\/hatarok-nelkul.com\/ro\/index.php?rest_route=\/wp\/v2\/posts\/7799\/revisions\/7801"}],"wp:featuredmedia":[{"embeddable":true,"href":"https:\/\/hatarok-nelkul.com\/ro\/index.php?rest_route=\/wp\/v2\/media\/7800"}],"wp:attachment":[{"href":"https:\/\/hatarok-nelkul.com\/ro\/index.php?rest_route=%2Fwp%2Fv2%2Fmedia&parent=7799"}],"wp:term":[{"taxonomy":"category","embeddable":true,"href":"https:\/\/hatarok-nelkul.com\/ro\/index.php?rest_route=%2Fwp%2Fv2%2Fcategories&post=7799"},{"taxonomy":"post_tag","embeddable":true,"href":"https:\/\/hatarok-nelkul.com\/ro\/index.php?rest_route=%2Fwp%2Fv2%2Ftags&post=7799"}],"curies":[{"name":"wp","href":"https:\/\/api.w.org\/{rel}","templated":true}]}}