{"id":7825,"date":"2025-03-04T13:09:16","date_gmt":"2025-03-04T11:09:16","guid":{"rendered":"https:\/\/hatarok-nelkul.com\/ro\/?p=7825"},"modified":"2025-03-04T13:48:43","modified_gmt":"2025-03-04T11:48:43","slug":"programul-rabla-va-incepe-doar-in-luna-mai","status":"publish","type":"post","link":"https:\/\/hatarok-nelkul.com\/ro\/?p=7825","title":{"rendered":"Programul Rabla va \u00eencepe doar \u00een luna mai"},"content":{"rendered":"<p>Programul Rabla din 2025 este preconizat s\u0103 \u00eenceap\u0103 doar \u00een luna mai.<\/p>\n<p>\u201eMinisterul Mediul nu va putea demara Programul Rabla mai devreme de luna mai\u201d, au declarat surse din industria auto pentru Profit.ro, confirm\u00e2nd c\u0103 programul are \u00eent\u00e2rzieri cauzate de faptul c\u0103 \u00eentreaga legisla\u021bie trebuie ref\u0103cut\u0103 \u00een acest an, odat\u0103 cu modific\u0103rile substan\u021biale decise de ministrul Mediului, dar \u0219i din cauz\u0103 c\u0103 bugetul programului va trebui s\u0103 fie aprobat de Ministerul de Finan\u021be.<\/p>\n<p>Printre modific\u0103rile anun\u021bate se num\u0103r\u0103 eliminarea ma\u0219inilor cu motoare diesel, unificarea celor dou\u0103 programe, Clasic \u0219i Plus, \u00eentr-un singur program, modificarea condi\u021biilor \u0219i limitelor de emisii pentru care se vor acorda tichete, dar \u0219i o majorare a valorii tichetelor pentru vehiculele hibride \u0219i electrice.<\/p>\n<p>Noile acte normative care vor reglementa Programul Rabla 2025 urmeaz\u0103 s\u0103 fie puse \u00een dezbatere public\u0103, o procedur\u0103 legal\u0103 obligatorie, care trebuie s\u0103 dureze 30 de zile. Asta \u00eenseamn\u0103 c\u0103 cel mai devreme ar putea \u00eencheia aceast\u0103 etap\u0103 \u00een luna aprilie, dup\u0103 care, \u00een s\u0103pt\u0103m\u00e2nile urm\u0103toare, adic\u0103 \u00een luna mai, s\u0103 fie aprobate \u00een guvern \u0219i s\u0103 intre \u00een vigoare.<\/p>\n<p>Reprezentan\u021bii companiilor auto din Rom\u00e2nia au transmis, prin intermediul APIA, c\u0103 propun Guvernului o valoare de 8.500 de euro pentru tichetul Rabla acordat vehiculelor electrice, \u00een 2025, urm\u00e2nd ca acesta s\u0103 scad\u0103 la 7.500 \u00een 2026 \u0219i la sume mai mici \u00een anii urm\u0103tori, astfel \u00eenc\u00e2t subven\u021bia s\u0103 fie eliminat\u0103 \u00een 2030.<\/p>\n<p>Sursa profit.ro<\/p>\n<p>Foto: Profit.ro<\/p>\n","protected":false},"excerpt":{"rendered":"<p>Programul Rabla din 2025 este preconizat s\u0103 \u00eenceap\u0103 doar \u00een luna mai. \u201eMinisterul Mediul nu va putea demara Programul Rabla mai devreme de <\/p>\n","protected":false},"author":1,"featured_media":7827,"comment_status":"open","ping_status":"open","sticky":false,"template":"","format":"standard","meta":{"footnotes":""},"categories":[393],"tags":[5026,5027,5028,5024,4987,36,5025],"class_list":["post-7825","post","type-post","status-publish","format-standard","has-post-thumbnail","hentry","category-economic","tag-doar","tag-in-luna","tag-mai","tag-progranul","tag-rabla","tag-stiri-fara-frontiere","tag-va-incepe"],"_links":{"self":[{"href":"https:\/\/hatarok-nelkul.com\/ro\/index.php?rest_route=\/wp\/v2\/posts\/7825","targetHints":{"allow":["GET"]}}],"collection":[{"href":"https:\/\/hatarok-nelkul.com\/ro\/index.php?rest_route=\/wp\/v2\/posts"}],"about":[{"href":"https:\/\/hatarok-nelkul.com\/ro\/index.php?rest_route=\/wp\/v2\/types\/post"}],"author":[{"embeddable":true,"href":"https:\/\/hatarok-nelkul.com\/ro\/index.php?rest_route=\/wp\/v2\/users\/1"}],"replies":[{"embeddable":true,"href":"https:\/\/hatarok-nelkul.com\/ro\/index.php?rest_route=%2Fwp%2Fv2%2Fcomments&post=7825"}],"version-history":[{"count":1,"href":"https:\/\/hatarok-nelkul.com\/ro\/index.php?rest_route=\/wp\/v2\/posts\/7825\/revisions"}],"predecessor-version":[{"id":7826,"href":"https:\/\/hatarok-nelkul.com\/ro\/index.php?rest_route=\/wp\/v2\/posts\/7825\/revisions\/7826"}],"wp:featuredmedia":[{"embeddable":true,"href":"https:\/\/hatarok-nelkul.com\/ro\/index.php?rest_route=\/wp\/v2\/media\/7827"}],"wp:attachment":[{"href":"https:\/\/hatarok-nelkul.com\/ro\/index.php?rest_route=%2Fwp%2Fv2%2Fmedia&parent=7825"}],"wp:term":[{"taxonomy":"category","embeddable":true,"href":"https:\/\/hatarok-nelkul.com\/ro\/index.php?rest_route=%2Fwp%2Fv2%2Fcategories&post=7825"},{"taxonomy":"post_tag","embeddable":true,"href":"https:\/\/hatarok-nelkul.com\/ro\/index.php?rest_route=%2Fwp%2Fv2%2Ftags&post=7825"}],"curies":[{"name":"wp","href":"https:\/\/api.w.org\/{rel}","templated":true}]}}