{"id":7880,"date":"2025-05-07T15:04:06","date_gmt":"2025-05-07T12:04:06","guid":{"rendered":"https:\/\/hatarok-nelkul.com\/ro\/?p=7880"},"modified":"2025-05-07T15:04:45","modified_gmt":"2025-05-07T12:04:45","slug":"sprijin-oferit-inclusiv-agricultorilor-maghiari-programul-de-innoire-a-tractoarelor-incepe-in-cateva-zile","status":"publish","type":"post","link":"https:\/\/hatarok-nelkul.com\/ro\/?p=7880","title":{"rendered":"Sprijin oferit inclusiv agricultorilor maghiari: Programul de \u00eennoire a tractoarelor \u00eencepe \u00een c\u00e2teva zile"},"content":{"rendered":"<p style=\"text-align: justify; text-indent: 35.4pt; tab-stops: center 120.6pt;\"><span class=\"acopre\"><span lang=\"HU\" style=\"font-size: 16.0pt; line-height: 107%; font-family: 'Times New Roman';\">Produc\u0103torii agricoli se pot \u00eenscrie \u00een Programul &#8220;Rabla pentru tractoare&#8221;, \u00eencep\u00e2nd din data de 12 mai, timp de o s\u0103pt\u0103m\u00e2n\u0103 sau sau p\u00e2n\u0103 la epuizarea bugetului alocat sesiunii, informeaz\u0103 Administra\u0163ia Fondului pentru Mediu (AFM), \u00eentr-un comunicat de pres\u0103.<\/span><\/span><\/p>\n<p style=\"text-align: justify; text-indent: 35.4pt; tab-stops: center 120.6pt;\"><span class=\"acopre\"><span lang=\"HU\" style=\"font-size: 16.0pt; line-height: 107%; font-family: 'Times New Roman';\">Documentele solicitate a fi \u00eenc\u0103rcate \u00een aplica\u0163ia informatic\u0103 sunt: cererea de finan\u0163are; actul de identitate al solicitantului, valabil la momentul \u00eenscrierii \u00een aplica\u0163ie; certificatul de atestare fiscal\u0103 privind obliga\u0163iile de plat\u0103 c\u0103tre bugetul de stat, emis pe numele solicitantului de c\u0103tre organul teritorial de specialitate al Ministerului Finan\u0163elor, \u00een termen de valabilitate la momentul \u00eenscrierii \u00een aplica\u0163ie; certificatul de atestare fiscal\u0103 privind impozitele \u015fi taxele locale \u015fi alte venituri ale bugetului local, emis pe numele solicitantului de c\u0103tre autoritatea public\u0103 local\u0103 \u00een a c\u0103rei raz\u0103 teritorial\u0103 \u00ee\u015fi are domiciliul, \u00een termen de valabilitate la momentul \u00eenscrierii \u00een aplica\u0163ie; atestatul de produc\u0103tor, emis pe numele solicitantului, \u00een termen de valabilitate la momentul \u00eenscrierii \u00een aplica\u0163ie.<\/span><\/span><\/p>\n<p style=\"text-align: justify; text-indent: 35.4pt; tab-stops: center 120.6pt;\"><span class=\"acopre\"><span lang=\"HU\" style=\"font-size: 16.0pt; line-height: 107%; font-family: 'Times New Roman';\">\u201eUn solicitant se poate \u00eenscrie o singur\u0103 dat\u0103 \u00een cadrul unei sesiuni de \u00eenscriere, pentru achizi\u0163ia unui singur tractor sau a unei ma\u015fini agricole autopropulsate, inclusiv a accesoriilor agricole aferente\u201d, precizeaz\u0103 AFM.<\/span><\/span><\/p>\n<p style=\"text-align: justify; text-indent: 35.4pt; tab-stops: center 120.6pt;\"><span class=\"acopre\"><span lang=\"HU\" style=\"font-size: 16.0pt; line-height: 107%; font-family: 'Times New Roman';\">Scopul programului const\u0103 \u00een sprijinirea produc\u0103torilor agricoli care \u00ee\u015fi desf\u0103\u015foar\u0103 activitatea \u00een domeniul produc\u0163iei agricole primare, \u00een vederea achizi\u0163ion\u0103rii de tractoare \u015fi ma\u015fini agricole autopropulsate, inclusiv a accesoriilor agricole aferente noi, mai pu\u0163in poluante.<\/span><\/span><\/p>\n<p style=\"text-align: justify; text-indent: 35.4pt; tab-stops: center 120.6pt;\"><span class=\"acopre\"><span lang=\"HU\" style=\"font-size: 16.0pt; line-height: 107%; font-family: 'Times New Roman';\">\u00cen cadrul acestui program sunt sunt eligibile pentru finan\u0163are ATV-urile, UTV-urile \u015fi dronele agricole.<\/span><\/span><\/p>\n<p style=\"text-align: justify; text-indent: 35.4pt; tab-stops: center 120.6pt;\"><span class=\"acopre\"><span lang=\"HU\" style=\"font-size: 16.0pt; line-height: 107%; font-family: 'Times New Roman';\">Intensitatea ajutorului reprezint\u0103 65% din valoarea de achizi\u0163ie a tractorului \u015fi\/sau ma\u015finii agricole autopropulsate noi, inclusiv a accesoriilor agricole aferente, iar \u00een cazul tinerilor fermieri, intensitatea ajutorului este de 80% din valoarea de achizi\u0163ie a tractorului \u015fi\/sau ma\u015finii agricole autopropulsate noi, inclusiv a accesoriilor agricole aferente.<\/span><\/span><\/p>\n<p style=\"text-align: justify; text-indent: 35.4pt; tab-stops: center 120.6pt;\"><span class=\"acopre\"><span lang=\"HU\" style=\"font-size: 16.0pt; line-height: 107%; font-family: 'Times New Roman';\">Totodat\u0103, ajutorul de stat va fi acordat solicitantului care \u00eendepline\u015fte condi\u0163iile de eligibilitate, sub rezerva pred\u0103rii spre casare a unui autovehicul uzat \u015fi achit\u0103rii contribu\u0163iei proprii.<\/span><\/span><\/p>\n<p style=\"text-align: justify; text-indent: 35.4pt; tab-stops: center 120.6pt;\"><span class=\"acopre\"><span lang=\"HU\" style=\"font-size: 16.0pt; line-height: 107%; font-family: 'Times New Roman';\">Valoarea de achizi\u0163ie a tractorului\/ma\u015finii agricole autopropulsate, inclusiv a accesoriilor agricole aferente, nu trebuie s\u0103 dep\u0103\u015feasc\u0103 echivalentul \u00een lei al valorii de 55.000 euro, cu TVA inclus\u0103.<\/span><\/span><\/p>\n<p style=\"text-align: justify; text-indent: 35.4pt; tab-stops: center 120.6pt;\"><span class=\"acopre\"><span lang=\"HU\" style=\"font-size: 16.0pt; line-height: 107%; font-family: 'Times New Roman';\">Sursa: economica.net<\/span><\/span><\/p>\n<p style=\"text-align: justify; text-indent: 35.4pt; tab-stops: center 120.6pt;\"><span class=\"acopre\"><span lang=\"HU\" style=\"font-size: 16.0pt; line-height: 107%; font-family: 'Times New Roman';\">Foto:Economica.net<\/span><\/span><\/p>\n","protected":false},"excerpt":{"rendered":"<p>Produc\u0103torii agricoli se pot \u00eenscrie \u00een Programul &#8220;Rabla pentru tractoare&#8221;, \u00eencep\u00e2nd din data de 12 mai, timp de o s\u0103pt\u0103m\u00e2n\u0103 sau sau p\u00e2n\u0103 <\/p>\n","protected":false},"author":1,"featured_media":7881,"comment_status":"open","ping_status":"open","sticky":false,"template":"","format":"standard","meta":{"footnotes":""},"categories":[393],"tags":[5072,1540,5071,4046,4987,36,4988,5073],"class_list":["post-7880","post","type-post","status-publish","format-standard","has-post-thumbnail","hentry","category-economic","tag-cateva","tag-incepe","tag-peste","tag-programul","tag-rabla","tag-stiri-fara-frontiere","tag-tractoare","tag-zile"],"_links":{"self":[{"href":"https:\/\/hatarok-nelkul.com\/ro\/index.php?rest_route=\/wp\/v2\/posts\/7880","targetHints":{"allow":["GET"]}}],"collection":[{"href":"https:\/\/hatarok-nelkul.com\/ro\/index.php?rest_route=\/wp\/v2\/posts"}],"about":[{"href":"https:\/\/hatarok-nelkul.com\/ro\/index.php?rest_route=\/wp\/v2\/types\/post"}],"author":[{"embeddable":true,"href":"https:\/\/hatarok-nelkul.com\/ro\/index.php?rest_route=\/wp\/v2\/users\/1"}],"replies":[{"embeddable":true,"href":"https:\/\/hatarok-nelkul.com\/ro\/index.php?rest_route=%2Fwp%2Fv2%2Fcomments&post=7880"}],"version-history":[{"count":1,"href":"https:\/\/hatarok-nelkul.com\/ro\/index.php?rest_route=\/wp\/v2\/posts\/7880\/revisions"}],"predecessor-version":[{"id":7882,"href":"https:\/\/hatarok-nelkul.com\/ro\/index.php?rest_route=\/wp\/v2\/posts\/7880\/revisions\/7882"}],"wp:featuredmedia":[{"embeddable":true,"href":"https:\/\/hatarok-nelkul.com\/ro\/index.php?rest_route=\/wp\/v2\/media\/7881"}],"wp:attachment":[{"href":"https:\/\/hatarok-nelkul.com\/ro\/index.php?rest_route=%2Fwp%2Fv2%2Fmedia&parent=7880"}],"wp:term":[{"taxonomy":"category","embeddable":true,"href":"https:\/\/hatarok-nelkul.com\/ro\/index.php?rest_route=%2Fwp%2Fv2%2Fcategories&post=7880"},{"taxonomy":"post_tag","embeddable":true,"href":"https:\/\/hatarok-nelkul.com\/ro\/index.php?rest_route=%2Fwp%2Fv2%2Ftags&post=7880"}],"curies":[{"name":"wp","href":"https:\/\/api.w.org\/{rel}","templated":true}]}}