{"id":79,"date":"2012-09-16T19:03:00","date_gmt":"2012-09-16T16:03:00","guid":{"rendered":"http:\/\/hatarok-nelkul.com\/ro\/?p=79"},"modified":"2012-09-16T19:03:00","modified_gmt":"2012-09-16T16:03:00","slug":"catalanii-isi-exprima-solidaritatea-lor-cu-secuii-din-transilvania","status":"publish","type":"post","link":"https:\/\/hatarok-nelkul.com\/ro\/?p=79","title":{"rendered":"Catalanii \u00ee\u015fi exprim\u0103 solidaritatea lor cu secuii din Transilvania"},"content":{"rendered":"<p><!--[if gte mso 9]><xml> <w:WordDocument>  <w:View>Normal<\/w:View>  <w:Zoom>0<\/w:Zoom>  <w:HyphenationZone>21<\/w:HyphenationZone>  <w:Compatibility>   <w:BreakWrappedTables\/>   <w:SnapToGridInCell\/>   <w:ApplyBreakingRules\/>   <w:WrapTextWithPunct\/>   <w:UseAsianBreakRules\/>   <w:UseFELayout\/>  <\/w:Compatibility>  <w:BrowserLevel>MicrosoftInternetExplorer4<\/w:BrowserLevel> <\/w:WordDocument><\/xml><![endif]--><br \/><!--[if gte mso 10]>\n\n<style> \/* Style Definitions *\/  table.MsoNormalTable  {mso-style-name:\"Table Normal\";  mso-tstyle-rowband-size:0;  mso-tstyle-colband-size:0;  mso-style-noshow:yes;  mso-style-parent:\"\";  mso-padding-alt:0cm 5.4pt 0cm 5.4pt;  mso-para-margin:0cm;  mso-para-margin-bottom:.0001pt;  mso-pagination:widow-orphan;  font-size:10.0pt;  font-family:\"Times New Roman\";  mso-fareast-font-family:\"Times New Roman\";} <\/style>\n\n<![endif]--><\/p>\n<div><span lang=\"EN-US\">Potrivit site-ul ziarului ungar <i>magyarnemzet.hu,<\/i>delega\u0163ia Consiliului Na\u0163ional Secuiesc (CNS) a purtat discu\u0163ii, <\/span><span>pe 12 septembrie,<\/span><span lang=\"EN-US\"> la Barcelona, cu politicienii pentru rela\u0163iile externe ale Guvernului catalan.<\/span><\/div>\n<div><span lang=\"EN-US\">\u00centr-un comunicat remis Agen\u0163iei ungare de Pres\u0103 MTI, de CNS, citat\u0103 de sursa amintit\u0103, se arat\u0103 c\u0103 delega\u0163ia condus\u0103 de pre\u015fedintele consiliului, Izs\u00e1k Bal\u00e1zs, a purtat discu\u0163ii la sediul celui mai important partid catalan, Convergencia Demokratica de Catalunya (CDC) cu secretarul partidului responsabil pentru rela\u0163iile interna\u0163ionale, V\u00edctor Terradellas i Mar\u00e9v. Delega\u0163ia CNS a prezentat \u00een detaliu concep\u0163ia sa depre Ini\u0163iativa Cet\u0103\u0163eneasc\u0103 European\u0103. Politicianul catalanez a promis c\u0103 vor analiza documentele \u00eenm\u00e2nate de delega\u0163ie \u015fi vor lua o decizie asupra modalit\u0103\u0163ilor de cooperare. La sediul Guvernului catalan, delega\u0163ia a fost primit\u0103 de directorul general pentru rela\u0163ii externe al Guvernului din<span>\u00a0 <\/span>Catalonia, Francesc de Paula Gamb\u00fas i Mille, care \u015fi-a exprimat simpatia fa\u0163\u0103 de secui, subliniind c\u0103 este fireasc\u0103<span>\u00a0 <\/span>aceast\u0103 solidaritate \u015fi sus\u0163inere din partea unui popor care a avut parte de prigonire \u015fi de discrimin\u0103ri defavorabile. R\u0103spunz\u00e2nd la o \u00eentrebare, Izs\u00e1k Bal\u00e1zs a afirmat c\u0103 Guvernul Ungariei sus\u0163ine n\u0103zuin\u0163ele CNS privind ob\u0163inerea autonomiei teritoriale.(13 septembrie 2012) <\/span><\/div>\n","protected":false},"excerpt":{"rendered":"<p>Potrivit site-ul ziarului ungar magyarnemzet.hu,delega\u0163ia Consiliului Na\u0163ional Secuiesc (CNS) a purtat discu\u0163ii, pe 12 septembrie, la Barcelona, cu politicienii pentru rela\u0163iile externe ale <\/p>\n","protected":false},"author":1,"featured_media":0,"comment_status":"open","ping_status":"open","sticky":false,"template":"","format":"standard","meta":{"footnotes":""},"categories":[1],"tags":[],"class_list":["post-79","post","type-post","status-publish","format-standard","hentry","category-fara-categorie"],"_links":{"self":[{"href":"https:\/\/hatarok-nelkul.com\/ro\/index.php?rest_route=\/wp\/v2\/posts\/79","targetHints":{"allow":["GET"]}}],"collection":[{"href":"https:\/\/hatarok-nelkul.com\/ro\/index.php?rest_route=\/wp\/v2\/posts"}],"about":[{"href":"https:\/\/hatarok-nelkul.com\/ro\/index.php?rest_route=\/wp\/v2\/types\/post"}],"author":[{"embeddable":true,"href":"https:\/\/hatarok-nelkul.com\/ro\/index.php?rest_route=\/wp\/v2\/users\/1"}],"replies":[{"embeddable":true,"href":"https:\/\/hatarok-nelkul.com\/ro\/index.php?rest_route=%2Fwp%2Fv2%2Fcomments&post=79"}],"version-history":[{"count":0,"href":"https:\/\/hatarok-nelkul.com\/ro\/index.php?rest_route=\/wp\/v2\/posts\/79\/revisions"}],"wp:attachment":[{"href":"https:\/\/hatarok-nelkul.com\/ro\/index.php?rest_route=%2Fwp%2Fv2%2Fmedia&parent=79"}],"wp:term":[{"taxonomy":"category","embeddable":true,"href":"https:\/\/hatarok-nelkul.com\/ro\/index.php?rest_route=%2Fwp%2Fv2%2Fcategories&post=79"},{"taxonomy":"post_tag","embeddable":true,"href":"https:\/\/hatarok-nelkul.com\/ro\/index.php?rest_route=%2Fwp%2Fv2%2Ftags&post=79"}],"curies":[{"name":"wp","href":"https:\/\/api.w.org\/{rel}","templated":true}]}}