{"id":7938,"date":"2025-07-16T14:12:36","date_gmt":"2025-07-16T11:12:36","guid":{"rendered":"https:\/\/hatarok-nelkul.com\/ro\/?p=7938"},"modified":"2025-07-16T14:18:10","modified_gmt":"2025-07-16T11:18:10","slug":"cel-putin-300-de-milioane-de-lei-acordate-de-guvernul-romaniei-pentru-localitatea-praid","status":"publish","type":"post","link":"https:\/\/hatarok-nelkul.com\/ro\/?p=7938","title":{"rendered":"Cel pu\u0163in 300 de milioane de lei acordate de Guvernul Rom\u00e2niei pentru localitatea Praid"},"content":{"rendered":"<p>Locuitorii \u0219i antreprenorii din Praid vor beneficia de 300 de milioane de lei din bani publici pentru acoperirea daunelor provocate de inunda\u021biile de la Praid, a declarat vineri Bogdan Ivan, ministrul Economiei, care a anun\u021bat finalizarea procedurilor necesare aloc\u0103rii sumelor.<\/p>\n<p>Acesta a precizat c\u0103 200 de milioane de lei sunt pentru repararea daunelor provocate de inunda\u021biile de la Praid, iar 100 de milioane de lei pentru antreprenorii din turism din zon\u0103.<\/p>\n<p>\u201e300 de milioane de lei vor fi disponibile \u00eencep\u00e2nd de azi, odat\u0103 cu publicarea schemelor de sprijin \u00een Monitorul Oficial\u201d, a declarat Bogdan Ivan. Acesta a spus c\u0103 echipe de exper\u021bi lucreaz\u0103 contra-cronometru pentru stabilizarea \u0219i devierea \u00een siguran\u021b\u0103 a cursului r\u00e2ului Corund.<\/p>\n<p>Ajutorul este valabil de la data public\u0103rii \u00een Monitorul Oficial al Rom\u00e2niei \u0219i p\u00e2n\u0103 la 31 decembrie 2025.<\/p>\n<p>Repararea daunelor are \u00een vedere maxim 20 de \u00eentreprinderi a c\u0103ror activitate, desf\u0103\u0219urat\u0103 \u00een aria teritorial\u0103 calamitat\u0103, a fost afectat\u0103 \u00een mod direct de c\u0103tre inunda\u021bii \u0219i care \u00eendeplinesc condi\u021biile prev\u0103zute \u00een Ordinul de ministru.<\/p>\n<p>Pagubele trebuie s\u0103 fie evaluate de un evaluator autorizat de Asocia\u0163ia Na\u0163ional\u0103 a Evaluatorilor Autoriza\u0163i din Rom\u00e2nia \u0219i de un expert contabil autorizat sau de o societate de expertiz\u0103 ce face parte din Corpul Exper\u0163ilor Contabili \u015fi Contabililor Autoriza\u0163i din Rom\u00e2nia.<\/p>\n<p><strong>Ce reprezint\u0103 costurile eligibile?<\/strong><\/p>\n<p><strong>\u00a0<\/strong>\u00a0 &#8211;\u00a0 valoarea de \u00eenlocuire a activelor care nu pot fi repuse \u00een circuitul economic<\/p>\n<p>&#8211;\u00a0 costul de repara\u0163ie a activelor afectate de inunda\u0163ii, acolo unde acest lucru este posibil;<\/p>\n<p>&#8211;\u00a0\u00a0\u00a0 pierderi de venituri datorate suspend\u0103rii totale sau par\u0163iale a activit\u0103\u0163ii pe raza unit\u0103\u0163ii administrativ-teritoriale Praid, pentru maximum \u015fase luni de la producerea dezastrului<\/p>\n<p><strong>Schema de ajutor de minimis pentru \u00eentreprinderile din turism<\/strong><\/p>\n<p>Ajutorul de minimis se va acorda sub form\u0103 de finan\u021bare nerambursabil\u0103 (grant) \u0219i este de 15% din cifra de afaceri aferent\u0103 anului 2024. Num\u0103rul maxim al beneficiarilor este de 300, iar ajutorul nu va dep\u0103\u0219i pragul de 300.000 euro\/beneficiar, cu respectarea plafonului de minimis per \u00eentreprindere unic\u0103 \u0219i a regulilor legale privind cumulul ajutoarelor de minimis.<\/p>\n<p>Beneficiarii eligibili ai ajutorului de minimis sunt \u00eentreprinderi mici sau mijlocii din turism afectate de inunda\u021bii, care au sediul social sau puncte de lucru \u015fi desf\u0103\u015foar\u0103 activitatea pentru care solicit\u0103 finan\u0163are pe teritoriul unit\u0103\u0163ii administrativ-teritoriale Praid.<\/p>\n<p>Sursa: hotnews.ro<\/p>\n<p>Foto: Ziare.com<\/p>\n","protected":false},"excerpt":{"rendered":"<p>Locuitorii \u0219i antreprenorii din Praid vor beneficia de 300 de milioane de lei din bani publici pentru acoperirea daunelor provocate de inunda\u021biile de <\/p>\n","protected":false},"author":1,"featured_media":7939,"comment_status":"open","ping_status":"open","sticky":false,"template":"","format":"standard","meta":{"footnotes":""},"categories":[125],"tags":[5137,2300,4812,5139,5138,4584,5115,2244,36],"class_list":["post-7938","post","type-post","status-publish","format-standard","has-post-thumbnail","hentry","category-interne","tag-5137","tag-ajutor","tag-guvernul","tag-lei","tag-milioane","tag-pentru","tag-praid","tag-romaniei","tag-stiri-fara-frontiere"],"_links":{"self":[{"href":"https:\/\/hatarok-nelkul.com\/ro\/index.php?rest_route=\/wp\/v2\/posts\/7938","targetHints":{"allow":["GET"]}}],"collection":[{"href":"https:\/\/hatarok-nelkul.com\/ro\/index.php?rest_route=\/wp\/v2\/posts"}],"about":[{"href":"https:\/\/hatarok-nelkul.com\/ro\/index.php?rest_route=\/wp\/v2\/types\/post"}],"author":[{"embeddable":true,"href":"https:\/\/hatarok-nelkul.com\/ro\/index.php?rest_route=\/wp\/v2\/users\/1"}],"replies":[{"embeddable":true,"href":"https:\/\/hatarok-nelkul.com\/ro\/index.php?rest_route=%2Fwp%2Fv2%2Fcomments&post=7938"}],"version-history":[{"count":2,"href":"https:\/\/hatarok-nelkul.com\/ro\/index.php?rest_route=\/wp\/v2\/posts\/7938\/revisions"}],"predecessor-version":[{"id":7941,"href":"https:\/\/hatarok-nelkul.com\/ro\/index.php?rest_route=\/wp\/v2\/posts\/7938\/revisions\/7941"}],"wp:featuredmedia":[{"embeddable":true,"href":"https:\/\/hatarok-nelkul.com\/ro\/index.php?rest_route=\/wp\/v2\/media\/7939"}],"wp:attachment":[{"href":"https:\/\/hatarok-nelkul.com\/ro\/index.php?rest_route=%2Fwp%2Fv2%2Fmedia&parent=7938"}],"wp:term":[{"taxonomy":"category","embeddable":true,"href":"https:\/\/hatarok-nelkul.com\/ro\/index.php?rest_route=%2Fwp%2Fv2%2Fcategories&post=7938"},{"taxonomy":"post_tag","embeddable":true,"href":"https:\/\/hatarok-nelkul.com\/ro\/index.php?rest_route=%2Fwp%2Fv2%2Ftags&post=7938"}],"curies":[{"name":"wp","href":"https:\/\/api.w.org\/{rel}","templated":true}]}}