{"id":794,"date":"2015-03-03T12:46:39","date_gmt":"2015-03-03T10:46:39","guid":{"rendered":"http:\/\/hatarok-nelkul.com\/ro\/?p=794"},"modified":"2015-03-03T12:46:39","modified_gmt":"2015-03-03T10:46:39","slug":"lovitura-de-teatru-guvernul-ungariei-a-inghitit-udmr","status":"publish","type":"post","link":"https:\/\/hatarok-nelkul.com\/ro\/?p=794","title":{"rendered":"Lovitur\u0103 de teatru: guvernul Ungariei a \u00eenghi\u0163it UDMR"},"content":{"rendered":"<figure id=\"attachment_795\" aria-describedby=\"caption-attachment-795\" style=\"width: 150px\" class=\"wp-caption alignleft\"><a href=\"https:\/\/hatarok-nelkul.com\/ro\/wp-content\/uploads\/2015\/03\/eurotrans-alapitvany.jpg\"><img loading=\"lazy\" decoding=\"async\" class=\"size-thumbnail wp-image-795 \" alt=\"eurotrans-alapitvany\" src=\"https:\/\/hatarok-nelkul.com\/ro\/wp-content\/uploads\/2015\/03\/eurotrans-alapitvany-150x91.jpg\" width=\"150\" height=\"91\" \/><\/a><figcaption id=\"caption-attachment-795\" class=\"wp-caption-text\">Sursa:<br \/>hunlit.lett,ubbcluj.ro<\/figcaption><\/figure>\n<p style=\"text-align: justify;\">\u00a0\u00a0\u00a0\u00a0\u00a0\u00a0\u00a0\u00a0 Conform unui articol publicat recent de portalul nepszava.hu, guvernul lui Viktor Orb\u00e1n \u015fi cel mai mare partid al maghiarilor de dincolo de grani\u0163ele Ungariei au \u00eencheiat un armisti\u0163iu, \u00eenc\u0103 \u00een 2012, dar tratatul de pace a fost semnat abia acum, pe 18 februarie 2015. Aparent este vorba despre un acord, potrivit c\u0103ruia de acum \u00eenainte UDMR va participa \u00een procesul de naturalizare. \u00cens\u0103 este vorba despre mult mai mult. <!--more-->Guvernul ungar \u015fi funda\u0163ia organiza\u0163iei UDMR Cluj, Eurotrans, a \u00eencheiat recent, la Budapesta un acord de colaborare. Potrvit acordului, Funda\u0163ia Eurotrans \u00eei va ajuta pe maghiarii din Transilvania \u00een procesul de ob\u0163inere a cet\u0103\u0163eniei Ungariei.<\/p>\n<p style=\"text-align: justify;\">\u00a0\u00a0\u00a0\u00a0\u00a0\u00a0\u00a0\u00a0\u00a0 Secretarul general al UDMR, P\u00e9ter Kov\u00e1cs, a men\u0163ionat c\u0103 \u00een\u0163elegerea este un text general cu privire la un parteneriat \u00eencheiat \u00eentre Guvernul ungar \u015fi UDMR. Esen\u0163ial este c\u0103 Funda\u0163ia Eurotrans va participa, \u00een colaborare cu UDMR, \u00eentr-o form\u0103 institu\u0163ional\u0103, \u00een procedura privind acordarea cet\u0103\u0163eniei ungare persoanelor care solicit\u0103 acest statut. Acordul va fi detaliat dup\u0103 ce va fi stabilit la c\u00e2te localit\u0103\u0163i se va extinde \u015fi la c\u00e2te persoane dore\u015fte s\u0103 ajung\u0103 re\u0163eaua de birouri care gestioneaz\u0103 procesul de naturalizare.<\/p>\n<p style=\"text-align: justify;\">\u00a0\u00a0\u00a0\u00a0\u00a0\u00a0\u00a0\u00a0\u00a0 P\u00e2n\u0103 acum partenerii Guvernului ungar au fost Centrele pentru Democra\u0163ie, care au func\u0163ionat sub coordonarea Consiliului Na\u0163ional Maghiar din Transilvania (CNMT), organiza\u0163ie aflat\u0103 sub protectoratul lui T\u0151k\u00e9s, \u015fi \u00een str\u00e2ns\u0103 colaborare cu Partidul Popular Maghiar din Transilvania (PPMT). Participarea \u00een procesul de naturalizate implic\u0103, desigur, \u015fi un sprijin material, ceea ce \u00eenseamn\u0103 c\u0103 funda\u0163iile aflate sub umbrela UDMR, exluse p\u00e2n\u0103 acum din sistemul de asisten\u0163\u0103, ori vor prelua locul organiza\u0163iilor lui T\u0151k\u00e9s, ori cel pu\u0163in vor \u00eemp\u0103r\u0163i resursele materiale.<\/p>\n<p style=\"text-align: justify;\">\u00a0\u00a0\u00a0\u00a0\u00a0\u00a0\u00a0\u00a0\u00a0 \u00cenc\u0103 din luna ianuarie a fost postat\u0103 o informa\u0163ie pe site-ul emisiunii de limb\u0103 maghiar\u0103 a Radiodifuziunii Rom\u00e2ne, potrivit c\u0103reia Fidesz \u015fi UDMR au \u00eencheiat, anul trecut, o \u00een\u0163elegere, anume c\u0103 UDMR va ie\u015fi din Guvernul lui Ponta, iar la schimb Budapesta nu va mai finan\u0163a Centrele de Democra\u0163ie ale PPMT. La vremea respectiv\u0103, informa\u0163ia a fost infirmat\u0103 de toate p\u0103r\u0163ile implicate: autorit\u0103\u0163ile de la Budapesta, UDMR \u015fi CNMT, \u00eens\u0103 prin semnarea, la Budapesta, a acestui acord, se pare c\u0103 informa\u0163ia a fost real\u0103. \u00cen acela\u015fi timp a devenit mai credibil \u015fi faptul c\u0103 ie\u015firea de la guvernale a UDMR s-a produs, \u00eentr-adev\u0103r, la presiunea Guvernului Orb\u00e1n. \u00cenainte de \u015fedin\u0163a Consiliului Permanent al UDMR, la care s-a adoptat decizia privind p\u0103r\u0103sirea Guvernului de la Bucure\u015fti de c\u0103tre UDMR, marea majoritate a delega\u0163ilor UDMR au fost pentru r\u0103m\u00e2nerea la guvernare, c\u00e2nd, pe nea\u015fteptate, ie\u015firea de la guvernare a UDMR a fost votat\u0103 cu re\u0163ineri pe motiv c\u0103 &#8211; potrivit unor informa\u0163ii neconfirmate &#8211; \u00een caz contrar, pre\u015fedintele UDMR, Hunor Kelemen, a pus \u00een vedere demisia sa.<\/p>\n<p style=\"text-align: justify;\">\u00a0\u00a0\u00a0\u00a0\u00a0\u00a0\u00a0\u00a0\u00a0 Nici participarea la guvernare a UDMR, \u00een 1996, care era considerat\u0103 istoric\u0103, nu a fost premiat\u0103 de Executivul de la Budapesta, iar L\u00e1szl\u00f3 T\u0151k\u00e9s sus\u0163inea, \u00een cadrul UDMR, c\u0103 aceast\u0103 forma\u0163iune politic\u0103 este &#8220;tr\u0103d\u0103toare de patrie&#8221;. \u00cen timpul primului Guvern-Orb\u00e1n, \u00eenaintea form\u0103rii Executivului condus de Adrian N\u0103stase, \u00een 2000, Zsolt N\u00e9meth, care la vremea aceea era secretar de stat, a declarat mass-mediei din Transilvania c\u0103 Executivul de la Budapesta nu poate accepta sub nicio form\u0103 o eventual\u0103 colaborare a UDMR cu Partidul Social Democrat (PSD). Cu timpul, subiectul privind participarea la guvernare a UDMR nu a mai fost de actualitate, dar anul trecut UDMR a \u00eencheiat o coali\u0163ie cu PSD, ceea ce nu a fost pe placul Guvernului Orb\u00e1n, din mai multe motive. Desigur, ca factor guvernamental, UDMR nu poate fi influen\u0163\u0103, nu poate fi dirijat\u0103 \u015fi va r\u0103m\u00e2ne independent\u0103, dar \u00een afara guvernului este vulnerabil\u0103 \u015fi mai ales f\u0103r\u0103 fonduri, ceea ce \u00eenseamn\u0103 c\u0103 poate fi \u0163inut\u0103 sub control.<\/p>\n<p style=\"text-align: justify;\">\u00a0\u00a0\u00a0\u00a0\u00a0\u00a0\u00a0\u00a0\u00a0 \u015ei totu\u015fi, de ce a f\u0103cut acest pas UDMR, sub conducerea lui Hunor Kelemen? P\u0103rerile sunt \u00eemp\u0103r\u0163ite, dar se presupune c\u0103 un rol major \u00eel are apropiatul congres al UDMR (aprilie), la care va fi aleas\u0103 noua conducere a uniunii, precum \u015fi presiunea liderilor locali ai UDMR din Secuime. Este interesant c\u0103, dup\u0103 ie\u015firea de la guvernare a UDMR, mass-media de limb\u0103 maghiar\u0103 nu a mai fost preocupat\u0103 de primarul ora\u015fului Sf\u00e2ntu Gheorghe, \u00c1rp\u00e1d Antal, care se pare c\u0103 era preg\u0103tit de Guvernul lui Orb\u00e1n drept rival poten\u0163ial al lui Hunor Kelemen. Dup\u0103 care organiza\u0163iile UDMR din \u021ainutul Secuiesc au anun\u0163at, r\u00e2nd pe r\u00e2nd, c\u0103 la alegerile preziden\u0163iale, care au avut loc anul trecut, \u00een noiembrie, \u00eel sus\u0163in pe Hunor Kelemen, acesta a devenit singurul candidat la Pre\u015fedin\u0163ie, f\u0103r\u0103 cotracandidat.<\/p>\n<p style=\"text-align: justify;\">\u00a0\u00a0\u00a0\u00a0\u00a0\u00a0\u00a0\u00a0\u00a0 Acordul \u00eencheiat \u00eentre Guvernul ungar \u015fi Funda\u0163ia Eurotrans mai are un aspect interesant, anume c\u0103 Guvernul Orb\u00e1n nu este mul\u0163umit de num\u0103rul celor care au ob\u0163inut cet\u0103\u0163enia ungar\u0103. Potrivit secretarului general al UDMR, a fost nevoie de acest acord, deoarece re\u0163eaua Centrelor Democra\u0163ia nu este suficient\u0103 pentru acoperirea atribu\u0163iilor. &#8220;Statisticile institu\u0163iilor statului ungar arat\u0103 c\u0103 \u00een ultimele luni a sc\u0103zut drastic num\u0103rul solicitan\u0163ilor cet\u0103\u0163eniei ungare, astfel c\u0103 a fost nevoie de relansarea procesului de naturalizare. Iar, UDMR este o organiza\u0163ie care dispune de o re\u0163ea la nivelul \u00eentregii Transilvanii, necesar\u0103 pentru \u00eendeplinirea aceste atribu\u0163ii&#8221;, a explicat secretarul general al UDMR portalului clujean maszol.ro. (Scopul declarativ al Guvernului ungar este acordarea cet\u0103\u0163eniei ungare pentru \u00eenc\u0103 un milion de persoane). \u00cen vederea \u00eendeplinirii atribu\u0163iilor, Funda\u0163ia Eurotrans va beneficia \u015fi de un sprijin material din partea Guvernului ungar, \u00eens\u0103 suma respectiv\u0103 va fi stabilit\u0103 dup\u0103 clarificarea detaliilor acordului, a conchis P\u00e9ter Kov\u00e1cs.<\/p>\n<p style=\"text-align: justify;\">\u00a0\u00a0\u00a0 Centrele pentru Democra\u0163ie \u015fi CNMT au infirmat imediat producerea unei schimb\u0103ri \u00een sistemul de finan\u0163are de care beneficiaz\u0103. \u00cens\u0103, prevederile bugetare pot fi modificate \u015fi pe parcursul anului. Dar, chiar \u015fi f\u0103r\u0103 acest acord, s-a demonstrat c\u0103 L\u00e1szl\u00f3 T\u0151k\u00e9s \u015fi sistemul institu\u0163ional cl\u0103dit \u00een jurul s\u0103u au intrat \u00een domeniul trecutului pentru Budapesta. L\u00e1szl\u00f3 T\u0151k\u00e9s a devenit europarlamentar pe lista Fidesz, astfel c\u0103 a fost \u00eendep\u0103rtat din via\u0163a politic\u0103 transilv\u0103nean\u0103. La alegerile preziden\u0163iale din noiembrie anul trecut, Fidesz nu a sus\u0163inut nici partidului lui T\u0151k\u00e9s \u015fi nici candidatul acestui partid, iar \u00een ianuarie,\u00a0 la Congresul PPMT, \u00een cadrul c\u0103ruia a fost schimbat\u0103 \u015fi conducerea partidului, \u015fi care a avut loc \u00een acela\u015fi timp cu aniversarea a 25 de ani de la \u00eenfiin\u0163area UDMR, nu au participat corifeii politicilor na\u0163ionale, iar Zsolt N\u00e9meth, care a \u00eentre\u0163inut o rela\u0163ie de prietenie cu fostul \u015fi actualul pre\u015fedinte al PPMT, Tibor T. Tor\u00f3, precum \u015fi cu Zsolt Szil\u00e1gyi (fostul \u015feful de cabinet al lui T\u0151k\u00e9s), doar a adresat o scrisoare de felicitare\u00a0 Congresului PPMT.<\/p>\n<p style=\"text-align: justify;\">\u00a0\u00a0\u00a0\u00a0\u00a0\u00a0\u00a0\u00a0\u00a0 P\u00e9ter Kov\u00e1cs, care anterior a infirmat informa\u0163ia emisiunii \u00een limba maghiar\u0103 a Radioului Public din Rom\u00e2nia, a spus c\u0103 afirma\u0163ia potrivit c\u0103reia ie\u015firea de la guvernare a UDMR s-ar fi \u00eent\u00e2mplat la vreo sugestie venite din Budapesta este revolt\u0103toare. Secretarul general a precizat c\u0103 \u00een ultimii 25 de ani UDMR a reu\u015fit s\u0103 r\u0103m\u00e2n\u0103 \u00een picioare tocmai pentru c\u0103 nimeni nu i-a dictat niciodat\u0103, nici m\u0103car de la Budapesta. &#8220;Toate deciziile noastre au fost luate f\u0103r\u0103 constr\u00e2ngeri din partea cuiva sau a vreunui \u015fantaj exercitat asupra liderilor UDMR&#8221;, a conchis P\u00e9ter Kov\u00e1cs.<\/p>\n<p style=\"text-align: justify;\">\u00a0\u00a0\u00a0\u00a0\u00a0\u00a0\u00a0\u00a0\u00a0 \u00cens\u0103, tot ceea ce s-a \u00eent\u00e2mpat \u00een ultima periad\u0103 pare s\u0103 infirme spusele lui P\u00e9ter Kov\u00e1cs, dar sunt valabile \u00een cazul celor 18 ani \u00een care UDMR a fost condus\u0103 de B\u00e9la Mark\u00f3.<\/p>\n<p style=\"text-align: justify;\">\u00a0Traducerea:<b> Bal\u00e1zs Magdolna<\/b><\/p>\n<p><b>\u00a0<\/b><\/p>\n","protected":false},"excerpt":{"rendered":"<p>\u00a0\u00a0\u00a0\u00a0\u00a0\u00a0\u00a0\u00a0 Conform unui articol publicat recent de portalul nepszava.hu, guvernul lui Viktor Orb\u00e1n \u015fi cel mai mare partid al maghiarilor de dincolo de <\/p>\n","protected":false},"author":1,"featured_media":0,"comment_status":"open","ping_status":"open","sticky":false,"template":"","format":"standard","meta":{"footnotes":""},"categories":[1],"tags":[],"class_list":["post-794","post","type-post","status-publish","format-standard","hentry","category-fara-categorie"],"_links":{"self":[{"href":"https:\/\/hatarok-nelkul.com\/ro\/index.php?rest_route=\/wp\/v2\/posts\/794","targetHints":{"allow":["GET"]}}],"collection":[{"href":"https:\/\/hatarok-nelkul.com\/ro\/index.php?rest_route=\/wp\/v2\/posts"}],"about":[{"href":"https:\/\/hatarok-nelkul.com\/ro\/index.php?rest_route=\/wp\/v2\/types\/post"}],"author":[{"embeddable":true,"href":"https:\/\/hatarok-nelkul.com\/ro\/index.php?rest_route=\/wp\/v2\/users\/1"}],"replies":[{"embeddable":true,"href":"https:\/\/hatarok-nelkul.com\/ro\/index.php?rest_route=%2Fwp%2Fv2%2Fcomments&post=794"}],"version-history":[{"count":1,"href":"https:\/\/hatarok-nelkul.com\/ro\/index.php?rest_route=\/wp\/v2\/posts\/794\/revisions"}],"predecessor-version":[{"id":796,"href":"https:\/\/hatarok-nelkul.com\/ro\/index.php?rest_route=\/wp\/v2\/posts\/794\/revisions\/796"}],"wp:attachment":[{"href":"https:\/\/hatarok-nelkul.com\/ro\/index.php?rest_route=%2Fwp%2Fv2%2Fmedia&parent=794"}],"wp:term":[{"taxonomy":"category","embeddable":true,"href":"https:\/\/hatarok-nelkul.com\/ro\/index.php?rest_route=%2Fwp%2Fv2%2Fcategories&post=794"},{"taxonomy":"post_tag","embeddable":true,"href":"https:\/\/hatarok-nelkul.com\/ro\/index.php?rest_route=%2Fwp%2Fv2%2Ftags&post=794"}],"curies":[{"name":"wp","href":"https:\/\/api.w.org\/{rel}","templated":true}]}}