{"id":8006,"date":"2025-09-23T22:38:02","date_gmt":"2025-09-23T19:38:02","guid":{"rendered":"https:\/\/hatarok-nelkul.com\/ro\/?p=8006"},"modified":"2025-09-23T22:39:02","modified_gmt":"2025-09-23T19:39:02","slug":"ziua-autonomiei-secuiesti-va-fi-comemorata-si-in-acest-an","status":"publish","type":"post","link":"https:\/\/hatarok-nelkul.com\/ro\/?p=8006","title":{"rendered":"Ziua Autonomiei Secuie\u015fti va fi comemorat\u0103 \u015fi \u00een acest an"},"content":{"rendered":"<p>Conform deciziei Consiliului Na\u021bional Secuiesc (CNS) adoptat\u0103 \u00een 2015, ultima duminic\u0103 din octombrie este Ziua Autonomiei Secuie\u0219ti.<\/p>\n<p>CNS a lansat \u015fi \u00een acest an un apel mobilizator, cer\u00e2nd congrega\u021biilor cre\u0219tine \u0219i administra\u021biilor locale s\u0103 se preg\u0103teasc\u0103 pentru comemorarea festiv\u0103, \u00een cadrul c\u0103reia, pe 26 octombrie 2025, vor fi aprinse focuri de straj\u0103 \u00een tot \u021ainutul Secuiesc pentru a atrage aten\u021bia asupra aspira\u021biilor secuilor la autonomie.<\/p>\n<p><em>L-am \u00eentrebat pe Bal\u00e1zs Izs\u00e1k, pre\u0219edintele Consiliului Na\u021bional Secuiesc, dac\u0103 \u00een aceste vremuri dificile \u00een care tr\u0103im, popula\u021bia din regiune va reac\u021biona la fel de entuziasmat ca \u00een anii preceden\u021bi?<\/em><\/p>\n<p>&#8211; Am \u00eencredere c\u0103 oamenii vor sim\u021bi c\u0103 \u00eentreaga comunitate se \u00eent\u0103re\u0219te atunci c\u00e2nd se roag\u0103 \u00eempreun\u0103 sau merg \u00eempreun\u0103 pentru a aprinde un foc de straj\u0103. Tocmai aceste situa\u021bii complexe fac necesar\u0103 \u00eent\u00e2lnirea oamenilor, \u00eei \u00eent\u0103re\u0219te pe oameni \u00een inimile \u0219i sufletele lor atunci c\u00e2nd se pot \u00eent\u00e2lni, pot vorbi \u0219i pot reac\u021biona la lucruri \u00eentr-o astfel de ocazie. Am \u00eencredere c\u0103 mul\u021bi oameni din fiecare a\u0219ezare vor ie\u0219i la focuri de straj\u0103.<\/p>\n<p><em>La \u00eentrebarea, dac\u0103 aceast\u0103 zi este comemorat\u0103 \u0219i \u00een str\u0103in\u0103tate, a afirmat:<\/em><\/p>\n<p>-Tot ce pot spune \u00een acest moment este c\u0103 am fost invitat de Asocia\u0163ia pentru \u0162inutul Secuiesc \u00een Pia\u021ba Eroilor din Budapesta. Este prima dat\u0103 c\u00e2nd nu voi fi \u00een \u0162inutul Secuiesc de Ziua Autonomiei Secuie\u015fti, ci la Budapesta.<\/p>\n<p><em>La \u00eentrebarea, care au fost momentele care au precedat organizarea evenimentului la Budapesta, a precizat<\/em>:<\/p>\n<p>-Asocia\u0163ia pentru \u021ainutul Secuiesc a fost fondat\u0103 la scurt timp dup\u0103 ce ne-am \u00eent\u00e2lnit \u00een Parlamentul din Budapesta. Jen\u0151 Sz\u00e1sz a fost cel care a spus c\u0103 ne-am bucura, dac\u0103 ar exista nu doar organiza\u021bii ale societ\u0103\u0163ii civile pentru diferite comunit\u0103\u021bi, comunit\u0103\u021bi interna\u021bionale \u0219i minorit\u0103\u021bi, ci \u0219i o Asocia\u0163ie pentru \u021ainutul Secuiesc. Acest apel a avut o \u00a0rezonan\u021b\u0103 at\u00e2t de mare, \u00eenc\u00e2t la scurt timp, dup\u0103 noiembrie 2010, a fost fondat\u0103 la Budapesta Asocia\u0163ia pentru \u021ainutul Secuiesc, care urm\u0103re\u0219te \u00een mod regulat evenimentele Consiliului Na\u021bional Secuiesc. Purt\u0103m negocieri de mult timp, au existat \u00eent\u00e2lniri cu liderii Asocia\u0163iei pentru \u021ainutul Secuiesc, iar acum, c\u00e2nd organizarea este \u00een curs de desf\u0103\u0219urare, am discutat despre organizarea evenimentului \u0219i m-au \u00eentrebat dac\u0103 nu ar fi posibil s\u0103 organiz\u0103m o \u00eent\u00e2lnire \u00een a\u0219a fel \u00eenc\u00e2t s\u0103 fiu \u015fi eu prezent de Ziua Autonomiei \u00a0Secuie\u015fti. \u00centruc\u00e2t nimeni nu m-a invitat p\u00e2n\u0103 acum, accept \u00eentotdeauna prima invita\u021bie.<\/p>\n<p><em>La \u00eentrebarea, cine se va ocupa aici, acas\u0103 de coordonarea evenimentului, pre\u015fedintele CNS ne-a explicat:<\/em><\/p>\n<p>&#8211; Evenimentul este organizat de consiliile locale secuie\u0219ti, de administra\u021biile locale, exist\u0103 o colaborare informal\u0103 pentru \u00eentregul proces, ceea ce apare \u015fi \u00een spa\u021biul virtual, pe re\u021beaua de socializare, iar noi post\u0103m informa\u0163ii pe pagina noastr\u0103 de Facebook, pe site-ul nostru, cu privire la c\u00e2te localit\u0103\u021bi au r\u0103spuns \u0219i \u00een ce localitate va avea loc aprinderea focului de straj\u0103. \u00cen esen\u021b\u0103, \u00een asta a constat \u015fi p\u00e2n\u0103 acum coordonarea, respectiv oamenii \u0219tiu despre eveniment \u00een anumite localit\u0103\u021bi sau unde poate nu \u0219tiu, verific\u0103 pe internet pentru a vedea unde va fi focul de straj\u0103 cel mai aproape de propria lor localitate.<\/p>\n<p><em>La remarca noastr\u0103, potrivit c\u0103reia Comisia European\u0103 a respins recent formarea unei noi legisla\u0163ii cu privire la sprijinirea regiunilor na\u021bionale, ini\u0163iativ\u0103 propus\u0103 de CNS, Bal\u00e1zs Izs\u00e1k a subliniat:<\/em><\/p>\n<p>&#8211; \u00cen\u015ftiin\u0163area de 25 de pagini, pe care ne-au trimis-o, con\u021bine numeroase ne\u00een\u021belegeri \u0219i omisiuni, dar s\u0103 \u00eencepem cu elementele de baz\u0103. \u00cen aceast\u0103 comunicare, ei revin de mai multe ori asupra acelui litigiu juridic care a avut loc timp ce \u015fase ani \u00eentre noi, respectiv \u00eentre 2013 \u0219i 2019, \u0219i revin la argumentele pe care le-au invocat \u00een acest litigiu juridic \u0219i \u00eencearc\u0103 s\u0103 ni le explice din nou.<\/p>\n<p><em>&#8230; dar exist\u0103 \u015fi contraargumente &#8230;<\/em><\/p>\n<p>-Cel mai puternic contraargument este c\u0103 au pierdut acest litigiu juridic. A\u015fadar, toate argumentele pe care le-au invocat \u00een acest litigiu, au pierdut valabilitatea, totul a fost anulat de faptul c\u0103 au pierdut procesul. Aceasta a inclus \u0219i scrisoarea de respingere trimis\u0103 \u00een iulie 2013, \u00een care au precizat c\u0103 ini\u0163iativa nu va fi luat\u0103 \u00een eviden\u0163\u0103, deoarece nu se afl\u0103 \u00een competen\u0163a lor. Acum nu pot folosi acest argument pentru a doua oar\u0103, chiar dac\u0103 vor, pentru c\u0103 au pierdut. Este foarte greu de recunoscut, a\u0219a c\u0103 au recurs la urm\u0103torul truc, \u015fi spun c\u0103 pe 30 aprilie 2019, adic\u0103 ziua \u00een care ini\u021biativa a fost \u00eenregistrat\u0103 \u00een urma hot\u0103r\u00e2rii instan\u021bei \u0219i a \u00eenceput colectarea semn\u0103turilor, au \u00eenregistrat aceast\u0103 ini\u021biativ\u0103 \u00eentr-un mod limitat. Acest lucru nu s-a mai \u00eent\u00e2mplat p\u00e2n\u0103 acum, dar tot ce trebuie s\u0103 facem este s\u0103 scoatem documentul pe care ni l-au trimis, \u00een care nu exist\u0103 nicio afirma\u0163ie, nicio limitare, nicio restric\u021bie \u00een acest sens. Eu \u00een\u021beleg la ce anume au construit logica acestui fapt, deoarece dac\u0103 au pierdut procesul \u0219i dac\u0103 sus\u021bin c\u0103 ini\u0163iativa a fost \u00eenregistrat\u0103 \u00eentr-un mod limitat, atunci sunt o mul\u021bime de lucruri de care ar trebui s\u0103 se ocupe ast\u0103zi \u00een procesul legislativ. Ei spun scum c\u0103 nu a fost inclus\u0103 \u00een acea limit\u0103, nu s-a num\u0103rat printre limitele care, \u00een esen\u021b\u0103, nu existau. S\u0103 numim lucrurile pe nume: ei falsific\u0103, merg at\u00e2t de departe. Deci, documentul emis de ei, \u00een care este \u00eenregistrat\u0103 \u00een\u015ftiin\u0163area, este un fals comis \u00eentr-un document oficial, un fals de document. De altfel, \u00een asemenea situa\u0163ii instan\u021ba Uniunii Europene nu are competen\u021b\u0103, nu dispune de procedur\u0103 penal\u0103. \u00cen aceast\u0103 privin\u0163\u0103 nu ne putem adresa Cur\u0163ii de Justi\u0163ie a Uniunii Europene, deoarece aceasta nu se ocup\u0103 de cazuri penale. A\u0219 dori s\u0103 v\u0103 amintesc &#8211; de\u015fi nu are o leg\u0103tur\u0103 direct\u0103 cu subiectul, dar cititorul \u00ee\u0219i poate aminti anumite lucruri \u2013 c\u0103 \u00een cazul Evei Kaili, care a fost \u00a0prins\u0103 la Bruxelles cu o valiz\u0103 cu bani, Parchetul belgian a ac\u021bionat \u00eempotriva ei, deoarece acesta este instan\u0163a competent\u0103 \u00een Belgia. Parchetul belgian a fost cel care a dispus arestarea ei \u00eentr-un dosar penal \u015fi nu o institu\u021bie a Uniunii Europene. De ce? Pentru c\u0103 institu\u021biile europene nu au competen\u0163\u0103 de a ac\u021biona \u00een cazuri penale.<\/p>\n<p><em>&#8230; \u015fi care vor fi urm\u0103torii pa\u015fi, \u00eentreprinse de dumneavoastr\u0103?<\/em><\/p>\n<p>&#8211; Avem dou\u0103 luni la dispozi\u021bie, am primit notificarea pe 3 septembrie \u0219i avem la dispozi\u021bie p\u00e2n\u0103 pe 3 noiembrie s\u0103 lu\u0103m m\u0103suri \u00eenainte de a putea intenta o ac\u021biune la Curtea de Justi\u021bie a Uniunii Europene, deoarece aceast\u0103 notificare con\u021bine o decizie care ne afecteaz\u0103 \u0219i avem \u015fi obiec\u0163ii la mai multe aspecte din aceast\u0103 notificare, decizie.<\/p>\n<p>&#8230;<em>o alt\u0103 lung\u0103 b\u0103t\u0103lie \u00een instan\u021b\u0103&#8230;<\/em><\/p>\n<p>&#8211; Nu am obosit, pentru c\u0103 \u0219tim ce vrem, avem un obiectiv. \u00centre timp, \u00een paralel, \u00eencepem s\u0103 construim \u015fi Asocia\u021bia Regiunilor Na\u021bionale \u0219i cred c\u0103 dezbaterea \u00een sine, procesul \u00een sine despre aceast\u0103 ini\u021biativ\u0103 cet\u0103\u021beneasc\u0103 va consolida inten\u021bia, \u00een \u00eentreaga Europ\u0103, de a ac\u021biona \u00eempreun\u0103. Nu trebuie s\u0103 uit\u0103m c\u0103, dac\u0103 adun\u0103m popula\u021bia regiunilor na\u021bionale, ajungem la 55 de milioane de oameni. Aceasta, \u00een opinia mea, este o mare putere, \u00eentr-un fel ar fi poate a treia mare putere din Europa \u0219i are resurse pe care nu le-am folosit p\u00e2n\u0103 acum, pentru c\u0103 poate nu ne-am dat seama c\u0103 suntem dispersa\u0163i \u00een Europa, c\u0103 avem influen\u021b\u0103 \u00een fiecare \u021bar\u0103 din Europa, oric\u00e2t de mic\u0103 ar fi, dar, rezumat\u0103, poate \u00eensemna mult. A\u0219adar, dac\u0103 devenim con\u0219tien\u021bi c\u0103 tr\u0103im dispersa\u021bi \u00een Europa, regiunile na\u021bionale sunt dispersate, ceea ce ar putea deveni o mare putere, o mare \u021bar\u0103, care este capabil\u0103 s\u0103 organizeze institu\u021bii care ar putea avea o influen\u021b\u0103 foarte mare \u00een viitor asupra vie\u021bii economice \u0219i culturale\u00a0 a Uniunii Europene, atunci ne putem folosi de aceste resurse. Pe de alt\u0103 parte, Asocia\u021bia Regiunilor Na\u021bionale nu este un plan pe care l-am \u00eenaintat undeva. M-am g\u00e2ndit s\u0103 \u00eenfiin\u0163\u0103m un grup \u00een spa\u021biul virtual, din reprezentan\u021bi ai diferitelor regiuni, care nu va fi un organism formal, ci va fi legitim datorit\u0103 prezen\u021bei concrete a oamenilor, \u00a0care se pot al\u0103tura unui grup de pe Facebook din diferite \u021b\u0103ri. Tr\u0103im \u00eentr-o lume a digitaliz\u0103rii, \u00een care oamenii \u00ee\u0219i pot exprima opiniile, despre acest grup, iar avantajul imens este c\u0103 opiniile lor pot ajunge extrem de repede \u0219i \u00een extrem de multe locuri. La asta lucr\u0103m acum.<\/p>\n<p><em>La \u00eentrebarea, cum reac\u021bioneaz\u0103 publicul maghiar din Rom\u00e2nia la intrarea dronelor \u00een spa\u021biul aerian rom\u00e2nesc, ne-a explicat:<\/em><\/p>\n<p>&#8211; Personal, nu consider c\u0103 un obiect care intr\u0103 accidental \u00een spa\u021biul aerian este un act ostil. Mai r\u0103u este \u00eens\u0103 ceea ce se \u00eent\u00e2mpl\u0103 \u00een Uniunea European\u0103 \u0219i \u00een comunitatea celor care sunt gata de ac\u0163iune, ceea ce nu-mi place. Exist\u0103 o atmosfer\u0103 \u00een care scopul este escaladarea r\u0103zboiului, nu vor pace, ci ad\u00e2ncirea conflictului. Nu avem nevoie de asta. Ini\u021biativa \u00een sine, cu care unim regiunile na\u021bionale din Europa, este despre construc\u021bie. Vrem s\u0103 construim \u0219i nu s\u0103 distrugem, \u00een timp ce \u0219tirile sunt despre \u00eenarmare. La ce bun armele, s\u0103 ucid\u0103 oameni, s\u0103 distrug\u0103 cl\u0103diri. Nu vrem ca oamenii s\u0103 moar\u0103, nu vrem ca podurile, drumurile, cl\u0103dirile s\u0103 fie distruse, vrem s\u0103 construim \u0219i ne opunem ferm acestui concept, care arat\u0103 spre escaladarea conflictului.<\/p>\n<p><em>&#8230;sper\u0103m c\u0103 eforturile de pace ale lui Donald Trump vor avea rezultate \u00een cele din urm\u0103&#8230;<\/em><\/p>\n<p>&#8211; V\u0103d c\u0103 exist\u0103 un conflict armat \u00eentre Rusia \u0219i Ucraina, nu suntem parte la acest conflict armat \u0219i nu vrem s\u0103 fim. Exist\u0103 o propozi\u0163ie cu care mul\u021bi \u00eencearc\u0103 s\u0103 se adoarm\u0103, conform c\u0103reia a\u0219a-numitul punct 5 este valabil pentru statele membre ale NATO, respectiv NATO va ap\u0103ra acele \u021b\u0103ri care sunt atacate de un stat din afara NATO. Oamenii nu \u00ee\u0219i dau seama c\u0103 teritoriul \u021b\u0103rii pe care NATO o ap\u0103r\u0103 devine o zon\u0103 de r\u0103zboi. Deci, ap\u0103rarea \u00eenseamn\u0103 c\u0103 \u021bara pe care NATO o va ap\u0103ra va deveni o zon\u0103 de r\u0103zboi \u00eentre agresor \u0219i NATO. \u0218i nimeni nu vrea ca p\u0103m\u00e2ntul s\u0103u natal, \u0163ara sa s\u0103 devin\u0103 o zon\u0103 de r\u0103zboi.<\/p>\n<p>Interviul realizat de: Bal\u00e1zs Magdolna<\/p>\n<p>Foto: Sz\u00e9kelyhon<\/p>\n<p>&nbsp;<\/p>\n","protected":false},"excerpt":{"rendered":"<p>Conform deciziei Consiliului Na\u021bional Secuiesc (CNS) adoptat\u0103 \u00een 2015, ultima duminic\u0103 din octombrie este Ziua Autonomiei Secuie\u0219ti. CNS a lansat \u015fi \u00een acest <\/p>\n","protected":false},"author":1,"featured_media":8007,"comment_status":"open","ping_status":"open","sticky":false,"template":"","format":"standard","meta":{"footnotes":""},"categories":[9],"tags":[5192,5105,19,5106,1801,5193,36,4256],"class_list":["post-8006","post","type-post","status-publish","format-standard","has-post-thumbnail","hentry","category-interviuri","tag-autonomiei","tag-balazs","tag-cns","tag-izsak","tag-presedinte","tag-secuiesti","tag-stiri-fara-frontiere","tag-ziua"],"_links":{"self":[{"href":"https:\/\/hatarok-nelkul.com\/ro\/index.php?rest_route=\/wp\/v2\/posts\/8006","targetHints":{"allow":["GET"]}}],"collection":[{"href":"https:\/\/hatarok-nelkul.com\/ro\/index.php?rest_route=\/wp\/v2\/posts"}],"about":[{"href":"https:\/\/hatarok-nelkul.com\/ro\/index.php?rest_route=\/wp\/v2\/types\/post"}],"author":[{"embeddable":true,"href":"https:\/\/hatarok-nelkul.com\/ro\/index.php?rest_route=\/wp\/v2\/users\/1"}],"replies":[{"embeddable":true,"href":"https:\/\/hatarok-nelkul.com\/ro\/index.php?rest_route=%2Fwp%2Fv2%2Fcomments&post=8006"}],"version-history":[{"count":1,"href":"https:\/\/hatarok-nelkul.com\/ro\/index.php?rest_route=\/wp\/v2\/posts\/8006\/revisions"}],"predecessor-version":[{"id":8008,"href":"https:\/\/hatarok-nelkul.com\/ro\/index.php?rest_route=\/wp\/v2\/posts\/8006\/revisions\/8008"}],"wp:featuredmedia":[{"embeddable":true,"href":"https:\/\/hatarok-nelkul.com\/ro\/index.php?rest_route=\/wp\/v2\/media\/8007"}],"wp:attachment":[{"href":"https:\/\/hatarok-nelkul.com\/ro\/index.php?rest_route=%2Fwp%2Fv2%2Fmedia&parent=8006"}],"wp:term":[{"taxonomy":"category","embeddable":true,"href":"https:\/\/hatarok-nelkul.com\/ro\/index.php?rest_route=%2Fwp%2Fv2%2Fcategories&post=8006"},{"taxonomy":"post_tag","embeddable":true,"href":"https:\/\/hatarok-nelkul.com\/ro\/index.php?rest_route=%2Fwp%2Fv2%2Ftags&post=8006"}],"curies":[{"name":"wp","href":"https:\/\/api.w.org\/{rel}","templated":true}]}}