{"id":808,"date":"2015-03-04T19:36:10","date_gmt":"2015-03-04T17:36:10","guid":{"rendered":"http:\/\/hatarok-nelkul.com\/ro\/?p=808"},"modified":"2015-03-08T22:09:57","modified_gmt":"2015-03-08T20:09:57","slug":"opozitia-din-ungaria-nu-sustine-participarea-militarilor-ungari-impotriva-statului-islamic","status":"publish","type":"post","link":"https:\/\/hatarok-nelkul.com\/ro\/?p=808","title":{"rendered":"Opozi\u0163ia din Ungaria nu sus\u0163ine participarea militarilor ungari \u00eempotriva Statului Islamic"},"content":{"rendered":"<p style=\"text-align: justify;\"><a href=\"https:\/\/hatarok-nelkul.com\/ro\/wp-content\/uploads\/2015\/03\/428px-Hungarian_Army_during_Combined_Endeavor_2000.jpeg\"><img loading=\"lazy\" decoding=\"async\" class=\"size-thumbnail wp-image-817 alignleft\" alt=\"428px-Hungarian_Army_during_Combined_Endeavor_2000\" src=\"https:\/\/hatarok-nelkul.com\/ro\/wp-content\/uploads\/2015\/03\/428px-Hungarian_Army_during_Combined_Endeavor_2000-150x150.jpeg\" width=\"150\" height=\"150\" \/><\/a>Partidele ungare din opozi\u0163ie nu sus\u0163in participarea Ungariei \u00een coali\u0163ia interna\u0163ional\u0103 care lupt\u0103 \u00eempotriva organiza\u0163iei teroriste Statul Islamic, astfel c\u0103 negocierile \u00een acest sens au e\u015fuat, a declarat liderul grupului parlamentar al Fidesz, citat de portalul ungar hirado.hu. Antal Rog\u00e1n a declarat: &#8220;\u00cen urma unei propuneri, luni au avut negocieri luni cu cele cinci partide politice despre participarea Ungariei la coali\u0163ia interna\u0163ional\u0103 care lupt\u0103 \u00eempotriva organiza\u0163iei Statul Islamic. <!--more-->Discu\u0163iile s-au desf\u0103\u015furat \u00een prezen\u0163a ministrului ungar al ap\u0103r\u0103rii, Csaba Hende, \u00een\u0103 s-a dovedit c\u0103 partidele din opozi\u0163ie nu sus\u0163in participarea militarilor la aceast\u0103 coali\u0163ie. Dat fiind faptul c\u0103 partidele din arcul guvernamental nu mai dispun de o majoritate de dou\u0103 treimi pentru ca aceast\u0103 problem\u0103 s\u0103 treac\u0103 prin Parlament, grupul parlamentar al FIDESZ consider\u0103 c\u0103 negocirile prinvind participarea Ungariei s-au blocat&#8221;.\u00a0 Antal Rog\u00e1n a mai precizat c\u0103 \u00eel va informa pe ministrul de externe P\u00e9ter Szijj\u00e1rt\u00f3 despre rezultatul negocierilor, iar acesta va trebui s\u0103 decid\u0103 \u00eempreun\u0103 cu ministrul ap\u0103r\u0103rii dac\u0103 aceast\u0103 ini\u0163iativ\u0103 va fi men\u0163inut\u0103 \u00een continuare sau Ungaria va aborda o alt\u0103 form\u0103 a particip\u0103rii.<\/p>\n<p>Traducerea: P\u00e9terffy T\u00fcnde<\/p>\n","protected":false},"excerpt":{"rendered":"<p>Partidele ungare din opozi\u0163ie nu sus\u0163in participarea Ungariei \u00een coali\u0163ia interna\u0163ional\u0103 care lupt\u0103 \u00eempotriva organiza\u0163iei teroriste Statul Islamic, astfel c\u0103 negocierile \u00een acest <\/p>\n","protected":false},"author":1,"featured_media":0,"comment_status":"open","ping_status":"open","sticky":false,"template":"","format":"standard","meta":{"footnotes":""},"categories":[1],"tags":[],"class_list":["post-808","post","type-post","status-publish","format-standard","hentry","category-fara-categorie"],"_links":{"self":[{"href":"https:\/\/hatarok-nelkul.com\/ro\/index.php?rest_route=\/wp\/v2\/posts\/808","targetHints":{"allow":["GET"]}}],"collection":[{"href":"https:\/\/hatarok-nelkul.com\/ro\/index.php?rest_route=\/wp\/v2\/posts"}],"about":[{"href":"https:\/\/hatarok-nelkul.com\/ro\/index.php?rest_route=\/wp\/v2\/types\/post"}],"author":[{"embeddable":true,"href":"https:\/\/hatarok-nelkul.com\/ro\/index.php?rest_route=\/wp\/v2\/users\/1"}],"replies":[{"embeddable":true,"href":"https:\/\/hatarok-nelkul.com\/ro\/index.php?rest_route=%2Fwp%2Fv2%2Fcomments&post=808"}],"version-history":[{"count":3,"href":"https:\/\/hatarok-nelkul.com\/ro\/index.php?rest_route=\/wp\/v2\/posts\/808\/revisions"}],"predecessor-version":[{"id":818,"href":"https:\/\/hatarok-nelkul.com\/ro\/index.php?rest_route=\/wp\/v2\/posts\/808\/revisions\/818"}],"wp:attachment":[{"href":"https:\/\/hatarok-nelkul.com\/ro\/index.php?rest_route=%2Fwp%2Fv2%2Fmedia&parent=808"}],"wp:term":[{"taxonomy":"category","embeddable":true,"href":"https:\/\/hatarok-nelkul.com\/ro\/index.php?rest_route=%2Fwp%2Fv2%2Fcategories&post=808"},{"taxonomy":"post_tag","embeddable":true,"href":"https:\/\/hatarok-nelkul.com\/ro\/index.php?rest_route=%2Fwp%2Fv2%2Ftags&post=808"}],"curies":[{"name":"wp","href":"https:\/\/api.w.org\/{rel}","templated":true}]}}