{"id":8092,"date":"2025-12-01T18:52:46","date_gmt":"2025-12-01T16:52:46","guid":{"rendered":"https:\/\/hatarok-nelkul.com\/ro\/?p=8092"},"modified":"2025-12-01T18:53:50","modified_gmt":"2025-12-01T16:53:50","slug":"1-decembrie-ziua-nationala-a-romaniei-2","status":"publish","type":"post","link":"https:\/\/hatarok-nelkul.com\/ro\/?p=8092","title":{"rendered":"1 Decembrie \u2013 Ziua Na\u0163ional\u0103 a Rom\u00e2niei"},"content":{"rendered":"<p>Ziua de 1 Decembrie este cea mai important\u0103 s\u0103rb\u0103toare na\u021bional\u0103 a Rom\u00e2niei, deoarece marcheaz\u0103 Marea Unire din 1918. La Alba Iulia, \u00een cadrul Marii Adun\u0103ri Na\u021bionale, reprezentan\u021bii rom\u00e2nilor din Transilvania, Banat, Cri\u0219ana \u0219i Maramure\u0219 au votat unirea acestor provincii cu Rom\u00e2nia. Evenimentul a fost precedat de alte momente esen\u021biale: unirea Bucovinei, proclamat\u0103 la Cern\u0103u\u021bi, \u0219i decizia Sfatului \u021a\u0103rii din Basarabia, care a votat unirea cu Rom\u00e2nia la 27 martie 1918. Aceast\u0103 hot\u0103r\u00e2re a consfin\u021bit finalizarea procesului de formare a statului na\u021bional unitar rom\u00e2n, \u00eenceput \u00een 1859 prin unirea Moldovei cu \u021aara Rom\u00e2neasc\u0103 sub domnia lui Alexandru Ioan Cuza, continuat prin alipirea Dobrogei \u00een 1878 \u0219i finalizat \u00een 1918 prin unirea Basarabiei, Bucovinei \u0219i Transilvaniei, \u00een timpul regelui Ferdinand I.<\/p>\n<p>Recunoa\u0219terea interna\u021bional\u0103 a Marii Uniri s-a realizat treptat, prin mai multe tratate interna\u021bionale. Tratatul de la Saint-Germain, semnat pe 10 septembrie 1919, a confirmat unirea Bucovinei cu Rom\u00e2nia. Tratatul de la Trianon, semnat pe 4 iunie 1920, a recunoscut interna\u021bional unirea Transilvaniei, Banatului, Cri\u0219anei \u0219i Maramure\u0219ului cu Rom\u00e2nia. \u00cen ceea ce prive\u0219te Basarabia, unirea acesteia cu Rom\u00e2nia nu a fost recunoscut\u0103 pe deplin pe plan interna\u021bional, deoarece tratatele care ar fi putut s\u0103 o fac\u0103, semnate la Conferin\u021ba de Pace de la Paris, nu au intrat \u00een vigoare din cauza ratific\u0103rii incomplete \u0219i a opozi\u021biei Uniunii Sovietice. Aceste documente \u0219i decizii interna\u021bionale au consolidat treptat pozi\u021bia Rom\u00e2niei Mari pe plan legal \u0219i diplomatic, reflect\u00e2nd realizarea visului istoric al poporului rom\u00e2n din 1918.<\/p>\n<p>Cu ocazia Zilei Na\u0163ionale a Rom\u00e2niei secretarul de stat american, Marco Rubio, a transmis un mesaj de felicitare, \u00een care a eviden\u021biat partenariatul puternic \u0219i \u00een continu\u0103 dezvoltare \u00eentre cele dou\u0103 \u021b\u0103ri, bazat pe interese strategice comune. &#8220;\u00cen numele Statelor Unite ale Americii, felicit poporul rom\u00e2n cu ocazia Zilei Na\u021bionale. Statele Unite \u0219i Rom\u00e2nia \u00eemp\u0103rt\u0103\u0219esc un parteneriat puternic \u0219i \u00een continu\u0103 dezvoltare, bazat pe interese strategice comune \u00een domeniul securit\u0103\u021bii, cooper\u0103rii energetice \u0219i comer\u021bului&#8221;, afirm\u0103 Rubio, conform unui comunicat al Ambasadei SUA la Bucure\u0219ti.<\/p>\n<p>Un mesaj de felicitare a adresat rom\u00e2nilor \u015fi pre\u015fedintele Republicii Moldova cu ocazia zilei de 1 Decembrie, \u00een care a men\u0163ionat: Momentul istoric de la 1 decembrie 1918 reprezint\u0103 \u201eun moment care a deschis acum mai bine de un secol drumul spre pace, libertate \u015fi democra\u0163ie pentru poporul rom\u00e2n\u201d, iar aceste valori \u201esunt amenin\u0163ate acum mai mult ca oric\u00e2nd\u201d.<\/p>\n<p>Pre\u015fedintele Republicii Moldova a mai subliniat c\u0103 \u201eavem datoria s\u0103 onor\u0103m prin fapte eforturile \u015fi sacrificiile celor care au f\u0103cut posibil\u0103 decizia istoric\u0103 de la Alba Iulia\u201d.<\/p>\n<p>Sursa: digi24.ro\/mediafax.ro<\/p>\n<p>Foto: Digi 24<\/p>\n","protected":false},"excerpt":{"rendered":"<p>Ziua de 1 Decembrie este cea mai important\u0103 s\u0103rb\u0103toare na\u021bional\u0103 a Rom\u00e2niei, deoarece marcheaz\u0103 Marea Unire din 1918. La Alba Iulia, \u00een cadrul <\/p>\n","protected":false},"author":1,"featured_media":8093,"comment_status":"open","ping_status":"open","sticky":false,"template":"","format":"standard","meta":{"footnotes":""},"categories":[125],"tags":[5272,5274,5273,5118,4256],"class_list":["post-8092","post","type-post","status-publish","format-standard","has-post-thumbnail","hentry","category-interne","tag-a-romaniei","tag-de-felicitare","tag-mesaje","tag-nationala","tag-ziua"],"_links":{"self":[{"href":"https:\/\/hatarok-nelkul.com\/ro\/index.php?rest_route=\/wp\/v2\/posts\/8092","targetHints":{"allow":["GET"]}}],"collection":[{"href":"https:\/\/hatarok-nelkul.com\/ro\/index.php?rest_route=\/wp\/v2\/posts"}],"about":[{"href":"https:\/\/hatarok-nelkul.com\/ro\/index.php?rest_route=\/wp\/v2\/types\/post"}],"author":[{"embeddable":true,"href":"https:\/\/hatarok-nelkul.com\/ro\/index.php?rest_route=\/wp\/v2\/users\/1"}],"replies":[{"embeddable":true,"href":"https:\/\/hatarok-nelkul.com\/ro\/index.php?rest_route=%2Fwp%2Fv2%2Fcomments&post=8092"}],"version-history":[{"count":1,"href":"https:\/\/hatarok-nelkul.com\/ro\/index.php?rest_route=\/wp\/v2\/posts\/8092\/revisions"}],"predecessor-version":[{"id":8094,"href":"https:\/\/hatarok-nelkul.com\/ro\/index.php?rest_route=\/wp\/v2\/posts\/8092\/revisions\/8094"}],"wp:featuredmedia":[{"embeddable":true,"href":"https:\/\/hatarok-nelkul.com\/ro\/index.php?rest_route=\/wp\/v2\/media\/8093"}],"wp:attachment":[{"href":"https:\/\/hatarok-nelkul.com\/ro\/index.php?rest_route=%2Fwp%2Fv2%2Fmedia&parent=8092"}],"wp:term":[{"taxonomy":"category","embeddable":true,"href":"https:\/\/hatarok-nelkul.com\/ro\/index.php?rest_route=%2Fwp%2Fv2%2Fcategories&post=8092"},{"taxonomy":"post_tag","embeddable":true,"href":"https:\/\/hatarok-nelkul.com\/ro\/index.php?rest_route=%2Fwp%2Fv2%2Ftags&post=8092"}],"curies":[{"name":"wp","href":"https:\/\/api.w.org\/{rel}","templated":true}]}}