{"id":811,"date":"2015-03-04T19:50:04","date_gmt":"2015-03-04T17:50:04","guid":{"rendered":"http:\/\/hatarok-nelkul.com\/ro\/?p=811"},"modified":"2015-03-04T19:50:04","modified_gmt":"2015-03-04T17:50:04","slug":"udmr-propune-sarbatorirea-oficiala-a-zilei-limbii-maghiare","status":"publish","type":"post","link":"https:\/\/hatarok-nelkul.com\/ro\/?p=811","title":{"rendered":"UDMR propune s\u0103rb\u0103torirea oficial\u0103 a Zilei Limbii Maghiare"},"content":{"rendered":"<figure id=\"attachment_812\" aria-describedby=\"caption-attachment-812\" style=\"width: 150px\" class=\"wp-caption alignleft\"><a href=\"https:\/\/hatarok-nelkul.com\/ro\/wp-content\/uploads\/2015\/03\/UDMR.jpg\"><img loading=\"lazy\" decoding=\"async\" class=\"size-thumbnail wp-image-812 \" alt=\"UDMR\" src=\"https:\/\/hatarok-nelkul.com\/ro\/wp-content\/uploads\/2015\/03\/UDMR-150x150.jpg\" width=\"150\" height=\"150\" \/><\/a><figcaption id=\"caption-attachment-812\" class=\"wp-caption-text\">Sursa: www.rmdsz.ro<\/figcaption><\/figure>\n<p style=\"text-align: justify;\">Uniunea Democrat\u0103 Maghiar\u0103 din Rom\u00e2nia a propus s\u0103rb\u0103torirea oficial\u0103 a Zilei Limbii Maghiare, iar \u00een acest sens a \u00eenaintat Parlamentului de la Bucure\u015fti un proiect de lege, informeaz\u0103 MTI. Potrivit unui comunicat dat publicit\u0103\u0163ii de UDMR, proiectul de lege elaborat de grupul parlamentar al UDMR a fost \u00eenregistrat pe 3 martie. UDMR \u00a0propune ca data de 13 noiembrie s\u0103 fie declarat\u0103 oficial, \u00een Rom\u00e2nia, Ziua Limbii Maghiare. <!--more-->\u00cen opinia UDMR, \u00een aceast\u0103 zi vor putea fi organizate mai multe programe cu caracter cultural. De men\u0163ionat c\u0103 \u00een Rom\u00e2nia minoritatea ceh\u0103 \u015fi t\u0103tar\u0103 au o zi na\u0163ional\u0103 declarat\u0103 \u00een mod oficial.<\/p>\n<p style=\"text-align: justify;\">Traducerea: Sz\u00e9kely D\u00e9nes<\/p>\n<p>&nbsp;<\/p>\n","protected":false},"excerpt":{"rendered":"<p>Uniunea Democrat\u0103 Maghiar\u0103 din Rom\u00e2nia a propus s\u0103rb\u0103torirea oficial\u0103 a Zilei Limbii Maghiare, iar \u00een acest sens a \u00eenaintat Parlamentului de la Bucure\u015fti <\/p>\n","protected":false},"author":1,"featured_media":0,"comment_status":"open","ping_status":"open","sticky":false,"template":"","format":"standard","meta":{"footnotes":""},"categories":[1],"tags":[],"class_list":["post-811","post","type-post","status-publish","format-standard","hentry","category-fara-categorie"],"_links":{"self":[{"href":"https:\/\/hatarok-nelkul.com\/ro\/index.php?rest_route=\/wp\/v2\/posts\/811","targetHints":{"allow":["GET"]}}],"collection":[{"href":"https:\/\/hatarok-nelkul.com\/ro\/index.php?rest_route=\/wp\/v2\/posts"}],"about":[{"href":"https:\/\/hatarok-nelkul.com\/ro\/index.php?rest_route=\/wp\/v2\/types\/post"}],"author":[{"embeddable":true,"href":"https:\/\/hatarok-nelkul.com\/ro\/index.php?rest_route=\/wp\/v2\/users\/1"}],"replies":[{"embeddable":true,"href":"https:\/\/hatarok-nelkul.com\/ro\/index.php?rest_route=%2Fwp%2Fv2%2Fcomments&post=811"}],"version-history":[{"count":1,"href":"https:\/\/hatarok-nelkul.com\/ro\/index.php?rest_route=\/wp\/v2\/posts\/811\/revisions"}],"predecessor-version":[{"id":813,"href":"https:\/\/hatarok-nelkul.com\/ro\/index.php?rest_route=\/wp\/v2\/posts\/811\/revisions\/813"}],"wp:attachment":[{"href":"https:\/\/hatarok-nelkul.com\/ro\/index.php?rest_route=%2Fwp%2Fv2%2Fmedia&parent=811"}],"wp:term":[{"taxonomy":"category","embeddable":true,"href":"https:\/\/hatarok-nelkul.com\/ro\/index.php?rest_route=%2Fwp%2Fv2%2Fcategories&post=811"},{"taxonomy":"post_tag","embeddable":true,"href":"https:\/\/hatarok-nelkul.com\/ro\/index.php?rest_route=%2Fwp%2Fv2%2Ftags&post=811"}],"curies":[{"name":"wp","href":"https:\/\/api.w.org\/{rel}","templated":true}]}}