{"id":814,"date":"2015-03-08T22:04:52","date_gmt":"2015-03-08T20:04:52","guid":{"rendered":"http:\/\/hatarok-nelkul.com\/ro\/?p=814"},"modified":"2015-03-08T22:04:52","modified_gmt":"2015-03-08T20:04:52","slug":"reprezentantii-guvernului-ungariei-cnmt-ramane-un-partener-strategic","status":"publish","type":"post","link":"https:\/\/hatarok-nelkul.com\/ro\/?p=814","title":{"rendered":"Reprezentan\u0163ii Guvernului Ungariei: CNMT r\u0103m\u00e2ne un partener strategic"},"content":{"rendered":"<figure id=\"attachment_815\" aria-describedby=\"caption-attachment-815\" style=\"width: 150px\" class=\"wp-caption alignleft\"><a href=\"https:\/\/hatarok-nelkul.com\/ro\/wp-content\/uploads\/2015\/03\/emnp-budapesten_b.jpg\"><img loading=\"lazy\" decoding=\"async\" class=\"size-thumbnail wp-image-815 \" alt=\"emnp-budapesten_b\" src=\"https:\/\/hatarok-nelkul.com\/ro\/wp-content\/uploads\/2015\/03\/emnp-budapesten_b-150x150.jpg\" width=\"150\" height=\"150\" \/><\/a><figcaption id=\"caption-attachment-815\" class=\"wp-caption-text\">Sursa:www.kronika.ro<\/figcaption><\/figure>\n<p style=\"text-align: justify;\">Situa\u0163ia Universit\u0103\u0163ii de Medicin\u0103 \u015fi Farmacie (UMF) din T\u00e2rgu Mure\u015f \u015fi a Colegiului Secuiesc Mik\u00f3 din Sf\u00e2ntu Gheorghe, precum \u015fi restric\u0163ionarea s\u0103rb\u0103toririi Zilei Libert\u0103\u0163ii Secuie\u015fti &#8211; aceste au fost subiectele analizate la \u00eent\u00e2lnirea, care a avut loc recent, la Budapesta, a vicepremierului pentru politica na\u0163ional\u0103 Zsolt Semj\u00e9n \u015fi al\u0163i repezentan\u0163i ai Guvernului ungar cu conducerea Partidului Popular Maghiar din Transilvania (PPMT), informeaz\u0103 MTI.<!--more--><\/p>\n<p style=\"text-align: justify;\">Potrivit unui comunicat remis Agen\u0163iei MTI de Cancelaria Primului-ministru al Ungariei, liderii PPMT, pre\u015fedintele Zsolt Szil\u00e1gyi \u015fi vicepre\u015fedin\u0163ii Gyula Zatyk\u00f3 \u015fi Zolt\u00e1n Zakari\u00e1s au fost primi\u0163i de vicepremierul pentru politica na\u0163ional\u0103 Zsolt Semj\u00e9n, de secretarul de stat pentru politica na\u0163ional\u0103 \u00c1rp\u00e1d\u00a0 J\u00e1nos Pot\u00e1pi \u015fi de adjunctul secretarului de stat pentru politica na\u0163ional\u0103, Tam\u00e1s Wetzel. Liderii PPMT au prezentat rezultatele congresului partidului care a avut loc recent, \u00een cadrul c\u0103ruia a fost aleas\u0103 noua conducere a PPMT, \u015fi au analizat \u00eempreun\u0103 cu reprezentan\u0163ii Guvernului ungar chestiunile actuale ale politicii na\u0163ionale. Potrivit comunicatului,\u00a0 reprezentan\u0163ii Guvernului ungar i-au asigurat pe liderii PPMT c\u0103 re\u0163eaua Centrelor Democra\u0163iei care func\u0163ioneaz\u0103 sub egida Consiliului Na\u0163ional Maghiar din Transilvania (CNMT) r\u0103m\u00e2ne un partener strategic al Executivului de la Budapesta, care conteaz\u0103 \u015fi \u00een viitor pe ajutorul oferit de aceste Centre ale Democra\u0163iei \u00een procesul de naturalizare. La finalul \u00eent\u00e2lnirii, p\u0103r\u0163ile au discutat despre situa\u0163ia din Ucraina \u015fi \u015fi-au exprimat \u00eengrijorarea cu privire la situa\u0163ia maghiarilor din Transcarpatia. Reprezentan\u0163ii Guvernului ungar au reiterat pozi\u0163ia lor ferm\u0103, potrivit c\u0103reia conflictul din Ucraina poate fi reglementat exclusiv pe cale pa\u015fnic\u0103 \u015fi a negocierilor, se mai arat\u0103 \u00een comunicat.<\/p>\n<p style=\"text-align: justify;\">Traducerea: P\u00e9terffy T\u00fcnde<\/p>\n<p>&nbsp;<\/p>\n","protected":false},"excerpt":{"rendered":"<p>Situa\u0163ia Universit\u0103\u0163ii de Medicin\u0103 \u015fi Farmacie (UMF) din T\u00e2rgu Mure\u015f \u015fi a Colegiului Secuiesc Mik\u00f3 din Sf\u00e2ntu Gheorghe, precum \u015fi restric\u0163ionarea s\u0103rb\u0103toririi Zilei <\/p>\n","protected":false},"author":1,"featured_media":0,"comment_status":"open","ping_status":"open","sticky":false,"template":"","format":"standard","meta":{"footnotes":""},"categories":[1],"tags":[],"class_list":["post-814","post","type-post","status-publish","format-standard","hentry","category-fara-categorie"],"_links":{"self":[{"href":"https:\/\/hatarok-nelkul.com\/ro\/index.php?rest_route=\/wp\/v2\/posts\/814","targetHints":{"allow":["GET"]}}],"collection":[{"href":"https:\/\/hatarok-nelkul.com\/ro\/index.php?rest_route=\/wp\/v2\/posts"}],"about":[{"href":"https:\/\/hatarok-nelkul.com\/ro\/index.php?rest_route=\/wp\/v2\/types\/post"}],"author":[{"embeddable":true,"href":"https:\/\/hatarok-nelkul.com\/ro\/index.php?rest_route=\/wp\/v2\/users\/1"}],"replies":[{"embeddable":true,"href":"https:\/\/hatarok-nelkul.com\/ro\/index.php?rest_route=%2Fwp%2Fv2%2Fcomments&post=814"}],"version-history":[{"count":1,"href":"https:\/\/hatarok-nelkul.com\/ro\/index.php?rest_route=\/wp\/v2\/posts\/814\/revisions"}],"predecessor-version":[{"id":816,"href":"https:\/\/hatarok-nelkul.com\/ro\/index.php?rest_route=\/wp\/v2\/posts\/814\/revisions\/816"}],"wp:attachment":[{"href":"https:\/\/hatarok-nelkul.com\/ro\/index.php?rest_route=%2Fwp%2Fv2%2Fmedia&parent=814"}],"wp:term":[{"taxonomy":"category","embeddable":true,"href":"https:\/\/hatarok-nelkul.com\/ro\/index.php?rest_route=%2Fwp%2Fv2%2Fcategories&post=814"},{"taxonomy":"post_tag","embeddable":true,"href":"https:\/\/hatarok-nelkul.com\/ro\/index.php?rest_route=%2Fwp%2Fv2%2Ftags&post=814"}],"curies":[{"name":"wp","href":"https:\/\/api.w.org\/{rel}","templated":true}]}}