{"id":8250,"date":"2026-04-29T05:57:13","date_gmt":"2026-04-29T02:57:13","guid":{"rendered":"https:\/\/hatarok-nelkul.com\/ro\/?p=8250"},"modified":"2026-04-29T05:58:51","modified_gmt":"2026-04-29T02:58:51","slug":"presedintele-aliantei-maghiare-din-transilvania-zoltan-zakarias-paraseste-grupul-udmr-din-camera-deputatilor","status":"publish","type":"post","link":"https:\/\/hatarok-nelkul.com\/ro\/?p=8250","title":{"rendered":"Pre\u0219edintele Alian\u0163ei Maghiare din Transilvania,  Zolt\u00e1n Zakari\u00e1s, p\u0103r\u0103se\u0219te grupul UDMR din Camera Deputa\u021bilor"},"content":{"rendered":"<p>Pre\u0219edintele Alian\u0163ei Maghiare din Transilvania (AMT), Zolt\u00e1n Zakari\u00e1s, p\u0103r\u0103se\u0219te grupul parlamentar al Uniunii Democrate Maghiare din Rom\u00e2nia (UDMR) din Camera Deputa\u021bilor \u0219i \u00ee\u0219i va continua activitatea ca deputat independent, a anun\u021bat politicianul maghiar transilv\u0103nean, mar\u021bi, la o conferin\u021b\u0103 de pres\u0103 sus\u0163inut\u0103 la Cluj-Napoca. Potrivit UDMR, politicianul care p\u0103r\u0103se\u0219te grupul trebui s\u0103 renun\u0163e \u015fi la mandatul s\u0103u parlamentar.<\/p>\n<p>Zolt\u00e1n Zakari\u00e1s a precizat c\u0103 decizia a fost luat\u0103 la \u0219edin\u021ba Comitetului Executiv Na\u0163ional al celui mai mic partid din Transilvania, care a avut loc la T\u00e2rgu Mure\u015f \u00een urm\u0103 cu zece zile. La nivel regional \u0219i local, UDMR se comport\u0103 ca \u0219i cum AMT ar fi &#8220;platforma sa subordonat\u0103&#8221;, \u00eencerc\u0103 s\u0103 estompeze identitatea \u0219i imaginea independent\u0103 a alian\u0163ei, motiv pentru care a fost luat\u0103 aceast\u0103 decizie, a explicat Zakari\u00e1s.<\/p>\n<p>Pre\u015fedintele AMT a subliniat c\u0103 societatea maghiar\u0103 din Transilvania are nevoie de &#8220;un pluralism politic s\u0103n\u0103tos&#8221; la alegerile din Rom\u00e2nia, din 2028. Iar, AMT a fost \u00eenfiin\u021bat\u0103 pentru a asigura\u00a0 maghiarilor din Transilvania &#8220;o oportunitate electoral\u0103 clar\u0103, bazat\u0103 pe valori&#8221;.<\/p>\n<p>Zolt\u00e1n Zakari\u00e1s a c\u00e2\u0219tigat mandatul \u00een Parlamentul rom\u00e2n pe lista UDMR \u00een urma cooper\u0103rii electorale \u00eencheiate \u00eentre AMT \u015fi UDMR \u00een anul electoral din 2024. UDMR a \u00eencheiat, de asemenea, un acord de cooperare \u015fi cu cel\u0103lalt partid maghiar mai mic din Transilvania, For\u021ba Civic\u0103 Maghiar\u0103 (FCM), astfel \u015fi pre\u0219edintele interimar al FCM, J\u00f3zsef Kulcs\u00e1r-Terza, a c\u00e2\u0219tigat un mandat \u00een Parlamentul de la Bucure\u015fti.<\/p>\n<p>La conferin\u021ba de pres\u0103 sus\u021binut\u0103 \u00een prezen\u021ba membrilor conducerii partidului, pre\u0219edintele AMT a amintit: cooperarea electoral\u0103 a fost un succes, rezult\u00e2nd un num\u0103r record de mandate pentru maghiarii din Transilvania at\u00e2t \u00een \u200b\u200bSenat, c\u00e2t \u0219i \u00een Camera Deputa\u0163ilor.<\/p>\n<p>El a subliniat: conform pozi\u021biei AMT, cooperarea ar fi putut continua \u015fi \u00een &#8220;perioada de pace&#8221; dintre alegeri, conform principiilor stabilite \u00een preambulul acordului de cooperare &#8211; cum ar fi recunoa\u0219terea \u0219i acceptarea pluralismului politic maghiar \u00een Transilvania \u0219i recunoa\u0219terea reciproc\u0103 a organiza\u021biilor politice &#8211; dar din partea UDMR nu a existat &#8220;receptivitate&#8221; \u00een acest sens.<\/p>\n<p>Potrivit lui Zolt\u00e1n Zakari\u00e1s, ideea plec\u0103rii a fost formulat\u0103 mai de mult, \u00eens\u0103 Comitetul Executiv Na\u0163ional al alian\u0163ei a a\u0219teptat desf\u0103\u015furarea alegerilor din Rom\u00e2nia \u0219i Ungaria pentru a lua o decizie. Zakari\u00e1s a men\u0163ionat c\u0103 \u00ee\u0219i va anun\u021ba demisia miercuri, la Bucure\u0219ti.<\/p>\n<p>El a subliniat c\u0103 activitatea sa parlamentar\u0103 a fost \u0219i va continua s\u0103 fie desf\u0103\u0219urat\u0103 \u00een interesul aleg\u0103torilor maghiari \u0219i r\u0103m\u00e2ne deschis cooper\u0103rii cu fac\u021biunea UDMR \u00een reprezentarea intereselor comunit\u0103\u021bii maghiare.<\/p>\n<p>Vicepre\u0219edintele AMT, Hunor-J\u00e1nos Koncz, primarul ora\u0219ului Cristuru Secuiesc, a declarat c\u0103 decizia de retragere este &#8220;clar\u0103 \u0219i lipsit\u0103 de ambiguitate&#8221;. Aceasta i-a conferit lui Zolt\u00e1n Zakari\u00e1s \u00eemputernicirea de a continua s\u0103 reprezinte electoratul maghiar din Transilvania, \u00een afara fac\u021biunii UDMR, \u00een Parlamentul de la Bucure\u0219ti.<\/p>\n<p>Potrivit vicepre\u0219edintelui Istv\u00e1n Csomort\u00e1nyi, mandatul din Camera Deputa\u0163ilor este un instrument foarte important pentru AMT. &#8220;Acesta nu este un mandat UDMR, ci mandatul aleg\u0103torilor \u0219i sus\u021bin\u0103torilor Alian\u021bei Maghiare din Transilvania, care, bine\u00een\u021beles, trebuie dus mai departe&#8221;, a spus Csomort\u00e1nyi, care a amintit printre motivele decizei Comitetului Executiv Na\u0163ional c\u0103 UDMR a \u00eenc\u0103lcat \u00een\u0163elegerea de cooperare \u00eencheiat\u0103 pentru cele patru alegeri din Rom\u00e2nia, \u00een 2024, imediat dup\u0103 alegerile locale.El a amintit \u015fi de faptul c\u0103 organiza\u021bia condus\u0103 de Hunor Kelemen s-a &#8220;distan\u021bat pe multe puncte&#8221; de comunitatea maghiar\u0103 din Transilvania \u015fi se refer\u0103 la interesele \u015fi voin\u0163a acestei comunit\u0103\u0163i numai dac\u0103 este &#8220;convenabil&#8221; pentru ea.. Ca exemplu, el a amintit c\u0103 UDMR nu s-a consultat nici cu AMT \u015fi nici cu maghiarii din Transilvania cu privire la austeritatea \u015fi deciziile luate \u00een coali\u021bia guvernamental\u0103.<\/p>\n<p>R\u0103spunz\u00e2nd la \u00eentrebarea MTI,\u00a0 Zolt\u00e1n Zakari\u00e1s a spus c\u0103 decizia Comitetului Executiv Na\u0163ional al AMT nu are leg\u0103tur\u0103 cu criza guvernamental\u0103 de la Bucure\u0219ti, despre care are o opinie clar\u0103. El consider\u0103 Partidul Social Democrat (PSD) este responsabil pentru declan\u0219area acesteia \u0219i nu va vota pentru mo\u021biunea de cenzut\u0103 a partidului, ini\u021biat\u0103 \u00een comun cu Alian\u021ba pentru Unitatea Rom\u00e2nilor (AUR).<\/p>\n<p>El a precizat: manifest\u0103 o deschidere total\u0103 fa\u0163\u0103 de fac\u0163iunea UMDR, dar nu exclude c\u0103 din partea fac\u0163iunii vor exista, probabil, &#8220;represalii administrative minore&#8221; \u00een ceea ce prive\u0219te utilizarea infrastructurii \u0219i accesul la informa\u021bii \u0219i, probabil, va trebui s\u0103 p\u0103r\u0103seasc\u0103 \u0219i comisiile de specialitate.<\/p>\n<p>R\u0103spunz\u00e2nd la \u00eentrebarea unui jurnalist,\u00a0 Zolt\u00e1n Zakari\u00e1s a spus c\u0103 nu are \u00een plan s\u0103 se al\u0103ture fac\u021biunii formate din reprezentan\u021bi ai altor minorit\u0103\u021bi din Rom\u00e2nia, deoarece caracteristicile unor minorit\u0103\u021bi sunt mai pu\u021bin reprezentate \u00een cadrul acesteia. De asemenea, nu ar exista nicio baz\u0103 pentru o colaborare, \u00eentruc\u00e2t fac\u021biunea minoritar\u0103 nici m\u0103car nu a sus\u021binut proiectul de lege privind autonomia cultural\u0103 pe care l-a depus anterior, a ad\u0103ugat el.<\/p>\n<p>Zolt\u00e1n Zakari\u00e1s a anun\u021bat \u00een cadrul conferin\u021bei de pres\u0103 c\u0103 Comitetul Executiv Na\u0163ional al AMT a decis s\u0103 ini\u021bieze negocieri cu toate partidele care au intrat \u00een Parlamentul de la Budapesta pentru a discuta despre chestiunile legate de politic\u0103 na\u021bional\u0103 \u0219i situa\u021bia maghiarilor din Transilvania.<\/p>\n<p>Botond Csoma, purt\u0103torul de cuv\u00e2nt al UDMR, a reac\u0163ionat la anun\u021bul f\u0103cut de Zolt\u00e1n Zakari\u00e1s, declar\u00e2nd c\u0103 pre\u0219edintele AMT a p\u0103r\u0103sit &#8220;fac\u021biunea unit\u0103\u021bii maghiare&#8221;. \u00centr-un videoclip postat pe pagina de Facebook a UDMR, liderul grupului parlamentar al UDMR \u00een Camera Deputa\u0163ilor a subliniat c\u0103 la alegerile parlamentare din Rom\u00e2nia din 2024, poporul maghiar din Transilvania &#8220;a votat pentru unitate, nu pentru o politic\u0103 separat\u0103&#8221;, iar pre\u0219edintele AMT a reu\u0219it s\u0103 ob\u021bin\u0103 un mandat datorit\u0103 acestui fapt.<\/p>\n<p>&#8220;Colaborarea a durat p\u00e2n\u0103 acum pentru el. Am luat act de decizia sa, dar cerem o demisie de onoare&#8221;, a spus Botond Csoma, care a ad\u0103ugat c\u0103 pentru UDMR nu este suficient ca Zolt\u00e1n Zakari\u00e1s s\u0103 p\u0103r\u0103seasc\u0103 fac\u021biunea; el trebuie s\u0103 &#8220;restituie&#8221; \u0219i mandatul s\u0103u parlamentar. &#8220;A\u015fa ar fi corect!&#8221;, a subliniat Botond Csoma \u00een videoclipul s\u0103u.<\/p>\n<p>Sursa: MTI<\/p>\n<p>Traducerea: P\u00e9terfy T\u00fcnde<\/p>\n<p>Foto: Magyar Hirlap<\/p>\n","protected":false},"excerpt":{"rendered":"<p>Pre\u0219edintele Alian\u0163ei Maghiare din Transilvania (AMT), Zolt\u00e1n Zakari\u00e1s, p\u0103r\u0103se\u0219te grupul parlamentar al Uniunii Democrate Maghiare din Rom\u00e2nia (UDMR) din Camera Deputa\u021bilor \u0219i \u00ee\u0219i <\/p>\n","protected":false},"author":1,"featured_media":8251,"comment_status":"open","ping_status":"open","sticky":false,"template":"","format":"standard","meta":{"footnotes":""},"categories":[125],"tags":[4276,5427,1932,5428,4570,1801,36,53,5426,5425],"class_list":["post-8250","post","type-post","status-publish","format-standard","has-post-thumbnail","hentry","category-interne","tag-amt","tag-camera","tag-demisioneaza","tag-deputatilor","tag-grupul","tag-presedinte","tag-stiri-fara-frontiere","tag-udmr","tag-zakarias","tag-zoltan"],"_links":{"self":[{"href":"https:\/\/hatarok-nelkul.com\/ro\/index.php?rest_route=\/wp\/v2\/posts\/8250","targetHints":{"allow":["GET"]}}],"collection":[{"href":"https:\/\/hatarok-nelkul.com\/ro\/index.php?rest_route=\/wp\/v2\/posts"}],"about":[{"href":"https:\/\/hatarok-nelkul.com\/ro\/index.php?rest_route=\/wp\/v2\/types\/post"}],"author":[{"embeddable":true,"href":"https:\/\/hatarok-nelkul.com\/ro\/index.php?rest_route=\/wp\/v2\/users\/1"}],"replies":[{"embeddable":true,"href":"https:\/\/hatarok-nelkul.com\/ro\/index.php?rest_route=%2Fwp%2Fv2%2Fcomments&post=8250"}],"version-history":[{"count":1,"href":"https:\/\/hatarok-nelkul.com\/ro\/index.php?rest_route=\/wp\/v2\/posts\/8250\/revisions"}],"predecessor-version":[{"id":8252,"href":"https:\/\/hatarok-nelkul.com\/ro\/index.php?rest_route=\/wp\/v2\/posts\/8250\/revisions\/8252"}],"wp:featuredmedia":[{"embeddable":true,"href":"https:\/\/hatarok-nelkul.com\/ro\/index.php?rest_route=\/wp\/v2\/media\/8251"}],"wp:attachment":[{"href":"https:\/\/hatarok-nelkul.com\/ro\/index.php?rest_route=%2Fwp%2Fv2%2Fmedia&parent=8250"}],"wp:term":[{"taxonomy":"category","embeddable":true,"href":"https:\/\/hatarok-nelkul.com\/ro\/index.php?rest_route=%2Fwp%2Fv2%2Fcategories&post=8250"},{"taxonomy":"post_tag","embeddable":true,"href":"https:\/\/hatarok-nelkul.com\/ro\/index.php?rest_route=%2Fwp%2Fv2%2Ftags&post=8250"}],"curies":[{"name":"wp","href":"https:\/\/api.w.org\/{rel}","templated":true}]}}