{"id":854,"date":"2015-03-24T11:32:52","date_gmt":"2015-03-24T09:32:52","guid":{"rendered":"http:\/\/hatarok-nelkul.com\/ro\/?p=854"},"modified":"2015-03-24T11:32:52","modified_gmt":"2015-03-24T09:32:52","slug":"interviu-cu-vicepresedintele-politic-al-udmr-laszlo-borbely","status":"publish","type":"post","link":"https:\/\/hatarok-nelkul.com\/ro\/?p=854","title":{"rendered":"Interviu cu vicepre\u015fedintele politic al UDMR, L\u00e1szl\u00f3 Borb\u00e9ly"},"content":{"rendered":"<figure id=\"attachment_855\" aria-describedby=\"caption-attachment-855\" style=\"width: 150px\" class=\"wp-caption alignleft\"><a href=\"https:\/\/hatarok-nelkul.com\/ro\/wp-content\/uploads\/2015\/03\/laszlo_borbely_vicepresedinte_politic_udmr_despre_guvernul_restructurat_si_motiunea_de_cenzura.jpg\"><img loading=\"lazy\" decoding=\"async\" class=\"size-thumbnail wp-image-855 \" alt=\"laszlo_borbely_vicepresedinte_politic_udmr_despre_guvernul_restructurat_si_motiunea_de_cenzura\" src=\"https:\/\/hatarok-nelkul.com\/ro\/wp-content\/uploads\/2015\/03\/laszlo_borbely_vicepresedinte_politic_udmr_despre_guvernul_restructurat_si_motiunea_de_cenzura-150x150.jpg\" width=\"150\" height=\"150\" \/><\/a><figcaption id=\"caption-attachment-855\" class=\"wp-caption-text\">Sursa:www.rfi.ro<\/figcaption><\/figure>\n<p style=\"text-align: justify;\">Ministrul ungar pentru dezvoltare na\u0163ional\u0103, Mikl\u00f3s Seszt\u00e1k a efectuat recent o vizit\u0103 de lucru de patru zile \u00een Transilvania, la invita\u0163ia UDMR. Cu acest prilej oficialul ungar s-a \u00eent\u00e2lnit cu liderii administra\u0163iilor locale \u015fi cu oameni de afaceri. Referitor la concluziile acestei vizite, l-am \u00eentrebat pe vicepre\u015fedintele politic al Uniunii Democrate Maghiare din Rom\u00e2nia.<\/p>\n<p style=\"text-align: justify;\">L\u00e1szl\u00f3 Borb\u00e9ly a precizat c\u0103 vizita ministrului Mikl\u00f3s Seszt\u00e1k a reprezentat un semnal.<!--more--> \u201e\u015etim c\u0103 rela\u0163iile rom\u00e2no-ungare ar putea s\u0103 fie mai bune chiar, dac\u0103 domnul ministru a vizitat doar unele localit\u0103\u0163i din Transilvania, la invita\u0163ia noastr\u0103. Aceast\u0103 vizit\u0103 poate influen\u0163a, f\u0103r\u0103 \u00eendoial\u0103, \u00een mod pozitiv rela\u0163iile economice bilaterale. Cred c\u0103 tot ceea ce a reprezentat aici domnul ministru, este de fapt ceea ce reprezint\u0103 Guvernul ungar, dat fiind faptul c\u0103 este vorba despre o \u0163ar\u0103 vecin\u0103 strategic\u0103. Mai cu seam\u0103, dac\u0103 ne uit\u0103m \u015fi aici, \u00een Transilvania, ce fel de investi\u0163ii, colabor\u0103ri s-au realizat. Cred c\u0103 mai este mult de f\u0103cut, astfel c\u0103 am convingerea c\u0103 vizita ministrului ungar are o importan\u0163\u0103 major\u0103. \u00cen urma discu\u0163iilor purtate cu liderii administra\u0163iilor locale \u015fi cu oameni de afaceri am putut identifica unele posibilit\u0103\u0163i. Desigur, vorbim despre economia de pia\u0163\u0103. Exist\u0103 posibilit\u0103\u0163i de cooperare, fie pe baza unor proiecte UE, fie pe baza anumitor ini\u0163iative care sunt foarte importante pentru comunit\u0103\u0163ile locale din aceast\u0103 regiune. Astfel c\u0103 vizita a fost important\u0103 at\u00e2t din punct de vedere na\u0163ional, c\u00e2t \u015fi economic\u201d.<\/p>\n<p style=\"text-align: justify;\">Referitor la ini\u0163iativa lansat\u0103 la s\u0103rb\u0103toarea Zilei Libert\u0103\u0163ii Secuie\u015fti de pre\u015fedintele CJ Covasna, S\u00e1ndor Tam\u00e1s organiza\u0163ilor politice maghiare din Transilvania cu privire la organizarea unei demonstra\u0163ii pentru sus\u0163inerea autonomiei, dup\u0103 modelul Marelui Mar\u015f al Secuilor, organizat de Consiliul Na\u0163ional Secuiesc, \u00een octombrie 2013, L\u00e1szl\u00f3 Borb\u00e9ly a spus c\u0103 \u201ea fost o ini\u0163iativ\u0103 lansat\u0103 de un membru al UDMR\u201d \u0219i a continuat accentu\u00e2nd necesitatea dialogului, promovat recent \u00een cadrul unui seminar organizat la Funda\u021bia Bern\u00e1di din T\u00e2rgu Mure\u0219, \u0219i importan\u021ba unei rela\u021bii de comunicare cu societatea rom\u00e2neasc\u0103.<\/p>\n<p style=\"text-align: justify;\">La \u00eentrebarea, cum comenteaz\u0103 afirma\u0163ia rostit\u0103 de pre\u015fedintele Asocia\u0163iei pentru \u0162inutul Secuiesc din Ungaria, Gy\u00f6rgy M\u00f3zes \u00c1rp\u00e1d, cu prilejul Zilei Libert\u0103\u0163ii Secuie\u015fti, potrivit c\u0103reia Rom\u00e2nia este Statul Islamic al Uniunii Europene a secolului 21, vicepre\u015fedintele politic al UDMR a precizat: \u201e Este un exemplu al modului de a face r\u0103u cuiva de c\u0103tre cineva. Cauza respectiv\u0103 nu poate fi ajutat\u0103 cu asemenea declara\u0163ii. Categoric, nu pot fi de acord cu aceast\u0103 afirma\u0163ie. Desigur, exist\u0103 anumite ini\u0163iative din partea societ\u0103\u0163ii rom\u00e2ne prin care vor s\u0103 ne \u015ftirbeasc\u0103 drepturile noastre, dar asemenea declara\u0163ii, categoric, nu ajut\u0103 pe nimeni\u201d.<\/p>\n<p style=\"text-align: justify;\">Interviu realizat de: Bal\u00e1zs Magdolna<\/p>\n","protected":false},"excerpt":{"rendered":"<p>Ministrul ungar pentru dezvoltare na\u0163ional\u0103, Mikl\u00f3s Seszt\u00e1k a efectuat recent o vizit\u0103 de lucru de patru zile \u00een Transilvania, la invita\u0163ia UDMR. Cu <\/p>\n","protected":false},"author":1,"featured_media":0,"comment_status":"open","ping_status":"open","sticky":false,"template":"","format":"standard","meta":{"footnotes":""},"categories":[1],"tags":[],"class_list":["post-854","post","type-post","status-publish","format-standard","hentry","category-fara-categorie"],"_links":{"self":[{"href":"https:\/\/hatarok-nelkul.com\/ro\/index.php?rest_route=\/wp\/v2\/posts\/854","targetHints":{"allow":["GET"]}}],"collection":[{"href":"https:\/\/hatarok-nelkul.com\/ro\/index.php?rest_route=\/wp\/v2\/posts"}],"about":[{"href":"https:\/\/hatarok-nelkul.com\/ro\/index.php?rest_route=\/wp\/v2\/types\/post"}],"author":[{"embeddable":true,"href":"https:\/\/hatarok-nelkul.com\/ro\/index.php?rest_route=\/wp\/v2\/users\/1"}],"replies":[{"embeddable":true,"href":"https:\/\/hatarok-nelkul.com\/ro\/index.php?rest_route=%2Fwp%2Fv2%2Fcomments&post=854"}],"version-history":[{"count":1,"href":"https:\/\/hatarok-nelkul.com\/ro\/index.php?rest_route=\/wp\/v2\/posts\/854\/revisions"}],"predecessor-version":[{"id":856,"href":"https:\/\/hatarok-nelkul.com\/ro\/index.php?rest_route=\/wp\/v2\/posts\/854\/revisions\/856"}],"wp:attachment":[{"href":"https:\/\/hatarok-nelkul.com\/ro\/index.php?rest_route=%2Fwp%2Fv2%2Fmedia&parent=854"}],"wp:term":[{"taxonomy":"category","embeddable":true,"href":"https:\/\/hatarok-nelkul.com\/ro\/index.php?rest_route=%2Fwp%2Fv2%2Fcategories&post=854"},{"taxonomy":"post_tag","embeddable":true,"href":"https:\/\/hatarok-nelkul.com\/ro\/index.php?rest_route=%2Fwp%2Fv2%2Ftags&post=854"}],"curies":[{"name":"wp","href":"https:\/\/api.w.org\/{rel}","templated":true}]}}