{"id":864,"date":"2015-03-31T21:40:06","date_gmt":"2015-03-31T18:40:06","guid":{"rendered":"http:\/\/hatarok-nelkul.com\/ro\/?p=864"},"modified":"2015-03-31T21:40:06","modified_gmt":"2015-03-31T18:40:06","slug":"cns-autonomia-nu-este-un-pericol-ci-o-resursa","status":"publish","type":"post","link":"https:\/\/hatarok-nelkul.com\/ro\/?p=864","title":{"rendered":"CNS &#8211; Autonomia nu este un pericol, ci o resurs\u0103"},"content":{"rendered":"<figure id=\"attachment_865\" aria-describedby=\"caption-attachment-865\" style=\"width: 150px\" class=\"wp-caption alignleft\"><a href=\"https:\/\/hatarok-nelkul.com\/ro\/wp-content\/uploads\/2015\/03\/autonomia.jpg\"><img loading=\"lazy\" decoding=\"async\" class=\"size-thumbnail wp-image-865 \" alt=\"Orb\u00e1n Viktor;\" src=\"https:\/\/hatarok-nelkul.com\/ro\/wp-content\/uploads\/2015\/03\/autonomia-150x150.jpg\" width=\"150\" height=\"150\" \/><\/a><figcaption id=\"caption-attachment-865\" class=\"wp-caption-text\">Sursa: www.erdon.ro<\/figcaption><\/figure>\n<p style=\"text-align: justify;\">Consiliul Na\u0163ional Secuiesc (CNS) sus\u0163ine c\u0103 autonomia este o chestiune vital\u0103 pentru \u0162inutul Secuiesc \u015fi pentru comunitatea maghiar\u0103 din Rom\u00e2nia, iar pentru Rom\u00e2nia nu reprezint\u0103 un pericol, ci o resurs\u0103 care este \u00een beneficiu tuturor cet\u0103\u0163enilor \u0163\u0103rii, informeaz\u0103 Agen\u0163ia de Pres\u0103 MTI.<\/p>\n<p style=\"text-align: justify;\">CNS a reac\u0163ionat la sf\u00e2r\u015fitul acestei s\u0103pt\u0103m\u00e2ni, printr-un comunicat, la proiectul de strategie privind ap\u0103rarea ordinii \u015fi siguran\u0163ei publice, elaborat de Ministerul de Intere, care include revendicarea autonomiei pe criterii etnice \u00een <!--more-->capitolul privind sursele de pericol. CNS \u015fi-a exprimat nemul\u0163umirea sa fa\u0163\u0103 de acest proiect \u00een care aspira\u0163iile\u00a0 de autonomie ale \u0162inutului Secuiesc sunt definite drept &#8220;un fenomen penal care reprezint\u0103 un pericol permanent pentru bun\u0103starea \u015fi securitatea cet\u0103\u0163enilor&#8221;. Comunicatul men\u0163ioneaz\u0103 c\u0103 de la \u00eenfiin\u0163area sa, CNS lupt\u0103 exclusiv cu mijloace juridice \u015fi democratice pentru ob\u0163inerea autonomiei \u0162inutului Secuiesc \u015fi dore\u015fte ca aceast\u0103 aspira\u0163ie s\u0103 fie promovat\u0103 printr-o lege organic\u0103, acceptat\u0103 \u015fi de Parlamentul Rom\u00e2niei. CNS a atras aten\u0163ia asupra documentului elaborat de Ministerul rom\u00e2n de Interne, \u00een care\u00a0 rasismul \u015fi xenofobia sunt considerate drept o surs\u0103 de pericol numai dac\u0103 scopul acestora este ob\u0163inerea autonomiei unei regiuni. Potrivit CNS, la capitolul de m\u0103suri al documentului nu sunt prev\u0103zute m\u0103surile \u00eempotriva autonomiei. &#8220;Ceea ce ori se refer\u0103 la faptul c\u0103 scopul \u00eentregului paragraf (privind autonomia) este doar crearea unei atmosfere de instigarea \u00eempotriva minorit\u0103\u0163ilor care solicit\u0103 autonomia, c\u0103 este un proiect de strategie redactat superficial din punct de vedere profesional, ori se refer\u0103 la faptul c\u0103 Guvernul nu \u00ee\u015fi asum\u0103 ferm mijloacele nedemne pentru un stat de drept, dar pe care dore\u015fte s\u0103 le utilizeze&#8221;, constat\u0103 pre\u015fedintele CNS, Bal\u00e1zs Izs\u00e1k. De asemenea, potrivit CNS, faptul c\u0103 un document guvernamental este preocupat de aspira\u0163iile de autonomie, &#8220;arat\u0103 c\u0103 Executivul de la Bucure\u015fti recunoa\u015fte existen\u0163a acestora, \u015fi este preocupat de aceste aspira\u0163ii chiar dac\u0103 reac\u0163iile \u015fi r\u0103spunsurile la provoc\u0103rile sociale ne amintesc de dictatura Ceau\u015fescu&#8221;. &#8220;Consiliul Na\u0163ional Secuiesc declarat de foarte multe ori c\u0103 insist\u0103 pentru realizarea unui dialog pentru \u00eembun\u0103t\u0103\u0163irea rela\u0163iilor rom\u00e2no-maghiare. De asemenea, CNS a afirmat de multe ori c\u0103 este interesat de o solu\u0163ie care s\u0103 asigure o via\u0163\u0103 mai bun\u0103 \u015fi o mai mare securitate at\u00e2t pentru comunitatea maghiar\u0103 din \u0162inutul Secuiesc, c\u00e2t \u015fi pentru \u00eentreaga comunitate care tr\u0103ie\u015fte pe teritoriul \u0162inutului Secuiesc&#8221;, se mai subliniaz\u0103 \u00een comunicatul CNS.<\/p>\n<p style=\"text-align: justify;\">\u00a0Traducerea: P\u00e9terffy T\u00fcnde<\/p>\n","protected":false},"excerpt":{"rendered":"<p>Consiliul Na\u0163ional Secuiesc (CNS) sus\u0163ine c\u0103 autonomia este o chestiune vital\u0103 pentru \u0162inutul Secuiesc \u015fi pentru comunitatea maghiar\u0103 din Rom\u00e2nia, iar pentru Rom\u00e2nia <\/p>\n","protected":false},"author":1,"featured_media":0,"comment_status":"open","ping_status":"open","sticky":false,"template":"","format":"standard","meta":{"footnotes":""},"categories":[1],"tags":[],"class_list":["post-864","post","type-post","status-publish","format-standard","hentry","category-fara-categorie"],"_links":{"self":[{"href":"https:\/\/hatarok-nelkul.com\/ro\/index.php?rest_route=\/wp\/v2\/posts\/864","targetHints":{"allow":["GET"]}}],"collection":[{"href":"https:\/\/hatarok-nelkul.com\/ro\/index.php?rest_route=\/wp\/v2\/posts"}],"about":[{"href":"https:\/\/hatarok-nelkul.com\/ro\/index.php?rest_route=\/wp\/v2\/types\/post"}],"author":[{"embeddable":true,"href":"https:\/\/hatarok-nelkul.com\/ro\/index.php?rest_route=\/wp\/v2\/users\/1"}],"replies":[{"embeddable":true,"href":"https:\/\/hatarok-nelkul.com\/ro\/index.php?rest_route=%2Fwp%2Fv2%2Fcomments&post=864"}],"version-history":[{"count":1,"href":"https:\/\/hatarok-nelkul.com\/ro\/index.php?rest_route=\/wp\/v2\/posts\/864\/revisions"}],"predecessor-version":[{"id":866,"href":"https:\/\/hatarok-nelkul.com\/ro\/index.php?rest_route=\/wp\/v2\/posts\/864\/revisions\/866"}],"wp:attachment":[{"href":"https:\/\/hatarok-nelkul.com\/ro\/index.php?rest_route=%2Fwp%2Fv2%2Fmedia&parent=864"}],"wp:term":[{"taxonomy":"category","embeddable":true,"href":"https:\/\/hatarok-nelkul.com\/ro\/index.php?rest_route=%2Fwp%2Fv2%2Fcategories&post=864"},{"taxonomy":"post_tag","embeddable":true,"href":"https:\/\/hatarok-nelkul.com\/ro\/index.php?rest_route=%2Fwp%2Fv2%2Ftags&post=864"}],"curies":[{"name":"wp","href":"https:\/\/api.w.org\/{rel}","templated":true}]}}